{"id":14927,"date":"2022-04-07T13:38:23","date_gmt":"2022-04-07T11:38:23","guid":{"rendered":"https:\/\/www.pr-neu.de\/newsroom\/?p=14927"},"modified":"2022-04-07T13:38:23","modified_gmt":"2022-04-07T11:38:23","slug":"frank-bublitz-vertriebs-urgestein-geht-in-ruhestand","status":"publish","type":"post","link":"https:\/\/www.pr-neu.de\/newsroom\/frank-bublitz-vertriebs-urgestein-geht-in-ruhestand\/","title":{"rendered":"Frank Bublitz: Vertriebs-Urgestein geht in Ruhestand"},"content":{"rendered":"<p><strong>Nach mehr als 40 Jahren \u201eHanno\u201c geht Frank Bublitz, Vertriebsleiter Industrie, am 1. April 2022 in den Ruhestand. Unter der Gesamtleitung von Markus Fehrmann, langj\u00e4hriger Vertriebsleiter Bau, f\u00fchrt der Laatzener D\u00e4mmspezialist jetzt die beiden Abteilungen zusammen.<\/strong><\/p>\n<p>Im Jahr 1979 startete der damals 22-j\u00e4hrige Frank Bublitz seine Laufbahn als Vertriebssachbearbeiter bei Hanno, schon 1987 \u00fcbernahm er die Leitung des Vertriebs in der Sparte Industrie. Als Urgestein in der Branche hat er den Hanno-Vertrieb ma\u00dfgeblich mitgestaltet und weiterentwickelt. \u201eEin Unternehmenswechsel stand f\u00fcr mich in \u00fcber 40 Jahren nie zur Debatte \u2013 die spannenden Aufgaben und vor allem das gute Betriebsklima haben mich nie \u00fcberlegen lassen\u201c, schw\u00e4rmt Bublitz \u2013 obwohl es nicht immer leicht war: \u201eW\u00e4hrend der Wirtschaftskrise 2008 hatten wir mit starken Umsatzverlusten zu k\u00e4mpfen \u2013 doch sind am Ende gest\u00e4rkt daraus hervorgegangen. Heute ist die Corona-Pandemie mit stark steigenden Rohstoffpreisen herausfordernd\u201c, sagt Bublitz. Auch wenn 43 Jahre in einem Betrieb einen wohl nicht einfach loslassen, freut er sich auf den neuen Lebensabschnitt: \u201eJetzt kann ich den T\u00e4tigkeiten nachgehen, f\u00fcr die nach Feierabend wenig Zeit war. Dazu z\u00e4hlen Sport, Gartenarbeit und die Erweiterung meiner Spanisch-Kenntnisse.\u201c<\/p>\n<p>\u201eWir danken Frank Bublitz f\u00fcr seinen unerm\u00fcdlichen Einsatz und die engagierte Zusammenarbeit. Ohne seinen Mut, seine Ideen und Leidenschaft st\u00fcnden wir mit Hanno heute nicht da, wo wir stehen. Wir w\u00fcnschen ihm nur das Beste f\u00fcr seinen wohlverdienten Ruhestand\u201c, sagt Gesch\u00e4ftsf\u00fchrer G\u00fcnter Krohn zum Abschied.<\/p>\n<p>&nbsp;<\/p>\n<hr \/>\n<p>&nbsp;<\/p>\n<p><a href=\"http:\/\/www.pr-neu.de\/newsroom\/wordpress\/wp-content\/uploads\/2022\/04\/22-02_Bublitz_K.jpg\" target=\"_blank\" rel=\"noopener\"><img loading=\"lazy\" decoding=\"async\" class=\"aligncenter wp-image-14931 size-medium\" src=\"http:\/\/www.pr-neu.de\/newsroom\/wordpress\/wp-content\/uploads\/2022\/04\/22-02_Bublitz_K-200x300.jpg\" alt=\"\" width=\"200\" height=\"300\" srcset=\"https:\/\/www.pr-neu.de\/newsroom\/wordpress\/wp-content\/uploads\/2022\/04\/22-02_Bublitz_K-200x300.jpg 200w, https:\/\/www.pr-neu.de\/newsroom\/wordpress\/wp-content\/uploads\/2022\/04\/22-02_Bublitz_K-683x1024.jpg 683w, https:\/\/www.pr-neu.de\/newsroom\/wordpress\/wp-content\/uploads\/2022\/04\/22-02_Bublitz_K-768x1152.jpg 768w, https:\/\/www.pr-neu.de\/newsroom\/wordpress\/wp-content\/uploads\/2022\/04\/22-02_Bublitz_K-1024x1536.jpg 1024w, https:\/\/www.pr-neu.de\/newsroom\/wordpress\/wp-content\/uploads\/2022\/04\/22-02_Bublitz_K-1365x2048.jpg 1365w, https:\/\/www.pr-neu.de\/newsroom\/wordpress\/wp-content\/uploads\/2022\/04\/22-02_Bublitz_K-73x110.jpg 73w, https:\/\/www.pr-neu.de\/newsroom\/wordpress\/wp-content\/uploads\/2022\/04\/22-02_Bublitz_K-280x420.jpg 280w, https:\/\/www.pr-neu.de\/newsroom\/wordpress\/wp-content\/uploads\/2022\/04\/22-02_Bublitz_K-287x430.jpg 287w, https:\/\/www.pr-neu.de\/newsroom\/wordpress\/wp-content\/uploads\/2022\/04\/22-02_Bublitz_K.jpg 1600w\" sizes=\"auto, (max-width: 200px) 100vw, 200px\" \/><\/a><\/p>\n<p style=\"text-align: center;\">Frank Bublitz (l.), Vertriebsleiter Industrie, geht in den Ruhestand \u2013 hier zu sehen an seinem 40-j\u00e4hrigen Dienstjubil\u00e4um, zu dem ihm Hanno-Gesch\u00e4ftsf\u00fchrer G\u00fcnter Krohn (r.) begl\u00fcckw\u00fcnscht.<\/p>\n<p>&nbsp;<\/p>\n<p><a href=\"http:\/\/www.pr-neu.de\/newsroom\/wordpress\/wp-content\/uploads\/2022\/04\/22-02_Fehrmann_K.jpg\" target=\"_blank\" rel=\"noopener\"><img loading=\"lazy\" decoding=\"async\" class=\"aligncenter wp-image-14932 size-medium\" src=\"http:\/\/www.pr-neu.de\/newsroom\/wordpress\/wp-content\/uploads\/2022\/04\/22-02_Fehrmann_K-241x300.jpg\" alt=\"\" width=\"241\" height=\"300\" srcset=\"https:\/\/www.pr-neu.de\/newsroom\/wordpress\/wp-content\/uploads\/2022\/04\/22-02_Fehrmann_K-241x300.jpg 241w, https:\/\/www.pr-neu.de\/newsroom\/wordpress\/wp-content\/uploads\/2022\/04\/22-02_Fehrmann_K-823x1024.jpg 823w, https:\/\/www.pr-neu.de\/newsroom\/wordpress\/wp-content\/uploads\/2022\/04\/22-02_Fehrmann_K-768x956.jpg 768w, https:\/\/www.pr-neu.de\/newsroom\/wordpress\/wp-content\/uploads\/2022\/04\/22-02_Fehrmann_K-88x110.jpg 88w, https:\/\/www.pr-neu.de\/newsroom\/wordpress\/wp-content\/uploads\/2022\/04\/22-02_Fehrmann_K-337x420.jpg 337w, https:\/\/www.pr-neu.de\/newsroom\/wordpress\/wp-content\/uploads\/2022\/04\/22-02_Fehrmann_K-345x430.jpg 345w, https:\/\/www.pr-neu.de\/newsroom\/wordpress\/wp-content\/uploads\/2022\/04\/22-02_Fehrmann_K.jpg 1226w\" sizes=\"auto, (max-width: 241px) 100vw, 241px\" \/><\/a><\/p>\n<p style=\"text-align: center;\"><!--MBNHE-->Markus Fehrmann leitet ab sofort den neu strukturierten Vertrieb bei Hanno.<\/p>\n<p style=\"text-align: center;\">Bilder: Hanno Werk GmbH &amp; Co. KG<\/p>\n<p>&nbsp;<\/p>\n<hr \/>\n<p>&nbsp;<\/p>\n<p>Abdruck honorarfrei, Belegexemplar erbeten.<\/p>\n","protected":false},"excerpt":{"rendered":"<p>Nach mehr als 40 Jahren \u201eHanno\u201c geht Frank Bublitz, Vertriebsleiter Industrie, am 1. April 2022 in den Ruhestand. Unter der Gesamtleitung von Markus Fehrmann, langj\u00e4hriger Vertriebsleiter Bau, f\u00fchrt der Laatzener D\u00e4mmspezialist jetzt die beiden Abteilungen zusammen. Im Jahr 1979 startete der damals 22-j\u00e4hrige Frank Bublitz seine Laufbahn als Vertriebssachbearbeiter bei Hanno, schon 1987 \u00fcbernahm er [&hellip;]<\/p>\n","protected":false},"author":10,"featured_media":14933,"comment_status":"closed","ping_status":"open","sticky":false,"template":"","format":"standard","meta":{"footnotes":""},"categories":[655],"tags":[],"class_list":["post-14927","post","type-post","status-publish","format-standard","has-post-thumbnail","hentry","category-hanno"],"_links":{"self":[{"href":"https:\/\/www.pr-neu.de\/newsroom\/wp-json\/wp\/v2\/posts\/14927","targetHints":{"allow":["GET"]}}],"collection":[{"href":"https:\/\/www.pr-neu.de\/newsroom\/wp-json\/wp\/v2\/posts"}],"about":[{"href":"https:\/\/www.pr-neu.de\/newsroom\/wp-json\/wp\/v2\/types\/post"}],"author":[{"embeddable":true,"href":"https:\/\/www.pr-neu.de\/newsroom\/wp-json\/wp\/v2\/users\/10"}],"replies":[{"embeddable":true,"href":"https:\/\/www.pr-neu.de\/newsroom\/wp-json\/wp\/v2\/comments?post=14927"}],"version-history":[{"count":3,"href":"https:\/\/www.pr-neu.de\/newsroom\/wp-json\/wp\/v2\/posts\/14927\/revisions"}],"predecessor-version":[{"id":14935,"href":"https:\/\/www.pr-neu.de\/newsroom\/wp-json\/wp\/v2\/posts\/14927\/revisions\/14935"}],"wp:featuredmedia":[{"embeddable":true,"href":"https:\/\/www.pr-neu.de\/newsroom\/wp-json\/wp\/v2\/media\/14933"}],"wp:attachment":[{"href":"https:\/\/www.pr-neu.de\/newsroom\/wp-json\/wp\/v2\/media?parent=14927"}],"wp:term":[{"taxonomy":"category","embeddable":true,"href":"https:\/\/www.pr-neu.de\/newsroom\/wp-json\/wp\/v2\/categories?post=14927"},{"taxonomy":"post_tag","embeddable":true,"href":"https:\/\/www.pr-neu.de\/newsroom\/wp-json\/wp\/v2\/tags?post=14927"}],"curies":[{"name":"wp","href":"https:\/\/api.w.org\/{rel}","templated":true}]}}