{"id":14920,"date":"2022-04-06T09:48:42","date_gmt":"2022-04-06T07:48:42","guid":{"rendered":"https:\/\/www.pr-neu.de\/newsroom\/?p=14920"},"modified":"2022-04-06T09:48:42","modified_gmt":"2022-04-06T07:48:42","slug":"sebs-zeigt-jugendlichen-die-arbeit-mit-wasser","status":"publish","type":"post","link":"https:\/\/www.pr-neu.de\/newsroom\/sebs-zeigt-jugendlichen-die-arbeit-mit-wasser\/","title":{"rendered":"SE|BS zeigt Jugendlichen die Arbeit mit Wasser"},"content":{"rendered":"<p><!--MBNHE--><u>UN-Weltwassertag: T\u00fcr\u00f6ffnertag f\u00fcr Sch\u00fclerinnen und Sch\u00fcler<\/u><\/p>\n<p><!--MBNHE--><\/p>\n<p><strong>\u201eUnser Grundwasser: der unsichtbare Schatz\u201c ist das Motto des diesj\u00e4hrigen Weltwassertags (22. M\u00e4rz). Um zu zeigen, wie die Arbeit mit der wichtigen Ressource in unserer Region aussieht, hat die Stadtentw\u00e4sserung Braunschweig GmbH (SE|BS) gemeinsam mit dem Ingenieurb\u00fcro HGN und unter Mitwirkung des Wasserverbands Mittlere Oker (WVMO), des Leichtwei\u00df-Instituts f\u00fcr Wasserbau der TU Braunschweig (LWI) und des Abwasserverbands Braunschweig (AVB) einen Aktionstag f\u00fcr den achten Jahrgang des Gymnasiums Raabeschule organisiert: 120 Sch\u00fclerinnen und Sch\u00fcler erfuhren an f\u00fcnf Stationen alles rund um das Thema Wasser \u2013 praxisnah von Fachleuten vermittelt.<\/strong><\/p>\n<p>\u00dcber die Geschichte der gro\u00dfen Wehre in der Innenstadt, die aktuelle Sanierung und zur \u00f6kologischen Durchl\u00e4ssigkeit der Oker informierte Claus Wilske (WVMO) die Jugendlichen am Petriwehr. Am Inselwall ging es dann unter die Erde: Die Achtkl\u00e4ssler besichtigten das Hochwasserschutz-Pumpwerk. Die Jugendlichen staunten, wie viel Technik in dem unscheinbaren Geb\u00e4ude verborgen liegt. Mitarbeiter des Kanaldienstes der SE|BS demonstrierten ihre T\u00e4tigkeiten beispielhaft mit einem Spezialfahrzeug. Wie das Abwasser der Stadt gereinigt wird und was alles nicht in die Toilette geh\u00f6rt, erfuhr eine Gruppe im Kl\u00e4rwerk Steinhof des AVB und in der Versuchshalle des Leichtwei\u00df-Instituts f\u00fcr Wasserbau konnten sich die Jugendlichen Modellversuche und Forschungsprojekte anschauen. Das Ingenieurb\u00fcro HGN und der WVMO kl\u00e4rten an der Schunter bei R\u00fchme \u00fcber die aufwendige Renaturierung zum Erhalt der Artenvielfalt von Pflanzen und Tieren auf.<\/p>\n<p><strong>F\u00fcr Berufe in der Wasserbranche sensibilisieren<\/strong><\/p>\n<p>\u201eDa viele wichtige T\u00e4tigkeiten oft im Verborgenen stattfinden, m\u00f6chten wir junge Menschen mit dem Aktionstag f\u00fcr die Ressource Wasser sensibilisieren. Ziel ist es, ihnen die Arbeit verschiedener Berufsgruppen zu zeigen, die sich mit Infrastruktur und Umweltschutz besch\u00e4ftigen\u201c, erkl\u00e4rt Ina Patricia Rieger, Umweltp\u00e4dagogin (SE|BS, \u00d6ffentlichkeitsarbeit). Im Schulalltag bleibt oft nicht viel Zeit f\u00fcr Themen au\u00dferhalb des Lehrplans. Axel Jacobsen, Schulleiter der Raabeschule, res\u00fcmiert: \u201eWir sehen in der Veranstaltung gro\u00dfen Nutzen: Den Sch\u00fclerinnen und Sch\u00fclern wird der bewusste Umgang mit Wasser vermittelt \u2013 nicht nur in der Theorie, sondern auch durch Praxis veranschaulicht. So erleben sie unmittelbar die Auswirkungen.\u201c Kristina Stegemann begleitete das Projekt als Lehrkraft: \u201eAu\u00dferhalb der gewohnten Lernumgebung und im Austausch mit Fachleuten bleiben Inhalte anders im Ged\u00e4chtnis \u2013 und wecken zus\u00e4tzliches Interesse bei den Kindern.\u201c Das zeigt sich auch an deren Reaktionen: Belana Steinbach (13) ist \u00fcberrascht: \u201eIch habe vorher nicht geahnt, dass so viele T\u00e4tigkeiten notwendig sind, damit unser Wasser gesch\u00fctzt wird.\u201c Cheikhmous Othman kann sich sogar vorstellen, einmal einen Beruf rund ums Wasser zu ergreifen, vielleicht als Ingenieur: \u201eDie Arbeit ist sinnvoll \u2013 auch das ist mir sp\u00e4ter einmal wichtig\u201c, meint der 16-J\u00e4hrige.<\/p>\n<p>Die Stadtentw\u00e4sserung Braunschweig GmbH (SE|BS) plant nach dieser guten Erfahrung, den Aktionstag zum Wasser zuk\u00fcnftig gemeinsam mit Partnern j\u00e4hrlich mit einer Braunschweiger Schule durchzuf\u00fchren.<\/p>\n<p>&nbsp;<\/p>\n<hr \/>\n<p>&nbsp;<\/p>\n<p><!--MBNHE--><u>Infokasten:<\/u> <strong>Weltwassertag<\/strong><br \/>\nSeit 1993 ist der 22. M\u00e4rz \u201eWeltwassertag\u201c, eingef\u00fchrt von der UNESCO. Er soll weltweit auf die Themen Trinkwasser und Wasserversorgung aufmerksam machen und die UN-Mitgliedsstaaten anregen, UN-Empfehlungen zum Schutz von Wasserressourcen umzusetzen sowie konkrete Aktionen in ihren L\u00e4ndern zu f\u00f6rdern.<\/p>\n<p>&nbsp;<\/p>\n<hr \/>\n<p>&nbsp;<\/p>\n<p><a href=\"http:\/\/www.pr-neu.de\/newsroom\/wordpress\/wp-content\/uploads\/2022\/04\/22-09_Petriwehr_K.jpg\" target=\"_blank\" rel=\"noopener\"><img loading=\"lazy\" decoding=\"async\" class=\"aligncenter wp-image-14923 size-medium\" src=\"http:\/\/www.pr-neu.de\/newsroom\/wordpress\/wp-content\/uploads\/2022\/04\/22-09_Petriwehr_K-200x300.jpg\" alt=\"\" width=\"200\" height=\"300\" srcset=\"https:\/\/www.pr-neu.de\/newsroom\/wordpress\/wp-content\/uploads\/2022\/04\/22-09_Petriwehr_K-200x300.jpg 200w, https:\/\/www.pr-neu.de\/newsroom\/wordpress\/wp-content\/uploads\/2022\/04\/22-09_Petriwehr_K-683x1024.jpg 683w, https:\/\/www.pr-neu.de\/newsroom\/wordpress\/wp-content\/uploads\/2022\/04\/22-09_Petriwehr_K-768x1152.jpg 768w, https:\/\/www.pr-neu.de\/newsroom\/wordpress\/wp-content\/uploads\/2022\/04\/22-09_Petriwehr_K-1024x1536.jpg 1024w, https:\/\/www.pr-neu.de\/newsroom\/wordpress\/wp-content\/uploads\/2022\/04\/22-09_Petriwehr_K-1365x2048.jpg 1365w, https:\/\/www.pr-neu.de\/newsroom\/wordpress\/wp-content\/uploads\/2022\/04\/22-09_Petriwehr_K-73x110.jpg 73w, https:\/\/www.pr-neu.de\/newsroom\/wordpress\/wp-content\/uploads\/2022\/04\/22-09_Petriwehr_K-280x420.jpg 280w, https:\/\/www.pr-neu.de\/newsroom\/wordpress\/wp-content\/uploads\/2022\/04\/22-09_Petriwehr_K-287x430.jpg 287w, https:\/\/www.pr-neu.de\/newsroom\/wordpress\/wp-content\/uploads\/2022\/04\/22-09_Petriwehr_K.jpg 1600w\" sizes=\"auto, (max-width: 200px) 100vw, 200px\" \/><\/a><\/p>\n<p style=\"text-align: center;\">Am Petriwehr informierte Claus Wilske (WVMO) die Sch\u00fclerinnen und Sch\u00fcler der Raabeschule \u00fcber die Sanierung des Bauwerks und zur \u00f6kologischen Durchg\u00e4ngigkeit der Oker.<br \/>\nBild: Stadtentw\u00e4sserung Braunschweig GmbH (SE|BS)<\/p>\n<p>&nbsp;<\/p>\n<p><a href=\"http:\/\/www.pr-neu.de\/newsroom\/wordpress\/wp-content\/uploads\/2022\/04\/22-09_Pumpwerk_K.jpg\" target=\"_blank\" rel=\"noopener\"><img loading=\"lazy\" decoding=\"async\" class=\"aligncenter wp-image-14924 size-medium\" src=\"http:\/\/www.pr-neu.de\/newsroom\/wordpress\/wp-content\/uploads\/2022\/04\/22-09_Pumpwerk_K-300x300.jpg\" alt=\"\" width=\"300\" height=\"300\" srcset=\"https:\/\/www.pr-neu.de\/newsroom\/wordpress\/wp-content\/uploads\/2022\/04\/22-09_Pumpwerk_K-300x300.jpg 300w, https:\/\/www.pr-neu.de\/newsroom\/wordpress\/wp-content\/uploads\/2022\/04\/22-09_Pumpwerk_K-1024x1024.jpg 1024w, https:\/\/www.pr-neu.de\/newsroom\/wordpress\/wp-content\/uploads\/2022\/04\/22-09_Pumpwerk_K-150x150.jpg 150w, https:\/\/www.pr-neu.de\/newsroom\/wordpress\/wp-content\/uploads\/2022\/04\/22-09_Pumpwerk_K-768x768.jpg 768w, https:\/\/www.pr-neu.de\/newsroom\/wordpress\/wp-content\/uploads\/2022\/04\/22-09_Pumpwerk_K-1536x1536.jpg 1536w, https:\/\/www.pr-neu.de\/newsroom\/wordpress\/wp-content\/uploads\/2022\/04\/22-09_Pumpwerk_K-2048x2048.jpg 2048w, https:\/\/www.pr-neu.de\/newsroom\/wordpress\/wp-content\/uploads\/2022\/04\/22-09_Pumpwerk_K-250x250.jpg 250w, https:\/\/www.pr-neu.de\/newsroom\/wordpress\/wp-content\/uploads\/2022\/04\/22-09_Pumpwerk_K-125x125.jpg 125w, https:\/\/www.pr-neu.de\/newsroom\/wordpress\/wp-content\/uploads\/2022\/04\/22-09_Pumpwerk_K-110x110.jpg 110w, https:\/\/www.pr-neu.de\/newsroom\/wordpress\/wp-content\/uploads\/2022\/04\/22-09_Pumpwerk_K-420x420.jpg 420w, https:\/\/www.pr-neu.de\/newsroom\/wordpress\/wp-content\/uploads\/2022\/04\/22-09_Pumpwerk_K-430x430.jpg 430w\" sizes=\"auto, (max-width: 300px) 100vw, 300px\" \/><\/a><\/p>\n<p style=\"text-align: center;\">Hochwasserschutz in Braunschweig: Von Mitarbeitern der SE|BS erfuhren die Jugendlichen alles \u00fcber die Arbeit im Pumpwerk Inselwall.<br \/>\nBild: Stadtentw\u00e4sserung Braunschweig GmbH (SE|BS)<\/p>\n<p>&nbsp;<\/p>\n<p><a href=\"http:\/\/www.pr-neu.de\/newsroom\/wordpress\/wp-content\/uploads\/2022\/04\/22-09_Kanaldienst_K.jpg\" target=\"_blank\" rel=\"noopener\"><img loading=\"lazy\" decoding=\"async\" class=\"aligncenter wp-image-14921 size-medium\" src=\"http:\/\/www.pr-neu.de\/newsroom\/wordpress\/wp-content\/uploads\/2022\/04\/22-09_Kanaldienst_K-300x200.jpg\" alt=\"\" width=\"300\" height=\"200\" srcset=\"https:\/\/www.pr-neu.de\/newsroom\/wordpress\/wp-content\/uploads\/2022\/04\/22-09_Kanaldienst_K-300x200.jpg 300w, https:\/\/www.pr-neu.de\/newsroom\/wordpress\/wp-content\/uploads\/2022\/04\/22-09_Kanaldienst_K-1024x683.jpg 1024w, https:\/\/www.pr-neu.de\/newsroom\/wordpress\/wp-content\/uploads\/2022\/04\/22-09_Kanaldienst_K-768x512.jpg 768w, https:\/\/www.pr-neu.de\/newsroom\/wordpress\/wp-content\/uploads\/2022\/04\/22-09_Kanaldienst_K-1536x1024.jpg 1536w, https:\/\/www.pr-neu.de\/newsroom\/wordpress\/wp-content\/uploads\/2022\/04\/22-09_Kanaldienst_K-2048x1365.jpg 2048w, https:\/\/www.pr-neu.de\/newsroom\/wordpress\/wp-content\/uploads\/2022\/04\/22-09_Kanaldienst_K-110x73.jpg 110w, https:\/\/www.pr-neu.de\/newsroom\/wordpress\/wp-content\/uploads\/2022\/04\/22-09_Kanaldienst_K-420x280.jpg 420w, https:\/\/www.pr-neu.de\/newsroom\/wordpress\/wp-content\/uploads\/2022\/04\/22-09_Kanaldienst_K-645x430.jpg 645w\" sizes=\"auto, (max-width: 300px) 100vw, 300px\" \/><\/a><\/p>\n<p style=\"text-align: center;\">Der Kanaldienst der SE|BS pflegt rund 1.400 Kilometer Abwasser-Leitungen im Stadtgebiet und h\u00e4lt sie instand.<br \/>\nBild: Stadtentw\u00e4sserung Braunschweig GmbH (SE|BS)<\/p>\n<p>&nbsp;<\/p>\n<p><a href=\"http:\/\/www.pr-neu.de\/newsroom\/wordpress\/wp-content\/uploads\/2022\/04\/22-09_Renaturierung-Schunter_K.jpg\" target=\"_blank\" rel=\"noopener\"><img loading=\"lazy\" decoding=\"async\" class=\"aligncenter wp-image-14925 size-medium\" src=\"http:\/\/www.pr-neu.de\/newsroom\/wordpress\/wp-content\/uploads\/2022\/04\/22-09_Renaturierung-Schunter_K-300x200.jpg\" alt=\"\" width=\"300\" height=\"200\" srcset=\"https:\/\/www.pr-neu.de\/newsroom\/wordpress\/wp-content\/uploads\/2022\/04\/22-09_Renaturierung-Schunter_K-300x200.jpg 300w, https:\/\/www.pr-neu.de\/newsroom\/wordpress\/wp-content\/uploads\/2022\/04\/22-09_Renaturierung-Schunter_K-1024x683.jpg 1024w, https:\/\/www.pr-neu.de\/newsroom\/wordpress\/wp-content\/uploads\/2022\/04\/22-09_Renaturierung-Schunter_K-768x512.jpg 768w, https:\/\/www.pr-neu.de\/newsroom\/wordpress\/wp-content\/uploads\/2022\/04\/22-09_Renaturierung-Schunter_K-1536x1024.jpg 1536w, https:\/\/www.pr-neu.de\/newsroom\/wordpress\/wp-content\/uploads\/2022\/04\/22-09_Renaturierung-Schunter_K-2048x1365.jpg 2048w, https:\/\/www.pr-neu.de\/newsroom\/wordpress\/wp-content\/uploads\/2022\/04\/22-09_Renaturierung-Schunter_K-110x73.jpg 110w, https:\/\/www.pr-neu.de\/newsroom\/wordpress\/wp-content\/uploads\/2022\/04\/22-09_Renaturierung-Schunter_K-420x280.jpg 420w, https:\/\/www.pr-neu.de\/newsroom\/wordpress\/wp-content\/uploads\/2022\/04\/22-09_Renaturierung-Schunter_K-645x430.jpg 645w\" sizes=\"auto, (max-width: 300px) 100vw, 300px\" \/><\/a><\/p>\n<p style=\"text-align: center;\">Wie die Renaturierung der Schunter bei R\u00fchme funktioniert, erkl\u00e4rten Mitarbeiter vom Ingenieurb\u00fcro HGN und dem Wasserverband Mittlere Oker. Nach umfangreichen Arbeiten am Fluss erholen sich hier Flora und Fauna wieder.<br \/>\nBild: Stadtentw\u00e4sserung Braunschweig GmbH (SE|BS)<\/p>\n<p>&nbsp;<\/p>\n<p><a href=\"http:\/\/www.pr-neu.de\/newsroom\/wordpress\/wp-content\/uploads\/2022\/04\/22-09_Leichtweiss-Institut_K.jpg\" target=\"_blank\" rel=\"noopener\"><img loading=\"lazy\" decoding=\"async\" class=\"aligncenter wp-image-14922 size-medium\" src=\"http:\/\/www.pr-neu.de\/newsroom\/wordpress\/wp-content\/uploads\/2022\/04\/22-09_Leichtweiss-Institut_K-300x200.jpg\" alt=\"\" width=\"300\" height=\"200\" srcset=\"https:\/\/www.pr-neu.de\/newsroom\/wordpress\/wp-content\/uploads\/2022\/04\/22-09_Leichtweiss-Institut_K-300x200.jpg 300w, https:\/\/www.pr-neu.de\/newsroom\/wordpress\/wp-content\/uploads\/2022\/04\/22-09_Leichtweiss-Institut_K-1024x683.jpg 1024w, https:\/\/www.pr-neu.de\/newsroom\/wordpress\/wp-content\/uploads\/2022\/04\/22-09_Leichtweiss-Institut_K-768x512.jpg 768w, https:\/\/www.pr-neu.de\/newsroom\/wordpress\/wp-content\/uploads\/2022\/04\/22-09_Leichtweiss-Institut_K-1536x1024.jpg 1536w, https:\/\/www.pr-neu.de\/newsroom\/wordpress\/wp-content\/uploads\/2022\/04\/22-09_Leichtweiss-Institut_K-2048x1365.jpg 2048w, https:\/\/www.pr-neu.de\/newsroom\/wordpress\/wp-content\/uploads\/2022\/04\/22-09_Leichtweiss-Institut_K-110x73.jpg 110w, https:\/\/www.pr-neu.de\/newsroom\/wordpress\/wp-content\/uploads\/2022\/04\/22-09_Leichtweiss-Institut_K-420x280.jpg 420w, https:\/\/www.pr-neu.de\/newsroom\/wordpress\/wp-content\/uploads\/2022\/04\/22-09_Leichtweiss-Institut_K-645x430.jpg 645w\" sizes=\"auto, (max-width: 300px) 100vw, 300px\" \/><\/a><\/p>\n<p style=\"text-align: center;\">Am Leichtwei\u00df-Institut f\u00fcr Wasserbau schauten sich die Jugendlichen Modellversuche und Forschungsprojekte zum Thema Wasserbau an. Hier zu sehen: Ein Modell des Eisenb\u00fctteler Wehrs.<br \/>\nBild: Leichtwei\u00df-Institut f\u00fcr Wasserbau \/ TU Braunschweig<\/p>\n<p>&nbsp;<\/p>\n<hr \/>\n<p>&nbsp;<\/p>\n<p><strong>SE|BS-Pressestelle<\/strong><br \/>\npr neu &#8211; gedacht<\/p>\n<p>Telefon: 05307 80093 \u2013 80<br \/>\nFax: 05307 80093 \u2013 69<br \/>\nE-Mail: &#x69;&#x6e;&#x66;&#x6f;&#x40;&#x70;&#114;&#45;&#110;&#101;u&#46;de<br \/>\nInternet: www.pr-neu.de<\/p>\n","protected":false},"excerpt":{"rendered":"<p>UN-Weltwassertag: T\u00fcr\u00f6ffnertag f\u00fcr Sch\u00fclerinnen und Sch\u00fcler \u201eUnser Grundwasser: der unsichtbare Schatz\u201c ist das Motto des diesj\u00e4hrigen Weltwassertags (22. M\u00e4rz). Um zu zeigen, wie die Arbeit mit der wichtigen Ressource in unserer Region aussieht, hat die Stadtentw\u00e4sserung Braunschweig GmbH (SE|BS) gemeinsam mit dem Ingenieurb\u00fcro HGN und unter Mitwirkung des Wasserverbands Mittlere Oker (WVMO), des Leichtwei\u00df-Instituts f\u00fcr [&hellip;]<\/p>\n","protected":false},"author":9,"featured_media":14921,"comment_status":"closed","ping_status":"open","sticky":false,"template":"","format":"standard","meta":{"footnotes":""},"categories":[1517],"tags":[],"class_list":["post-14920","post","type-post","status-publish","format-standard","has-post-thumbnail","hentry","category-sebs"],"_links":{"self":[{"href":"https:\/\/www.pr-neu.de\/newsroom\/wp-json\/wp\/v2\/posts\/14920","targetHints":{"allow":["GET"]}}],"collection":[{"href":"https:\/\/www.pr-neu.de\/newsroom\/wp-json\/wp\/v2\/posts"}],"about":[{"href":"https:\/\/www.pr-neu.de\/newsroom\/wp-json\/wp\/v2\/types\/post"}],"author":[{"embeddable":true,"href":"https:\/\/www.pr-neu.de\/newsroom\/wp-json\/wp\/v2\/users\/9"}],"replies":[{"embeddable":true,"href":"https:\/\/www.pr-neu.de\/newsroom\/wp-json\/wp\/v2\/comments?post=14920"}],"version-history":[{"count":1,"href":"https:\/\/www.pr-neu.de\/newsroom\/wp-json\/wp\/v2\/posts\/14920\/revisions"}],"predecessor-version":[{"id":14926,"href":"https:\/\/www.pr-neu.de\/newsroom\/wp-json\/wp\/v2\/posts\/14920\/revisions\/14926"}],"wp:featuredmedia":[{"embeddable":true,"href":"https:\/\/www.pr-neu.de\/newsroom\/wp-json\/wp\/v2\/media\/14921"}],"wp:attachment":[{"href":"https:\/\/www.pr-neu.de\/newsroom\/wp-json\/wp\/v2\/media?parent=14920"}],"wp:term":[{"taxonomy":"category","embeddable":true,"href":"https:\/\/www.pr-neu.de\/newsroom\/wp-json\/wp\/v2\/categories?post=14920"},{"taxonomy":"post_tag","embeddable":true,"href":"https:\/\/www.pr-neu.de\/newsroom\/wp-json\/wp\/v2\/tags?post=14920"}],"curies":[{"name":"wp","href":"https:\/\/api.w.org\/{rel}","templated":true}]}}