{"id":14915,"date":"2022-03-29T11:47:04","date_gmt":"2022-03-29T09:47:04","guid":{"rendered":"https:\/\/www.pr-neu.de\/newsroom\/?p=14915"},"modified":"2022-03-29T11:47:04","modified_gmt":"2022-03-29T09:47:04","slug":"suedwest-top-ausbildungsbetrieb-2021","status":"publish","type":"post","link":"https:\/\/www.pr-neu.de\/newsroom\/suedwest-top-ausbildungsbetrieb-2021\/","title":{"rendered":"S\u00fcdwest: Top-Ausbildungsbetrieb 2021"},"content":{"rendered":"<p><u>Erneut von der IHK ausgezeichnet<\/u><\/p>\n<p>Zum zweiten Mal in Folge hat der Lack- und Farbenhersteller S\u00fcdwest (B\u00f6hl-Iggelheim) seine hohe Ausbildungsqualit\u00e4t bewiesen: Mit dem Qualit\u00e4tssiegel \u201eTop Ausbildung\u201c der IHK Pfalz geh\u00f6rt das Unternehmen nachweislich zu den besten Ausbildungsbetrieben in Rheinland-Pfalz. S\u00fcdwest \u00fcberzeugte mit Praxisn\u00e4he, Weiterbildungsangeboten und einer Verg\u00fctung \u00fcber Tarif. Positiv bewertet wurden zudem der wertsch\u00e4tzende Umgang im Betrieb und das hohe Ma\u00df an Eigenverantwortung, das an die Auszubildenden durch eigene Projekte vermittelt wird. S\u00fcdwest Gesch\u00e4ftsf\u00fchrer Hans-J\u00f6rg von Rhade freut sich \u00fcber die Re-Zertifizierung und betont: \u201eWir wollen jungen Menschen \u00fcber die g\u00e4ngigen Ausbildungsinhalte hinaus etwas mitgeben, was im Berufsleben unverzichtbar ist: Engagement, Teamgeist und die Freude am stetigen Weiterlernen. Das Siegel best\u00e4tigt, dass wir f\u00fcr dieses Ziel genau auf dem richtigen Weg sind.\u201c<\/p>\n<p>&nbsp;<\/p>\n<hr \/>\n<p>&nbsp;<\/p>\n<p><a href=\"http:\/\/www.pr-neu.de\/newsroom\/wordpress\/wp-content\/uploads\/2022\/03\/22-09_Suedwest-Azubis_K.jpg\" target=\"_blank\" rel=\"noopener\"><img loading=\"lazy\" decoding=\"async\" class=\"aligncenter wp-image-14917 size-medium\" src=\"http:\/\/www.pr-neu.de\/newsroom\/wordpress\/wp-content\/uploads\/2022\/03\/22-09_Suedwest-Azubis_K-300x200.jpg\" alt=\"\" width=\"300\" height=\"200\" srcset=\"https:\/\/www.pr-neu.de\/newsroom\/wordpress\/wp-content\/uploads\/2022\/03\/22-09_Suedwest-Azubis_K-300x200.jpg 300w, https:\/\/www.pr-neu.de\/newsroom\/wordpress\/wp-content\/uploads\/2022\/03\/22-09_Suedwest-Azubis_K-1024x683.jpg 1024w, https:\/\/www.pr-neu.de\/newsroom\/wordpress\/wp-content\/uploads\/2022\/03\/22-09_Suedwest-Azubis_K-768x512.jpg 768w, https:\/\/www.pr-neu.de\/newsroom\/wordpress\/wp-content\/uploads\/2022\/03\/22-09_Suedwest-Azubis_K-1536x1024.jpg 1536w, https:\/\/www.pr-neu.de\/newsroom\/wordpress\/wp-content\/uploads\/2022\/03\/22-09_Suedwest-Azubis_K-2048x1365.jpg 2048w, https:\/\/www.pr-neu.de\/newsroom\/wordpress\/wp-content\/uploads\/2022\/03\/22-09_Suedwest-Azubis_K-110x73.jpg 110w, https:\/\/www.pr-neu.de\/newsroom\/wordpress\/wp-content\/uploads\/2022\/03\/22-09_Suedwest-Azubis_K-420x280.jpg 420w, https:\/\/www.pr-neu.de\/newsroom\/wordpress\/wp-content\/uploads\/2022\/03\/22-09_Suedwest-Azubis_K-645x430.jpg 645w\" sizes=\"auto, (max-width: 300px) 100vw, 300px\" \/><\/a><\/p>\n<p style=\"text-align: center;\">Top ausgebildeter Nachwuchs: Azubis profitieren von der hohen Lehrqualit\u00e4t bei S\u00fcdwest.<\/p>\n<p>&nbsp;<\/p>\n<p><a href=\"http:\/\/www.pr-neu.de\/newsroom\/wordpress\/wp-content\/uploads\/2022\/03\/22-09_IHK-Auszeichnung_K.jpg\" target=\"_blank\" rel=\"noopener\"><img loading=\"lazy\" decoding=\"async\" class=\"aligncenter wp-image-14916 size-medium\" src=\"http:\/\/www.pr-neu.de\/newsroom\/wordpress\/wp-content\/uploads\/2022\/03\/22-09_IHK-Auszeichnung_K-212x300.jpg\" alt=\"\" width=\"212\" height=\"300\" srcset=\"https:\/\/www.pr-neu.de\/newsroom\/wordpress\/wp-content\/uploads\/2022\/03\/22-09_IHK-Auszeichnung_K-212x300.jpg 212w, https:\/\/www.pr-neu.de\/newsroom\/wordpress\/wp-content\/uploads\/2022\/03\/22-09_IHK-Auszeichnung_K-724x1024.jpg 724w, https:\/\/www.pr-neu.de\/newsroom\/wordpress\/wp-content\/uploads\/2022\/03\/22-09_IHK-Auszeichnung_K-768x1087.jpg 768w, https:\/\/www.pr-neu.de\/newsroom\/wordpress\/wp-content\/uploads\/2022\/03\/22-09_IHK-Auszeichnung_K-1085x1536.jpg 1085w, https:\/\/www.pr-neu.de\/newsroom\/wordpress\/wp-content\/uploads\/2022\/03\/22-09_IHK-Auszeichnung_K-1447x2048.jpg 1447w, https:\/\/www.pr-neu.de\/newsroom\/wordpress\/wp-content\/uploads\/2022\/03\/22-09_IHK-Auszeichnung_K-78x110.jpg 78w, https:\/\/www.pr-neu.de\/newsroom\/wordpress\/wp-content\/uploads\/2022\/03\/22-09_IHK-Auszeichnung_K-297x420.jpg 297w, https:\/\/www.pr-neu.de\/newsroom\/wordpress\/wp-content\/uploads\/2022\/03\/22-09_IHK-Auszeichnung_K-304x430.jpg 304w, https:\/\/www.pr-neu.de\/newsroom\/wordpress\/wp-content\/uploads\/2022\/03\/22-09_IHK-Auszeichnung_K.jpg 1696w\" sizes=\"auto, (max-width: 212px) 100vw, 212px\" \/><\/a><\/p>\n<p style=\"text-align: center;\">Spitzenleistung: Bereits zum zweiten Mal hat S\u00fcdwest das Qualit\u00e4tssiegel \u201eTop Ausbildung\u201c der IHK Pfalz erhalten.<\/p>\n<p style=\"text-align: center;\">Bilder: IHK Pfalz \/ S\u00fcdwest<\/p>\n<p>&nbsp;<\/p>\n<hr \/>\n<p>&nbsp;<\/p>\n<p><strong>\u00dcber S\u00fcdwest Lacke + Farben<\/strong><\/p>\n<p>Die S\u00fcdwest Lacke + Farben GmbH &amp; Co. KG ist ein in der Pfalz beheimateter Hersteller von Lacken und Farben. Sein Produktsortiment reicht von der Bodenbeschichtung \u00fcber Holzschutz bis zur Dachfarbe, von der Innenfarbe \u00fcber Lacke bis zum W\u00e4rmed\u00e4mmverbundsystem (WDVS). Das Unternehmen steht f\u00fcr Produkte von h\u00f6chster Qualit\u00e4t, Funktionalit\u00e4t und Umweltvertr\u00e4glichkeit im Profi-Segment und z\u00e4hlt zu den f\u00fchrenden mittelst\u00e4ndischen Lackherstellern in Deutschland und Zentraleuropa.<\/p>\n<p>&nbsp;<\/p>\n<hr \/>\n<p>&nbsp;<\/p>\n<p>Abdruck honorarfrei, Belegexemplar erbeten.<\/p>\n","protected":false},"excerpt":{"rendered":"<p>Erneut von der IHK ausgezeichnet Zum zweiten Mal in Folge hat der Lack- und Farbenhersteller S\u00fcdwest (B\u00f6hl-Iggelheim) seine hohe Ausbildungsqualit\u00e4t bewiesen: Mit dem Qualit\u00e4tssiegel \u201eTop Ausbildung\u201c der IHK Pfalz geh\u00f6rt das Unternehmen nachweislich zu den besten Ausbildungsbetrieben in Rheinland-Pfalz. S\u00fcdwest \u00fcberzeugte mit Praxisn\u00e4he, Weiterbildungsangeboten und einer Verg\u00fctung \u00fcber Tarif. Positiv bewertet wurden zudem der wertsch\u00e4tzende [&hellip;]<\/p>\n","protected":false},"author":9,"featured_media":14917,"comment_status":"closed","ping_status":"open","sticky":false,"template":"","format":"standard","meta":{"footnotes":""},"categories":[17],"tags":[],"class_list":["post-14915","post","type-post","status-publish","format-standard","has-post-thumbnail","hentry","category-sudwest"],"_links":{"self":[{"href":"https:\/\/www.pr-neu.de\/newsroom\/wp-json\/wp\/v2\/posts\/14915","targetHints":{"allow":["GET"]}}],"collection":[{"href":"https:\/\/www.pr-neu.de\/newsroom\/wp-json\/wp\/v2\/posts"}],"about":[{"href":"https:\/\/www.pr-neu.de\/newsroom\/wp-json\/wp\/v2\/types\/post"}],"author":[{"embeddable":true,"href":"https:\/\/www.pr-neu.de\/newsroom\/wp-json\/wp\/v2\/users\/9"}],"replies":[{"embeddable":true,"href":"https:\/\/www.pr-neu.de\/newsroom\/wp-json\/wp\/v2\/comments?post=14915"}],"version-history":[{"count":1,"href":"https:\/\/www.pr-neu.de\/newsroom\/wp-json\/wp\/v2\/posts\/14915\/revisions"}],"predecessor-version":[{"id":14918,"href":"https:\/\/www.pr-neu.de\/newsroom\/wp-json\/wp\/v2\/posts\/14915\/revisions\/14918"}],"wp:featuredmedia":[{"embeddable":true,"href":"https:\/\/www.pr-neu.de\/newsroom\/wp-json\/wp\/v2\/media\/14917"}],"wp:attachment":[{"href":"https:\/\/www.pr-neu.de\/newsroom\/wp-json\/wp\/v2\/media?parent=14915"}],"wp:term":[{"taxonomy":"category","embeddable":true,"href":"https:\/\/www.pr-neu.de\/newsroom\/wp-json\/wp\/v2\/categories?post=14915"},{"taxonomy":"post_tag","embeddable":true,"href":"https:\/\/www.pr-neu.de\/newsroom\/wp-json\/wp\/v2\/tags?post=14915"}],"curies":[{"name":"wp","href":"https:\/\/api.w.org\/{rel}","templated":true}]}}