{"id":14912,"date":"2022-03-29T08:46:07","date_gmt":"2022-03-29T06:46:07","guid":{"rendered":"https:\/\/www.pr-neu.de\/newsroom\/?p=14912"},"modified":"2022-03-28T10:04:37","modified_gmt":"2022-03-28T08:04:37","slug":"flachdach-dachschiebefenster-und-trendfarben","status":"publish","type":"post","link":"https:\/\/www.pr-neu.de\/newsroom\/flachdach-dachschiebefenster-und-trendfarben\/","title":{"rendered":"Flachdach, Dachschiebefenster und Trendfarben"},"content":{"rendered":"<p><u>Produktinnovationen auf einen Blick: Neue Prospekte von TS-Aluminium<\/u><\/p>\n<p><strong>In drei neuen Endkunden-Prospekten pr\u00e4sentiert TS-Aluminium sein Programm an Flachd\u00e4chern, Dachschiebefenstern und aktuellen Trendfarben. Damit unterst\u00fctzt der Profilgeber Verarbeiter und Planer in Pr\u00e4sentation, Beratung und Verkauf von Terrassend\u00e4chern, Sommer- und Winterg\u00e4rten.<\/strong><\/p>\n<p>Das Prospekt \u201eFlachd\u00e4cher\u201c zeigt ma\u00dfgeschneiderte Dachformen in ihrer individuellen Umsetzung. Spezifische Produktvorteile finden sich ebenso wie verschiedene M\u00f6glichkeiten, um ein Terrassendach zu einem Sommergarten zu erweitern. Wie sich ein Hitzestau effizient und einfach abl\u00fcften l\u00e4sst, veranschaulicht das Prospekt \u201eDachschiebefenster\u201c kompakt auf sechs Seiten. F\u00fcr die individuelle Gestaltung sorgen zw\u00f6lf aktuelle Trendfarben \u2013 \u00fcbersichtlich im Farben-Prospekt pr\u00e4sentiert.<\/p>\n<p>Die Prospekte gibt es kostenlos als Download:<br \/>\nwww.ts-alu.de\/servicebereich\/prospekte-fuer-endkunden.html<\/p>\n<p>&nbsp;<\/p>\n<hr \/>\n<p>&nbsp;<\/p>\n<p><a href=\"http:\/\/www.pr-neu.de\/newsroom\/wordpress\/wp-content\/uploads\/2022\/03\/21-19_Prospekte_K.jpg\" target=\"_blank\" rel=\"noopener\"><img loading=\"lazy\" decoding=\"async\" class=\"aligncenter wp-image-14913 size-medium\" src=\"http:\/\/www.pr-neu.de\/newsroom\/wordpress\/wp-content\/uploads\/2022\/03\/21-19_Prospekte_K-300x202.jpg\" alt=\"\" width=\"300\" height=\"202\" srcset=\"https:\/\/www.pr-neu.de\/newsroom\/wordpress\/wp-content\/uploads\/2022\/03\/21-19_Prospekte_K-300x202.jpg 300w, https:\/\/www.pr-neu.de\/newsroom\/wordpress\/wp-content\/uploads\/2022\/03\/21-19_Prospekte_K-1024x688.jpg 1024w, https:\/\/www.pr-neu.de\/newsroom\/wordpress\/wp-content\/uploads\/2022\/03\/21-19_Prospekte_K-768x516.jpg 768w, https:\/\/www.pr-neu.de\/newsroom\/wordpress\/wp-content\/uploads\/2022\/03\/21-19_Prospekte_K-1536x1032.jpg 1536w, https:\/\/www.pr-neu.de\/newsroom\/wordpress\/wp-content\/uploads\/2022\/03\/21-19_Prospekte_K-2048x1376.jpg 2048w, https:\/\/www.pr-neu.de\/newsroom\/wordpress\/wp-content\/uploads\/2022\/03\/21-19_Prospekte_K-110x74.jpg 110w, https:\/\/www.pr-neu.de\/newsroom\/wordpress\/wp-content\/uploads\/2022\/03\/21-19_Prospekte_K-420x282.jpg 420w, https:\/\/www.pr-neu.de\/newsroom\/wordpress\/wp-content\/uploads\/2022\/03\/21-19_Prospekte_K-640x430.jpg 640w\" sizes=\"auto, (max-width: 300px) 100vw, 300px\" \/><\/a><\/p>\n<p style=\"text-align: center;\">Drei neue Prospekte informieren \u00fcber Flachd\u00e4cher, Dachschiebefenster und das breite Farbspektrum von TS-Aluminium.<\/p>\n<p style=\"text-align: center;\">Bild: TS-Aluminium-Profilsysteme GmbH &amp; Co. KG<\/p>\n<p>&nbsp;<\/p>\n<hr \/>\n<p>&nbsp;<\/p>\n<p>Abdruck honorarfrei, Belegexemplar erbeten.<\/p>\n","protected":false},"excerpt":{"rendered":"<p>Produktinnovationen auf einen Blick: Neue Prospekte von TS-Aluminium In drei neuen Endkunden-Prospekten pr\u00e4sentiert TS-Aluminium sein Programm an Flachd\u00e4chern, Dachschiebefenstern und aktuellen Trendfarben. Damit unterst\u00fctzt der Profilgeber Verarbeiter und Planer in Pr\u00e4sentation, Beratung und Verkauf von Terrassend\u00e4chern, Sommer- und Winterg\u00e4rten. Das Prospekt \u201eFlachd\u00e4cher\u201c zeigt ma\u00dfgeschneiderte Dachformen in ihrer individuellen Umsetzung. Spezifische Produktvorteile finden sich ebenso wie [&hellip;]<\/p>\n","protected":false},"author":10,"featured_media":14913,"comment_status":"closed","ping_status":"open","sticky":false,"template":"","format":"standard","meta":{"footnotes":""},"categories":[1761],"tags":[],"class_list":["post-14912","post","type-post","status-publish","format-standard","has-post-thumbnail","hentry","category-ts-aluminium"],"_links":{"self":[{"href":"https:\/\/www.pr-neu.de\/newsroom\/wp-json\/wp\/v2\/posts\/14912","targetHints":{"allow":["GET"]}}],"collection":[{"href":"https:\/\/www.pr-neu.de\/newsroom\/wp-json\/wp\/v2\/posts"}],"about":[{"href":"https:\/\/www.pr-neu.de\/newsroom\/wp-json\/wp\/v2\/types\/post"}],"author":[{"embeddable":true,"href":"https:\/\/www.pr-neu.de\/newsroom\/wp-json\/wp\/v2\/users\/10"}],"replies":[{"embeddable":true,"href":"https:\/\/www.pr-neu.de\/newsroom\/wp-json\/wp\/v2\/comments?post=14912"}],"version-history":[{"count":1,"href":"https:\/\/www.pr-neu.de\/newsroom\/wp-json\/wp\/v2\/posts\/14912\/revisions"}],"predecessor-version":[{"id":14914,"href":"https:\/\/www.pr-neu.de\/newsroom\/wp-json\/wp\/v2\/posts\/14912\/revisions\/14914"}],"wp:featuredmedia":[{"embeddable":true,"href":"https:\/\/www.pr-neu.de\/newsroom\/wp-json\/wp\/v2\/media\/14913"}],"wp:attachment":[{"href":"https:\/\/www.pr-neu.de\/newsroom\/wp-json\/wp\/v2\/media?parent=14912"}],"wp:term":[{"taxonomy":"category","embeddable":true,"href":"https:\/\/www.pr-neu.de\/newsroom\/wp-json\/wp\/v2\/categories?post=14912"},{"taxonomy":"post_tag","embeddable":true,"href":"https:\/\/www.pr-neu.de\/newsroom\/wp-json\/wp\/v2\/tags?post=14912"}],"curies":[{"name":"wp","href":"https:\/\/api.w.org\/{rel}","templated":true}]}}