{"id":14904,"date":"2022-03-23T09:14:10","date_gmt":"2022-03-23T08:14:10","guid":{"rendered":"https:\/\/www.pr-neu.de\/newsroom\/?p=14904"},"modified":"2022-03-22T15:04:42","modified_gmt":"2022-03-22T14:04:42","slug":"fassadenschutz-in-metallicoptik","status":"publish","type":"post","link":"https:\/\/www.pr-neu.de\/newsroom\/fassadenschutz-in-metallicoptik\/","title":{"rendered":"Fassadenschutz in Metallicoptik"},"content":{"rendered":"<p><!--MBNHE--><u>StoColor Dryonic M: Bionische Fassadenfarbe mit Metalliceffekt<\/u><\/p>\n<p><!--MBNHE-->Fassade mit Metalliceffekt: \u201eStoColor Dryonic M\u201c (Metallic) er\u00f6ffnet jetzt ein zus\u00e4tzliches Farbspektrum \u2013 als bionische Farbe mit besonders hohem Witterungsschutz und schneller R\u00fccktrocknung nach Regen, Nebel und Tau. Sie enth\u00e4lt neben besonders stabilen Farbpigmenten zus\u00e4tzliche Metallicpigmente, wodurch sich mit Bronze-, Silber-, Gold- oder Kupfert\u00f6nen einzigartige Fassaden gestalten lassen. Das erweitert die Gestaltungspalette f\u00fcr den Wohnungsbau und auch f\u00fcr besonders \u00e4sthetische Objekte im Nicht-Wohnbau: Produktionsgeb\u00e4ude und Lagerhallen mit Blechfassaden erhalten mit StoColor Dryonic M \u2013 ob Neubau oder Sanierung \u2013 einen sch\u00fctzenden und glitzernden Anstrich. Wie die gesamte \u201eDryonic\u201c-Serie bietet die Fassadenfarbe h\u00f6chste Farbtonstabilit\u00e4t und lange Renovierungszyklen. Sie kann auf nahezu allen bau\u00fcblichen Untergr\u00fcnden appliziert werden, auf Trapezblech und \u00e4hnlichem auch rationell mit dem Airless-Ger\u00e4t. Die Dryonic-Farben sch\u00fctzen Oberfl\u00e4chen vor Witterung, halten sie langfristig trocken und Mikroorganismen davon fern \u2013 ohne biozide Wirkstoffe. Durch das bionische Wirkprinzip trocknen Fassaden nach Regen, Nebel- und Taubildung sehr schnell und sind so umweltschonend und langfristig vor Algen- und Pilzbefall gesch\u00fctzt. Weitere Infos: stocolordryonic.de<\/p>\n<p>&nbsp;<\/p>\n<hr \/>\n<p>&nbsp;<\/p>\n<p><a href=\"http:\/\/www.pr-neu.de\/newsroom\/wordpress\/wp-content\/uploads\/2022\/03\/22-04_DryonicM_Fassade_K.jpg\" target=\"_blank\" rel=\"noopener\"><img loading=\"lazy\" decoding=\"async\" class=\"aligncenter wp-image-14906 size-medium\" src=\"http:\/\/www.pr-neu.de\/newsroom\/wordpress\/wp-content\/uploads\/2022\/03\/22-04_DryonicM_Fassade_K-300x242.jpg\" alt=\"\" width=\"300\" height=\"242\" srcset=\"https:\/\/www.pr-neu.de\/newsroom\/wordpress\/wp-content\/uploads\/2022\/03\/22-04_DryonicM_Fassade_K-300x242.jpg 300w, https:\/\/www.pr-neu.de\/newsroom\/wordpress\/wp-content\/uploads\/2022\/03\/22-04_DryonicM_Fassade_K-1024x824.jpg 1024w, https:\/\/www.pr-neu.de\/newsroom\/wordpress\/wp-content\/uploads\/2022\/03\/22-04_DryonicM_Fassade_K-768x618.jpg 768w, https:\/\/www.pr-neu.de\/newsroom\/wordpress\/wp-content\/uploads\/2022\/03\/22-04_DryonicM_Fassade_K-1536x1236.jpg 1536w, https:\/\/www.pr-neu.de\/newsroom\/wordpress\/wp-content\/uploads\/2022\/03\/22-04_DryonicM_Fassade_K-2048x1649.jpg 2048w, https:\/\/www.pr-neu.de\/newsroom\/wordpress\/wp-content\/uploads\/2022\/03\/22-04_DryonicM_Fassade_K-110x89.jpg 110w, https:\/\/www.pr-neu.de\/newsroom\/wordpress\/wp-content\/uploads\/2022\/03\/22-04_DryonicM_Fassade_K-420x338.jpg 420w, https:\/\/www.pr-neu.de\/newsroom\/wordpress\/wp-content\/uploads\/2022\/03\/22-04_DryonicM_Fassade_K-534x430.jpg 534w\" sizes=\"auto, (max-width: 300px) 100vw, 300px\" \/><\/a><\/p>\n<p style=\"text-align: center;\">Attraktiv, langlebig, witterungsbest\u00e4ndig. Mit StoColor Dryonic M entstehen Fassaden im Metallic-Look \u2013 und den Eigenschaften der bionischen Farbe: Feuchtigkeit l\u00e4uft sofort ab, die Oberfl\u00e4che ist schnell trocken und sauber.<\/p>\n<p style=\"text-align: center;\">Foto: Sto SE &amp; Co. KGaA<\/p>\n<p>&nbsp;<\/p>\n<p><a href=\"http:\/\/www.pr-neu.de\/newsroom\/wordpress\/wp-content\/uploads\/2022\/03\/22-04_DryonicM_Applikation_K.jpg\" target=\"_blank\" rel=\"noopener\"><img loading=\"lazy\" decoding=\"async\" class=\"aligncenter wp-image-14905 size-medium\" src=\"http:\/\/www.pr-neu.de\/newsroom\/wordpress\/wp-content\/uploads\/2022\/03\/22-04_DryonicM_Applikation_K-300x217.jpg\" alt=\"\" width=\"300\" height=\"217\" srcset=\"https:\/\/www.pr-neu.de\/newsroom\/wordpress\/wp-content\/uploads\/2022\/03\/22-04_DryonicM_Applikation_K-300x217.jpg 300w, https:\/\/www.pr-neu.de\/newsroom\/wordpress\/wp-content\/uploads\/2022\/03\/22-04_DryonicM_Applikation_K-1024x740.jpg 1024w, https:\/\/www.pr-neu.de\/newsroom\/wordpress\/wp-content\/uploads\/2022\/03\/22-04_DryonicM_Applikation_K-768x555.jpg 768w, https:\/\/www.pr-neu.de\/newsroom\/wordpress\/wp-content\/uploads\/2022\/03\/22-04_DryonicM_Applikation_K-1536x1110.jpg 1536w, https:\/\/www.pr-neu.de\/newsroom\/wordpress\/wp-content\/uploads\/2022\/03\/22-04_DryonicM_Applikation_K-2048x1480.jpg 2048w, https:\/\/www.pr-neu.de\/newsroom\/wordpress\/wp-content\/uploads\/2022\/03\/22-04_DryonicM_Applikation_K-110x79.jpg 110w, https:\/\/www.pr-neu.de\/newsroom\/wordpress\/wp-content\/uploads\/2022\/03\/22-04_DryonicM_Applikation_K-420x303.jpg 420w, https:\/\/www.pr-neu.de\/newsroom\/wordpress\/wp-content\/uploads\/2022\/03\/22-04_DryonicM_Applikation_K-595x430.jpg 595w\" sizes=\"auto, (max-width: 300px) 100vw, 300px\" \/><\/a><\/p>\n<p style=\"text-align: center;\">Effizient: Auf Trapezblech l\u00e4sst sich StoColor Dryonic M ratinell im Airless-Spritzverfahren applizieren.<\/p>\n<p style=\"text-align: center;\">Foto: Sto SE &amp; Co. KGaA<\/p>\n<p>&nbsp;<\/p>\n<hr \/>\n<p>&nbsp;<\/p>\n<p>Abdruck honorarfrei, Belegexemplar erbeten.<\/p>\n","protected":false},"excerpt":{"rendered":"<p>StoColor Dryonic M: Bionische Fassadenfarbe mit Metalliceffekt Fassade mit Metalliceffekt: \u201eStoColor Dryonic M\u201c (Metallic) er\u00f6ffnet jetzt ein zus\u00e4tzliches Farbspektrum \u2013 als bionische Farbe mit besonders hohem Witterungsschutz und schneller R\u00fccktrocknung nach Regen, Nebel und Tau. Sie enth\u00e4lt neben besonders stabilen Farbpigmenten zus\u00e4tzliche Metallicpigmente, wodurch sich mit Bronze-, Silber-, Gold- oder Kupfert\u00f6nen einzigartige Fassaden gestalten lassen. [&hellip;]<\/p>\n","protected":false},"author":9,"featured_media":14906,"comment_status":"closed","ping_status":"open","sticky":false,"template":"","format":"standard","meta":{"footnotes":""},"categories":[15],"tags":[],"class_list":["post-14904","post","type-post","status-publish","format-standard","has-post-thumbnail","hentry","category-sto"],"_links":{"self":[{"href":"https:\/\/www.pr-neu.de\/newsroom\/wp-json\/wp\/v2\/posts\/14904","targetHints":{"allow":["GET"]}}],"collection":[{"href":"https:\/\/www.pr-neu.de\/newsroom\/wp-json\/wp\/v2\/posts"}],"about":[{"href":"https:\/\/www.pr-neu.de\/newsroom\/wp-json\/wp\/v2\/types\/post"}],"author":[{"embeddable":true,"href":"https:\/\/www.pr-neu.de\/newsroom\/wp-json\/wp\/v2\/users\/9"}],"replies":[{"embeddable":true,"href":"https:\/\/www.pr-neu.de\/newsroom\/wp-json\/wp\/v2\/comments?post=14904"}],"version-history":[{"count":2,"href":"https:\/\/www.pr-neu.de\/newsroom\/wp-json\/wp\/v2\/posts\/14904\/revisions"}],"predecessor-version":[{"id":14908,"href":"https:\/\/www.pr-neu.de\/newsroom\/wp-json\/wp\/v2\/posts\/14904\/revisions\/14908"}],"wp:featuredmedia":[{"embeddable":true,"href":"https:\/\/www.pr-neu.de\/newsroom\/wp-json\/wp\/v2\/media\/14906"}],"wp:attachment":[{"href":"https:\/\/www.pr-neu.de\/newsroom\/wp-json\/wp\/v2\/media?parent=14904"}],"wp:term":[{"taxonomy":"category","embeddable":true,"href":"https:\/\/www.pr-neu.de\/newsroom\/wp-json\/wp\/v2\/categories?post=14904"},{"taxonomy":"post_tag","embeddable":true,"href":"https:\/\/www.pr-neu.de\/newsroom\/wp-json\/wp\/v2\/tags?post=14904"}],"curies":[{"name":"wp","href":"https:\/\/api.w.org\/{rel}","templated":true}]}}