{"id":14899,"date":"2022-03-22T10:19:21","date_gmt":"2022-03-22T09:19:21","guid":{"rendered":"https:\/\/www.pr-neu.de\/newsroom\/?p=14899"},"modified":"2022-03-22T10:19:21","modified_gmt":"2022-03-22T09:19:21","slug":"weiss-ist-weiss-all-deck-sortiment-mit-neuem-hochglanz-weisslack","status":"publish","type":"post","link":"https:\/\/www.pr-neu.de\/newsroom\/weiss-ist-weiss-all-deck-sortiment-mit-neuem-hochglanz-weisslack\/","title":{"rendered":"Wei\u00df ist wei\u00df: All-Deck-Sortiment mit neuem Hochglanz-Wei\u00dflack"},"content":{"rendered":"<p><u>S\u00fcdwest: Innovationen 2022<\/u><\/p>\n<p>S\u00fcdwest hat sein umfangreiches Profi-Lackprogramm weiterentwickelt und stellt jetzt das verbesserte All-Deck-Sortiment mit wei\u00dfen Lacken und einem Vorlack vor. Neu formuliert: der neue \u201eAll-Deck Wei\u00dflack Hochglanz\u201c \u2013 mit exzellentem Deckverm\u00f6gen f\u00fcr brillante Oberfl\u00e4chen ohne Gelb- oder Rotstich, f\u00fcr innen und au\u00dfen. Gegen\u00fcber dem Vorg\u00e4nger ist der Wei\u00dfgrad durch Einsatz einer neuen, bereits zum Patent angemeldeten Technologie noch einmal gestiegen. Der Alkydharzlack zeichnet sich durch guten Verlauf aus, l\u00e4sst sich mit Pinsel, Walze oder Airless-Ger\u00e4t einfach applizieren und ist extrem strapazierf\u00e4hig. Zusammen mit dem ebenso verbesserten All-Deck Vorlack als Grundierung und dem All-Deck Wei\u00dflack Satin f\u00fcr seidenmatte Fl\u00e4chen gibt es so f\u00fcr nahezu jeden Untergrund einen dauerhaften und widerstandsf\u00e4higen wei\u00dfen Lack.<\/p>\n<p>&nbsp;<\/p>\n<hr \/>\n<p>&nbsp;<\/p>\n<p><a href=\"http:\/\/www.pr-neu.de\/newsroom\/wordpress\/wp-content\/uploads\/2022\/03\/22-10-All-Deck_Lack_K.jpg\" target=\"_blank\" rel=\"noopener\"><img loading=\"lazy\" decoding=\"async\" class=\"wp-image-14900 size-medium aligncenter\" src=\"http:\/\/www.pr-neu.de\/newsroom\/wordpress\/wp-content\/uploads\/2022\/03\/22-10-All-Deck_Lack_K-280x300.jpg\" alt=\"\" width=\"280\" height=\"300\" srcset=\"https:\/\/www.pr-neu.de\/newsroom\/wordpress\/wp-content\/uploads\/2022\/03\/22-10-All-Deck_Lack_K-280x300.jpg 280w, https:\/\/www.pr-neu.de\/newsroom\/wordpress\/wp-content\/uploads\/2022\/03\/22-10-All-Deck_Lack_K-957x1024.jpg 957w, https:\/\/www.pr-neu.de\/newsroom\/wordpress\/wp-content\/uploads\/2022\/03\/22-10-All-Deck_Lack_K-768x822.jpg 768w, https:\/\/www.pr-neu.de\/newsroom\/wordpress\/wp-content\/uploads\/2022\/03\/22-10-All-Deck_Lack_K-1435x1536.jpg 1435w, https:\/\/www.pr-neu.de\/newsroom\/wordpress\/wp-content\/uploads\/2022\/03\/22-10-All-Deck_Lack_K-1913x2048.jpg 1913w, https:\/\/www.pr-neu.de\/newsroom\/wordpress\/wp-content\/uploads\/2022\/03\/22-10-All-Deck_Lack_K-103x110.jpg 103w, https:\/\/www.pr-neu.de\/newsroom\/wordpress\/wp-content\/uploads\/2022\/03\/22-10-All-Deck_Lack_K-392x420.jpg 392w, https:\/\/www.pr-neu.de\/newsroom\/wordpress\/wp-content\/uploads\/2022\/03\/22-10-All-Deck_Lack_K-402x430.jpg 402w\" sizes=\"auto, (max-width: 280px) 100vw, 280px\" \/><\/a><\/p>\n<p style=\"text-align: center;\">Toller Verlauf, ob Pinsel oder Rolle, verbesserter Wei\u00dfgrad und hohe Deckkraft: der neue All-Deck Wei\u00dflack Hochglanz \u00fcberzeugt technisch und optisch.<\/p>\n<p style=\"text-align: center;\">Bild: istock \/ S\u00fcdwest<\/p>\n<p>&nbsp;<\/p>\n<hr \/>\n<p>&nbsp;<\/p>\n<p><strong>\u00dcber S\u00fcdwest Lacke + Farben<\/strong><\/p>\n<p>Die S\u00fcdwest Lacke + Farben GmbH &amp; Co. KG ist ein in der Pfalz beheimateter Hersteller von Lacken und Farben. Sein Produktsortiment reicht von der Bodenbeschichtung \u00fcber Holzschutz bis zur Dachfarbe, von der Innenfarbe \u00fcber Lacke bis zum W\u00e4rmed\u00e4mmverbundsystem (WDVS). Das Unternehmen steht f\u00fcr Produkte von h\u00f6chster Qualit\u00e4t, Funktionalit\u00e4t und Umweltvertr\u00e4glichkeit im Profi-Segment und z\u00e4hlt zu den f\u00fchrenden mittelst\u00e4ndischen Lackherstellern in Deutschland und Zentraleuropa.<\/p>\n<p>&nbsp;<\/p>\n<hr \/>\n<p>&nbsp;<\/p>\n<p>Abdruck honorarfrei, Belegexemplar erbeten.<\/p>\n","protected":false},"excerpt":{"rendered":"<p>S\u00fcdwest: Innovationen 2022 S\u00fcdwest hat sein umfangreiches Profi-Lackprogramm weiterentwickelt und stellt jetzt das verbesserte All-Deck-Sortiment mit wei\u00dfen Lacken und einem Vorlack vor. Neu formuliert: der neue \u201eAll-Deck Wei\u00dflack Hochglanz\u201c \u2013 mit exzellentem Deckverm\u00f6gen f\u00fcr brillante Oberfl\u00e4chen ohne Gelb- oder Rotstich, f\u00fcr innen und au\u00dfen. Gegen\u00fcber dem Vorg\u00e4nger ist der Wei\u00dfgrad durch Einsatz einer neuen, bereits [&hellip;]<\/p>\n","protected":false},"author":9,"featured_media":14901,"comment_status":"closed","ping_status":"open","sticky":false,"template":"","format":"standard","meta":{"footnotes":""},"categories":[17],"tags":[],"class_list":["post-14899","post","type-post","status-publish","format-standard","has-post-thumbnail","hentry","category-sudwest"],"_links":{"self":[{"href":"https:\/\/www.pr-neu.de\/newsroom\/wp-json\/wp\/v2\/posts\/14899","targetHints":{"allow":["GET"]}}],"collection":[{"href":"https:\/\/www.pr-neu.de\/newsroom\/wp-json\/wp\/v2\/posts"}],"about":[{"href":"https:\/\/www.pr-neu.de\/newsroom\/wp-json\/wp\/v2\/types\/post"}],"author":[{"embeddable":true,"href":"https:\/\/www.pr-neu.de\/newsroom\/wp-json\/wp\/v2\/users\/9"}],"replies":[{"embeddable":true,"href":"https:\/\/www.pr-neu.de\/newsroom\/wp-json\/wp\/v2\/comments?post=14899"}],"version-history":[{"count":2,"href":"https:\/\/www.pr-neu.de\/newsroom\/wp-json\/wp\/v2\/posts\/14899\/revisions"}],"predecessor-version":[{"id":14903,"href":"https:\/\/www.pr-neu.de\/newsroom\/wp-json\/wp\/v2\/posts\/14899\/revisions\/14903"}],"wp:featuredmedia":[{"embeddable":true,"href":"https:\/\/www.pr-neu.de\/newsroom\/wp-json\/wp\/v2\/media\/14901"}],"wp:attachment":[{"href":"https:\/\/www.pr-neu.de\/newsroom\/wp-json\/wp\/v2\/media?parent=14899"}],"wp:term":[{"taxonomy":"category","embeddable":true,"href":"https:\/\/www.pr-neu.de\/newsroom\/wp-json\/wp\/v2\/categories?post=14899"},{"taxonomy":"post_tag","embeddable":true,"href":"https:\/\/www.pr-neu.de\/newsroom\/wp-json\/wp\/v2\/tags?post=14899"}],"curies":[{"name":"wp","href":"https:\/\/api.w.org\/{rel}","templated":true}]}}