{"id":14897,"date":"2022-03-18T12:05:58","date_gmt":"2022-03-18T11:05:58","guid":{"rendered":"https:\/\/www.pr-neu.de\/newsroom\/?p=14897"},"modified":"2022-03-18T12:05:58","modified_gmt":"2022-03-18T11:05:58","slug":"wiesental-wieder-frei-ab-anfang-april","status":"publish","type":"post","link":"https:\/\/www.pr-neu.de\/newsroom\/wiesental-wieder-frei-ab-anfang-april\/","title":{"rendered":"Wiesental: Wieder frei ab Anfang April"},"content":{"rendered":"<p><strong>Braunschweig, 18. M\u00e4rz 2022<\/strong>. Oker-Hochwasser hat den Abschluss der Kanalsanierung entlang der Stra\u00dfe Wiesental verz\u00f6gert: Durch die \u00dcberflutung war der Stra\u00dfenbau in den vergangenen Wochen nicht m\u00f6glich. Diese Bauarbeiten laufen nun ab dem 21. M\u00e4rz weiter. Die Sperrung zwischen Schwedenkanzel (K 25 \/ Ortseingang Veltenhof) und Celler Heerstra\u00dfe bleibt somit voraussichtlich bis zur ersten Aprilwoche (4. bis 8. April) bestehen, in dieser Zeit bleibt die Umleitung eingerichtet.<\/p>\n<p>F\u00fcr die Einschr\u00e4nkungen bittet die Stadtentw\u00e4sserung Braunschweig GmbH um Verst\u00e4ndnis.<\/p>\n<p>&nbsp;<\/p>\n<hr \/>\n<p>&nbsp;<\/p>\n<p><strong>SE|BS-Pressestelle<\/strong><br \/>\npr neu &#8211; gedacht<\/p>\n<p>Telefon: 05307 80093 \u2013 80<br \/>\nFax: 05307 80093 \u2013 69<br \/>\nE-Mail: &#x69;&#x6e;&#x66;&#x6f;&#x40;&#x70;&#x72;&#45;&#110;&#101;&#117;&#46;de<br \/>\nInternet: www.pr-neu.de<\/p>\n","protected":false},"excerpt":{"rendered":"<p>Braunschweig, 18. M\u00e4rz 2022. Oker-Hochwasser hat den Abschluss der Kanalsanierung entlang der Stra\u00dfe Wiesental verz\u00f6gert: Durch die \u00dcberflutung war der Stra\u00dfenbau in den vergangenen Wochen nicht m\u00f6glich. Diese Bauarbeiten laufen nun ab dem 21. M\u00e4rz weiter. Die Sperrung zwischen Schwedenkanzel (K 25 \/ Ortseingang Veltenhof) und Celler Heerstra\u00dfe bleibt somit voraussichtlich bis zur ersten Aprilwoche [&hellip;]<\/p>\n","protected":false},"author":9,"featured_media":8697,"comment_status":"closed","ping_status":"open","sticky":false,"template":"","format":"standard","meta":{"footnotes":""},"categories":[1517],"tags":[1589,1557,1799,1595,1563,1789,1601,1599,1593,1797],"class_list":["post-14897","post","type-post","status-publish","format-standard","has-post-thumbnail","hentry","category-sebs","tag-abwasser","tag-braunschweig","tag-kanalarbeiten","tag-kanalisation","tag-se-bs","tag-sperrung","tag-stadtentwaesserung","tag-umleitung","tag-verkehr","tag-wiesental-strasse"],"_links":{"self":[{"href":"https:\/\/www.pr-neu.de\/newsroom\/wp-json\/wp\/v2\/posts\/14897","targetHints":{"allow":["GET"]}}],"collection":[{"href":"https:\/\/www.pr-neu.de\/newsroom\/wp-json\/wp\/v2\/posts"}],"about":[{"href":"https:\/\/www.pr-neu.de\/newsroom\/wp-json\/wp\/v2\/types\/post"}],"author":[{"embeddable":true,"href":"https:\/\/www.pr-neu.de\/newsroom\/wp-json\/wp\/v2\/users\/9"}],"replies":[{"embeddable":true,"href":"https:\/\/www.pr-neu.de\/newsroom\/wp-json\/wp\/v2\/comments?post=14897"}],"version-history":[{"count":1,"href":"https:\/\/www.pr-neu.de\/newsroom\/wp-json\/wp\/v2\/posts\/14897\/revisions"}],"predecessor-version":[{"id":14898,"href":"https:\/\/www.pr-neu.de\/newsroom\/wp-json\/wp\/v2\/posts\/14897\/revisions\/14898"}],"wp:featuredmedia":[{"embeddable":true,"href":"https:\/\/www.pr-neu.de\/newsroom\/wp-json\/wp\/v2\/media\/8697"}],"wp:attachment":[{"href":"https:\/\/www.pr-neu.de\/newsroom\/wp-json\/wp\/v2\/media?parent=14897"}],"wp:term":[{"taxonomy":"category","embeddable":true,"href":"https:\/\/www.pr-neu.de\/newsroom\/wp-json\/wp\/v2\/categories?post=14897"},{"taxonomy":"post_tag","embeddable":true,"href":"https:\/\/www.pr-neu.de\/newsroom\/wp-json\/wp\/v2\/tags?post=14897"}],"curies":[{"name":"wp","href":"https:\/\/api.w.org\/{rel}","templated":true}]}}