{"id":14891,"date":"2022-03-17T15:28:24","date_gmt":"2022-03-17T14:28:24","guid":{"rendered":"https:\/\/www.pr-neu.de\/newsroom\/?p=14891"},"modified":"2022-03-17T15:28:50","modified_gmt":"2022-03-17T14:28:50","slug":"gut-informiert-ist-halb-montiert","status":"publish","type":"post","link":"https:\/\/www.pr-neu.de\/newsroom\/gut-informiert-ist-halb-montiert\/","title":{"rendered":"Gut informiert ist halb montiert"},"content":{"rendered":"<p><u>Praxisn\u00e4he statt blo\u00dfer Theorie: Webinare von TS-Aluminium<\/u><\/p>\n<p>Als Partner des Handwerks teilt TS-Aluminium regelm\u00e4\u00dfig sein Fachwissen mit Verarbeitern, Planern und Monteuren. So auch im Mai 2022: Acht Online-Seminare informieren praxisnah und beispielhaft \u00fcber Themen rund um den fachgerechten Sommergarten-, Wintergarten- und Terrassendachbau.<\/p>\n<p>Ein Highlight ist das TS-Webinar Lamellendach: Hier pr\u00e4sentiert der f\u00fchrende Profil-Hersteller sein neues Dachsystem. Kompaktes Wissen \u00fcber Statik, Bauanschl\u00fcsse und sichere Befestigungstechniken vermitteln weitere Online-Seminare. Exemplarisch erkl\u00e4rt ein Webinar, wie Schneelast exakt ermittelt werden kann, ein anderes informiert \u00fcber die Produkt-Updates bei TS-Aluminium.<\/p>\n<p>Anmeldung unter ts-alu.de\/servicebereich\/seminare.<\/p>\n<p>&nbsp;<\/p>\n<hr \/>\n<p>&nbsp;<\/p>\n<p><strong><u>Webinar-Termine:<\/u><\/strong><\/p>\n<p><strong>NEU: Das Lamellendach<\/strong><br \/>\nDienstag, 03.05.2022, 15:00 bis 16:00 Uhr<br \/>\nDonnerstag, 05.05.2022, 15:00 bis 16:00 Uhr<\/p>\n<p><strong>Referent: Rainer Trauernicht<\/strong><br \/>\nSchneelastermittlung im Wintergarten- und Terrassendachbau<br \/>\nMittwoch, 04.05.2022, 14:00 bis 14:30 Uhr<br \/>\nReferent: Martin K\u00f6tter<\/p>\n<p><strong>Statik im Wintergarten- und Terrassendachbau, Teil 1: Grundlagen<\/strong><br \/>\nMittwoch, 04.05.2022, 15:00 bis 15:30 Uhr<br \/>\nReferent: Rainer Trauernicht<\/p>\n<p><strong>Statik im Wintergarten- und Terrassendachbau, Teil 2: Anwendung<\/strong><br \/>\nMittwoch, 04.05.2022, 16:00 bis 16:30 Uhr<br \/>\nReferent: Martin K\u00f6tter<\/p>\n<p><strong>Befestigungstechnik im Wintergarten- und Terrassendachbau<\/strong><br \/>\nDonnerstag, 19.05.2022, 14:00 bis 14:30 Uhr<br \/>\nReferent: Martin K\u00f6tter<\/p>\n<p><strong>Bauanschl\u00fcsse im Wintergarten- und Terrassendachbau<\/strong><br \/>\nDonnerstag, 19.05.2022, 15:00 bis 15:30 Uhr<br \/>\nReferent: Martin K\u00f6tter<\/p>\n<p><strong>Produkt-Update<\/strong><br \/>\nDonnerstag, 19.05.2022, 16:00 bis 16:30 Uhr<br \/>\nReferent: Rainer Trauernicht<\/p>\n<p>&nbsp;<\/p>\n<hr \/>\n<p>&nbsp;<\/p>\n<p><a href=\"http:\/\/www.pr-neu.de\/newsroom\/wordpress\/wp-content\/uploads\/2022\/03\/22-13_Rainer-Trauernicht_G-scaled.jpg\" target=\"_blank\" rel=\"noopener\"><img loading=\"lazy\" decoding=\"async\" class=\"aligncenter wp-image-14892 size-medium\" src=\"http:\/\/www.pr-neu.de\/newsroom\/wordpress\/wp-content\/uploads\/2022\/03\/22-13_Rainer-Trauernicht_G-300x215.jpg\" alt=\"\" width=\"300\" height=\"215\" srcset=\"https:\/\/www.pr-neu.de\/newsroom\/wordpress\/wp-content\/uploads\/2022\/03\/22-13_Rainer-Trauernicht_G-300x215.jpg 300w, https:\/\/www.pr-neu.de\/newsroom\/wordpress\/wp-content\/uploads\/2022\/03\/22-13_Rainer-Trauernicht_G-1024x735.jpg 1024w, https:\/\/www.pr-neu.de\/newsroom\/wordpress\/wp-content\/uploads\/2022\/03\/22-13_Rainer-Trauernicht_G-768x551.jpg 768w, https:\/\/www.pr-neu.de\/newsroom\/wordpress\/wp-content\/uploads\/2022\/03\/22-13_Rainer-Trauernicht_G-1536x1102.jpg 1536w, https:\/\/www.pr-neu.de\/newsroom\/wordpress\/wp-content\/uploads\/2022\/03\/22-13_Rainer-Trauernicht_G-2048x1470.jpg 2048w, https:\/\/www.pr-neu.de\/newsroom\/wordpress\/wp-content\/uploads\/2022\/03\/22-13_Rainer-Trauernicht_G-110x79.jpg 110w, https:\/\/www.pr-neu.de\/newsroom\/wordpress\/wp-content\/uploads\/2022\/03\/22-13_Rainer-Trauernicht_G-420x301.jpg 420w, https:\/\/www.pr-neu.de\/newsroom\/wordpress\/wp-content\/uploads\/2022\/03\/22-13_Rainer-Trauernicht_G-599x430.jpg 599w\" sizes=\"auto, (max-width: 300px) 100vw, 300px\" \/><\/a><\/p>\n<p style=\"text-align: center;\">Rainer Trauernicht, Gesch\u00e4ftsf\u00fchrer von TS-Aluminium.<br \/>\nBild: TS-Aluminium-Profilsysteme GmbH &amp; Co. KG<\/p>\n<p>&nbsp;<\/p>\n<p><a href=\"http:\/\/www.pr-neu.de\/newsroom\/wordpress\/wp-content\/uploads\/2022\/03\/22-13_Martin-Koetter_G-scaled.jpg\" target=\"_blank\" rel=\"noopener\"><img loading=\"lazy\" decoding=\"async\" class=\"aligncenter wp-image-14893 size-medium\" src=\"http:\/\/www.pr-neu.de\/newsroom\/wordpress\/wp-content\/uploads\/2022\/03\/22-13_Martin-Koetter_G-300x200.jpg\" alt=\"\" width=\"300\" height=\"200\" srcset=\"https:\/\/www.pr-neu.de\/newsroom\/wordpress\/wp-content\/uploads\/2022\/03\/22-13_Martin-Koetter_G-300x200.jpg 300w, https:\/\/www.pr-neu.de\/newsroom\/wordpress\/wp-content\/uploads\/2022\/03\/22-13_Martin-Koetter_G-1024x683.jpg 1024w, https:\/\/www.pr-neu.de\/newsroom\/wordpress\/wp-content\/uploads\/2022\/03\/22-13_Martin-Koetter_G-768x512.jpg 768w, https:\/\/www.pr-neu.de\/newsroom\/wordpress\/wp-content\/uploads\/2022\/03\/22-13_Martin-Koetter_G-1536x1024.jpg 1536w, https:\/\/www.pr-neu.de\/newsroom\/wordpress\/wp-content\/uploads\/2022\/03\/22-13_Martin-Koetter_G-2048x1365.jpg 2048w, https:\/\/www.pr-neu.de\/newsroom\/wordpress\/wp-content\/uploads\/2022\/03\/22-13_Martin-Koetter_G-110x73.jpg 110w, https:\/\/www.pr-neu.de\/newsroom\/wordpress\/wp-content\/uploads\/2022\/03\/22-13_Martin-Koetter_G-420x280.jpg 420w, https:\/\/www.pr-neu.de\/newsroom\/wordpress\/wp-content\/uploads\/2022\/03\/22-13_Martin-Koetter_G-645x430.jpg 645w\" sizes=\"auto, (max-width: 300px) 100vw, 300px\" \/><\/a><\/p>\n<p style=\"text-align: center;\">Martin K\u00f6tter, Vertriebsmitarbeiter bei TS-Aluminium.<br \/>\nBild: TS-Aluminium-Profilsysteme GmbH &amp; Co. KG<\/p>\n<p>&nbsp;<\/p>\n<hr \/>\n<p>&nbsp;<\/p>\n<p>Abdruck honorarfrei, Belegexemplar erbeten.<\/p>\n","protected":false},"excerpt":{"rendered":"<p>Praxisn\u00e4he statt blo\u00dfer Theorie: Webinare von TS-Aluminium Als Partner des Handwerks teilt TS-Aluminium regelm\u00e4\u00dfig sein Fachwissen mit Verarbeitern, Planern und Monteuren. So auch im Mai 2022: Acht Online-Seminare informieren praxisnah und beispielhaft \u00fcber Themen rund um den fachgerechten Sommergarten-, Wintergarten- und Terrassendachbau. Ein Highlight ist das TS-Webinar Lamellendach: Hier pr\u00e4sentiert der f\u00fchrende Profil-Hersteller sein neues [&hellip;]<\/p>\n","protected":false},"author":8,"featured_media":14892,"comment_status":"closed","ping_status":"open","sticky":false,"template":"","format":"standard","meta":{"footnotes":""},"categories":[1761],"tags":[1795,461,1793,606,1639,641],"class_list":["post-14891","post","type-post","status-publish","format-standard","has-post-thumbnail","hentry","category-ts-aluminium","tag-fachwissen-knowhow","tag-seminar","tag-ts-aluminium","tag-verarbeiter","tag-webinar","tag-workshop"],"_links":{"self":[{"href":"https:\/\/www.pr-neu.de\/newsroom\/wp-json\/wp\/v2\/posts\/14891","targetHints":{"allow":["GET"]}}],"collection":[{"href":"https:\/\/www.pr-neu.de\/newsroom\/wp-json\/wp\/v2\/posts"}],"about":[{"href":"https:\/\/www.pr-neu.de\/newsroom\/wp-json\/wp\/v2\/types\/post"}],"author":[{"embeddable":true,"href":"https:\/\/www.pr-neu.de\/newsroom\/wp-json\/wp\/v2\/users\/8"}],"replies":[{"embeddable":true,"href":"https:\/\/www.pr-neu.de\/newsroom\/wp-json\/wp\/v2\/comments?post=14891"}],"version-history":[{"count":2,"href":"https:\/\/www.pr-neu.de\/newsroom\/wp-json\/wp\/v2\/posts\/14891\/revisions"}],"predecessor-version":[{"id":14895,"href":"https:\/\/www.pr-neu.de\/newsroom\/wp-json\/wp\/v2\/posts\/14891\/revisions\/14895"}],"wp:featuredmedia":[{"embeddable":true,"href":"https:\/\/www.pr-neu.de\/newsroom\/wp-json\/wp\/v2\/media\/14892"}],"wp:attachment":[{"href":"https:\/\/www.pr-neu.de\/newsroom\/wp-json\/wp\/v2\/media?parent=14891"}],"wp:term":[{"taxonomy":"category","embeddable":true,"href":"https:\/\/www.pr-neu.de\/newsroom\/wp-json\/wp\/v2\/categories?post=14891"},{"taxonomy":"post_tag","embeddable":true,"href":"https:\/\/www.pr-neu.de\/newsroom\/wp-json\/wp\/v2\/tags?post=14891"}],"curies":[{"name":"wp","href":"https:\/\/api.w.org\/{rel}","templated":true}]}}