{"id":14885,"date":"2022-03-17T10:57:07","date_gmt":"2022-03-17T09:57:07","guid":{"rendered":"https:\/\/www.pr-neu.de\/newsroom\/?p=14885"},"modified":"2022-03-17T10:57:07","modified_gmt":"2022-03-17T09:57:07","slug":"smart-geplant-einfach-montiert","status":"publish","type":"post","link":"https:\/\/www.pr-neu.de\/newsroom\/smart-geplant-einfach-montiert\/","title":{"rendered":"Smart geplant, einfach montiert"},"content":{"rendered":"<p><!--MBNHE--><u>Neu: Ma\u00dfgeschneiderter ift-Montageplaner auf Hanno.com<\/u><\/p>\n<p><strong>Einfach, schnell, normkonform: Ab sofort bietet Hanno den ift-Montageplaner in einer ma\u00dfgeschneiderten Version kostenfrei auf Hanno.com an. Mit wenigen Klicks planen Verarbeiter, Planer und Monteure die Fenstermontage und finden direkt die passende gepr\u00fcfte Abdichtungsl\u00f6sung. Ein Montagepass dokumentiert und bescheinigt die fachgerechte Planung mit zertifizierten Hanno-Produkten und dient als professioneller Nachweis f\u00fcr Auftraggeber.<\/strong><\/p>\n<p>Hanno stellt sich den Herausforderungen von Verarbeitern, Planern und Monteuren \u2013 auch digital: Nun erleichtert und beschleunigt der ift-Montageplaner in spezifischer Hanno-Version die fachgerechte bauphysikalische Planung des Wandanschlusses von Fenstern. Damit bietet der Dicht- und D\u00e4mmspezialist Anwendern ein ma\u00dfgeschneidertes Planungs-Tool, das ohne theoretisches Fachwissen genutzt werden kann. Basierend auf den eingegeben Bauanforderungen (Wandaufbau\/-material, Fenstermaterial\/-profil, Abdichtungs-\/Befestigungssystem und Auswahl der Abmessungen) empfiehlt der intelligente Konfigurator Nutzern die geeignete Abdichtungsl\u00f6sung nach ift-Standards. In der kostenfreien Software stehen ausschlie\u00dflich gepr\u00fcfte und zertifizierte Hanno-Produkte zur Wahl, die sinnvoll kombinierbar und aktuell verf\u00fcgbar sind \u2013 das bietet Verarbeitern und Planern Sicherheit.<\/p>\n<p><strong>ift-Montagepass: Ausf\u00fchrliche Dokumentation<\/strong><\/p>\n<p>Das Online-Tool erm\u00f6glicht statische und w\u00e4rmetechnische Berechnungen des geplanten Bauk\u00f6rperanschlusses und ermittelt nach Standort-Eingabe automatisch die Windlast. Monteure profitieren, indem die gesamte Konfiguration nach jeder Eingabe \u00fcberpr\u00fcft wird \u2013 das minimiert Fehlerquellen in der Planung. Die Berechnungsergebnisse sind im ift-Montagepass enthalten: Dieser steht bequem als PDF-Datei zum Download bereit und bescheinigt die fachgerechte Planung der Fenstermontage, die ift-Zertifizierung der verwendeten Produkte und dass sowohl der Mindestw\u00e4rmeschutz als auch ausreichend Sicherheit bez\u00fcglich Tauwasser- und Schimmelpilzbildung gegeben ist. So steht Nutzern die gesamte Planung als ausf\u00fchrliche Dokumentation zur Verf\u00fcgung \u2013 inklusive des detaillierten Isothermenverlaufs und der Skizzen zum Bauk\u00f6rperanschluss. Zus\u00e4tzlich bietet der Pass praktische Hinweise zur Verarbeitung sowie Informationen zu den verwendeten Hanno-Produkten.<\/p>\n<p>Die Hanno-Version des ift-Montageplaners ist nach Registrierung ohne Umwege kostenfrei nutzbar unter: hanno.com\/service\/kundenbereich.<\/p>\n<p>&nbsp;<\/p>\n<hr \/>\n<p>&nbsp;<\/p>\n<p><img loading=\"lazy\" decoding=\"async\" class=\"aligncenter wp-image-14886 size-medium\" src=\"http:\/\/www.pr-neu.de\/newsroom\/wordpress\/wp-content\/uploads\/2022\/03\/22-05_ift-Montageplaner_01_K-300x200.jpg\" alt=\"\" width=\"300\" height=\"200\" srcset=\"https:\/\/www.pr-neu.de\/newsroom\/wordpress\/wp-content\/uploads\/2022\/03\/22-05_ift-Montageplaner_01_K-300x200.jpg 300w, https:\/\/www.pr-neu.de\/newsroom\/wordpress\/wp-content\/uploads\/2022\/03\/22-05_ift-Montageplaner_01_K-1024x683.jpg 1024w, https:\/\/www.pr-neu.de\/newsroom\/wordpress\/wp-content\/uploads\/2022\/03\/22-05_ift-Montageplaner_01_K-768x512.jpg 768w, https:\/\/www.pr-neu.de\/newsroom\/wordpress\/wp-content\/uploads\/2022\/03\/22-05_ift-Montageplaner_01_K-1536x1024.jpg 1536w, https:\/\/www.pr-neu.de\/newsroom\/wordpress\/wp-content\/uploads\/2022\/03\/22-05_ift-Montageplaner_01_K-2048x1365.jpg 2048w, https:\/\/www.pr-neu.de\/newsroom\/wordpress\/wp-content\/uploads\/2022\/03\/22-05_ift-Montageplaner_01_K-110x73.jpg 110w, https:\/\/www.pr-neu.de\/newsroom\/wordpress\/wp-content\/uploads\/2022\/03\/22-05_ift-Montageplaner_01_K-420x280.jpg 420w, https:\/\/www.pr-neu.de\/newsroom\/wordpress\/wp-content\/uploads\/2022\/03\/22-05_ift-Montageplaner_01_K-645x430.jpg 645w\" sizes=\"auto, (max-width: 300px) 100vw, 300px\" \/><\/p>\n<p style=\"text-align: center;\">Mit dem ift-Montageplaner bietet Hanno Verarbeitern, Planern und Monteuren ein digitales Tool zur fachgerechten Fenstermontage. Anwender erhalten ein Dokument, mit dem sie ihren Auftraggebern die fachgerechte Planung belegen k\u00f6nnen.<\/p>\n<p style=\"text-align: center;\">Bild: iStock \/ Hanno Werk GmbH &amp; Co. KG<\/p>\n<p>&nbsp;<\/p>\n<p><img loading=\"lazy\" decoding=\"async\" class=\"aligncenter wp-image-14887 size-medium\" src=\"http:\/\/www.pr-neu.de\/newsroom\/wordpress\/wp-content\/uploads\/2022\/03\/22-05_ift-Montageplaner_02_K-300x183.jpg\" alt=\"\" width=\"300\" height=\"183\" srcset=\"https:\/\/www.pr-neu.de\/newsroom\/wordpress\/wp-content\/uploads\/2022\/03\/22-05_ift-Montageplaner_02_K-300x183.jpg 300w, https:\/\/www.pr-neu.de\/newsroom\/wordpress\/wp-content\/uploads\/2022\/03\/22-05_ift-Montageplaner_02_K-1024x625.jpg 1024w, https:\/\/www.pr-neu.de\/newsroom\/wordpress\/wp-content\/uploads\/2022\/03\/22-05_ift-Montageplaner_02_K-768x469.jpg 768w, https:\/\/www.pr-neu.de\/newsroom\/wordpress\/wp-content\/uploads\/2022\/03\/22-05_ift-Montageplaner_02_K-1536x938.jpg 1536w, https:\/\/www.pr-neu.de\/newsroom\/wordpress\/wp-content\/uploads\/2022\/03\/22-05_ift-Montageplaner_02_K-2048x1251.jpg 2048w, https:\/\/www.pr-neu.de\/newsroom\/wordpress\/wp-content\/uploads\/2022\/03\/22-05_ift-Montageplaner_02_K-110x67.jpg 110w, https:\/\/www.pr-neu.de\/newsroom\/wordpress\/wp-content\/uploads\/2022\/03\/22-05_ift-Montageplaner_02_K-420x257.jpg 420w, https:\/\/www.pr-neu.de\/newsroom\/wordpress\/wp-content\/uploads\/2022\/03\/22-05_ift-Montageplaner_02_K-704x430.jpg 704w\" sizes=\"auto, (max-width: 300px) 100vw, 300px\" \/><\/p>\n<p style=\"text-align: center;\">Der Montageplaner erfasst die Planung im Detail, zur Auswahl stehen kompatible und geeignete Hanno-Produkte.<\/p>\n<p style=\"text-align: center;\">Bild: Hanno Werk GmbH &amp; Co. KG<\/p>\n<p>&nbsp;<\/p>\n<hr \/>\n<p>&nbsp;<\/p>\n<p>Abdruck honorarfrei, Belegexemplar erbeten.<\/p>\n","protected":false},"excerpt":{"rendered":"<p>Neu: Ma\u00dfgeschneiderter ift-Montageplaner auf Hanno.com Einfach, schnell, normkonform: Ab sofort bietet Hanno den ift-Montageplaner in einer ma\u00dfgeschneiderten Version kostenfrei auf Hanno.com an. Mit wenigen Klicks planen Verarbeiter, Planer und Monteure die Fenstermontage und finden direkt die passende gepr\u00fcfte Abdichtungsl\u00f6sung. Ein Montagepass dokumentiert und bescheinigt die fachgerechte Planung mit zertifizierten Hanno-Produkten und dient als professioneller Nachweis [&hellip;]<\/p>\n","protected":false},"author":10,"featured_media":14886,"comment_status":"closed","ping_status":"open","sticky":false,"template":"","format":"standard","meta":{"footnotes":""},"categories":[655],"tags":[],"class_list":["post-14885","post","type-post","status-publish","format-standard","has-post-thumbnail","hentry","category-hanno"],"_links":{"self":[{"href":"https:\/\/www.pr-neu.de\/newsroom\/wp-json\/wp\/v2\/posts\/14885","targetHints":{"allow":["GET"]}}],"collection":[{"href":"https:\/\/www.pr-neu.de\/newsroom\/wp-json\/wp\/v2\/posts"}],"about":[{"href":"https:\/\/www.pr-neu.de\/newsroom\/wp-json\/wp\/v2\/types\/post"}],"author":[{"embeddable":true,"href":"https:\/\/www.pr-neu.de\/newsroom\/wp-json\/wp\/v2\/users\/10"}],"replies":[{"embeddable":true,"href":"https:\/\/www.pr-neu.de\/newsroom\/wp-json\/wp\/v2\/comments?post=14885"}],"version-history":[{"count":2,"href":"https:\/\/www.pr-neu.de\/newsroom\/wp-json\/wp\/v2\/posts\/14885\/revisions"}],"predecessor-version":[{"id":14889,"href":"https:\/\/www.pr-neu.de\/newsroom\/wp-json\/wp\/v2\/posts\/14885\/revisions\/14889"}],"wp:featuredmedia":[{"embeddable":true,"href":"https:\/\/www.pr-neu.de\/newsroom\/wp-json\/wp\/v2\/media\/14886"}],"wp:attachment":[{"href":"https:\/\/www.pr-neu.de\/newsroom\/wp-json\/wp\/v2\/media?parent=14885"}],"wp:term":[{"taxonomy":"category","embeddable":true,"href":"https:\/\/www.pr-neu.de\/newsroom\/wp-json\/wp\/v2\/categories?post=14885"},{"taxonomy":"post_tag","embeddable":true,"href":"https:\/\/www.pr-neu.de\/newsroom\/wp-json\/wp\/v2\/tags?post=14885"}],"curies":[{"name":"wp","href":"https:\/\/api.w.org\/{rel}","templated":true}]}}