{"id":14880,"date":"2022-03-23T08:34:14","date_gmt":"2022-03-23T07:34:14","guid":{"rendered":"https:\/\/www.pr-neu.de\/newsroom\/?p=14880"},"modified":"2022-03-23T14:45:02","modified_gmt":"2022-03-23T13:45:02","slug":"ein-neues-umweltproblem-wenn-e-scooter-baden-gehen","status":"publish","type":"post","link":"https:\/\/www.pr-neu.de\/newsroom\/ein-neues-umweltproblem-wenn-e-scooter-baden-gehen\/","title":{"rendered":"Ein neues Umweltproblem: Wenn E-Scooter baden gehen"},"content":{"rendered":"<p><!--MBNHE--><strong><u>Stadtputztag 2022 am 25.\/26. M\u00e4rz<\/u><\/strong><\/p>\n<p><!--MBNHE--><strong><u>Braunschweig, 23.\u00a0M\u00e4rz 2022.<\/u><\/strong> Elektroroller sind l\u00e4ngst auch in Braunschweig Teil des Stadtbilds. Anl\u00e4sslich des Stadtputztages \u2013 den die Stadtentw\u00e4sserung Braunschweig GmbH (SE|BS) seit Jahren als Sponsor unterst\u00fctzt \u2013, m\u00f6chte das Unternehmen auf ein neues Problem aufmerksam machen: E-Scooter in der Oker und anderen Flie\u00dfgew\u00e4ssern gef\u00e4hrden unsere Umwelt. \u201cBatterien und Akkus geh\u00f6ren nicht in den Hausm\u00fcll und schon gar nicht in Gew\u00e4sser. Durch undichte Akkus drohen fatale Umweltsch\u00e4den\u201d, sagt J\u00f6rg Walther, Leiter des Gew\u00e4sserdienstes der SE|BS. Damit die Giftstoffe aus den Batterien nicht in den Wasserkreislauf geraten, bergen die Spezialisten die Roller aus B\u00e4chen und Fl\u00fcssen \u2013 nicht nur am Stadtputztag.<\/p>\n<p>&nbsp;<\/p>\n<hr \/>\n<p>&nbsp;<\/p>\n<p><img loading=\"lazy\" decoding=\"async\" class=\"aligncenter wp-image-14881 size-medium\" src=\"http:\/\/www.pr-neu.de\/newsroom\/wordpress\/wp-content\/uploads\/2022\/03\/22_08_EScooter_G-245x300.jpg\" alt=\"\" width=\"245\" height=\"300\" srcset=\"https:\/\/www.pr-neu.de\/newsroom\/wordpress\/wp-content\/uploads\/2022\/03\/22_08_EScooter_G-245x300.jpg 245w, https:\/\/www.pr-neu.de\/newsroom\/wordpress\/wp-content\/uploads\/2022\/03\/22_08_EScooter_G-836x1024.jpg 836w, https:\/\/www.pr-neu.de\/newsroom\/wordpress\/wp-content\/uploads\/2022\/03\/22_08_EScooter_G-768x941.jpg 768w, https:\/\/www.pr-neu.de\/newsroom\/wordpress\/wp-content\/uploads\/2022\/03\/22_08_EScooter_G-90x110.jpg 90w, https:\/\/www.pr-neu.de\/newsroom\/wordpress\/wp-content\/uploads\/2022\/03\/22_08_EScooter_G-343x420.jpg 343w, https:\/\/www.pr-neu.de\/newsroom\/wordpress\/wp-content\/uploads\/2022\/03\/22_08_EScooter_G-351x430.jpg 351w, https:\/\/www.pr-neu.de\/newsroom\/wordpress\/wp-content\/uploads\/2022\/03\/22_08_EScooter_G.jpg 1197w\" sizes=\"auto, (max-width: 245px) 100vw, 245px\" \/><\/p>\n<p style=\"text-align: center;\">E-Scooter sind wegen der Akkus eine besondere Gefahr f\u00fcr Gew\u00e4sser.<\/p>\n<p style=\"text-align: center;\">Bildnachweis: SE|BS<\/p>\n<p>&nbsp;<\/p>\n<hr \/>\n<p>&nbsp;<\/p>\n<p><strong>SE|BS-Pressestelle<\/strong><br \/>\npr neu &#8211; gedacht<\/p>\n<p>Telefon: 05307 80093 \u2013 80<br \/>\nFax: 05307 80093 \u2013 69<br \/>\nE-Mail: &#x69;&#x6e;&#x66;&#x6f;&#x40;&#x70;&#x72;&#x2d;&#x6e;&#x65;&#x75;&#x2e;&#x64;&#x65;<br \/>\nInternet: www.pr-neu.de<\/p>\n","protected":false},"excerpt":{"rendered":"<p>Stadtputztag 2022 am 25.\/26. M\u00e4rz<br \/>\nAnl\u00e4sslich des Stadtputztages \u2013 den die Stadtentw\u00e4sserung Braunschweig GmbH (SE|BS) seit Jahren als Sponsor unterst\u00fctzt \u2013, m\u00f6chte das Unternehmen auf ein neues Problem aufmerksam machen: E-Scooter in der Oker und anderen Flie\u00dfgew\u00e4ssern gef\u00e4hrden unsere Umwelt.<\/p>\n","protected":false},"author":9,"featured_media":14882,"comment_status":"closed","ping_status":"open","sticky":false,"template":"","format":"standard","meta":{"footnotes":""},"categories":[1517],"tags":[],"class_list":["post-14880","post","type-post","status-publish","format-standard","has-post-thumbnail","hentry","category-sebs"],"_links":{"self":[{"href":"https:\/\/www.pr-neu.de\/newsroom\/wp-json\/wp\/v2\/posts\/14880","targetHints":{"allow":["GET"]}}],"collection":[{"href":"https:\/\/www.pr-neu.de\/newsroom\/wp-json\/wp\/v2\/posts"}],"about":[{"href":"https:\/\/www.pr-neu.de\/newsroom\/wp-json\/wp\/v2\/types\/post"}],"author":[{"embeddable":true,"href":"https:\/\/www.pr-neu.de\/newsroom\/wp-json\/wp\/v2\/users\/9"}],"replies":[{"embeddable":true,"href":"https:\/\/www.pr-neu.de\/newsroom\/wp-json\/wp\/v2\/comments?post=14880"}],"version-history":[{"count":3,"href":"https:\/\/www.pr-neu.de\/newsroom\/wp-json\/wp\/v2\/posts\/14880\/revisions"}],"predecessor-version":[{"id":14909,"href":"https:\/\/www.pr-neu.de\/newsroom\/wp-json\/wp\/v2\/posts\/14880\/revisions\/14909"}],"wp:featuredmedia":[{"embeddable":true,"href":"https:\/\/www.pr-neu.de\/newsroom\/wp-json\/wp\/v2\/media\/14882"}],"wp:attachment":[{"href":"https:\/\/www.pr-neu.de\/newsroom\/wp-json\/wp\/v2\/media?parent=14880"}],"wp:term":[{"taxonomy":"category","embeddable":true,"href":"https:\/\/www.pr-neu.de\/newsroom\/wp-json\/wp\/v2\/categories?post=14880"},{"taxonomy":"post_tag","embeddable":true,"href":"https:\/\/www.pr-neu.de\/newsroom\/wp-json\/wp\/v2\/tags?post=14880"}],"curies":[{"name":"wp","href":"https:\/\/api.w.org\/{rel}","templated":true}]}}