{"id":14874,"date":"2022-03-16T09:47:38","date_gmt":"2022-03-16T08:47:38","guid":{"rendered":"https:\/\/www.pr-neu.de\/newsroom\/?p=14874"},"modified":"2022-03-16T09:47:49","modified_gmt":"2022-03-16T08:47:49","slug":"ruckzuck-universell-verspachtelt","status":"publish","type":"post","link":"https:\/\/www.pr-neu.de\/newsroom\/ruckzuck-universell-verspachtelt\/","title":{"rendered":"Ruckzuck universell verspachtelt"},"content":{"rendered":"<p><!--MBNHE--><u>StoLevell In RS: Schneller Reparaturspachtel<\/u><\/p>\n<p>Ein universell einsetzbarer mineralischer Reparaturspachtel f\u00fcr innen und au\u00dfen: Der Zementspachtel StoLevell In RS eignet sich zum Gl\u00e4tten und Spachteln von Wand- und Deckenfl\u00e4chen im Innenraum genauso wie an der Fassade, zum Beispiel auf Balkonuntersichten oder zum Absetzen von Laibungen oder Lisenen. Damit lassen sich Unebenheiten wie Anschl\u00fcsse und Fugen schnell f\u00fcllen und eine glatte Oberfl\u00e4che schaffen. Bei Renovierungen wird zuerst der verwitterte Altputz abgeschliffen, dann das Material in einer Schichtdicke von 0,1 bis 30 Millimeter (zum Beispiel beim Ausbessern von L\u00f6chern, Vertiefungen, Ausbr\u00fcchen) aufgezogen. Auf bewitterten Fl\u00e4chen empfiehlt sich, zuvor eine wasserabweisende, verfestigende Grundierung (StoPrim Sol GT) zu applizieren.<\/p>\n<p>&nbsp;<\/p>\n<hr \/>\n<p>&nbsp;<\/p>\n<p><img loading=\"lazy\" decoding=\"async\" class=\"aligncenter wp-image-14876 size-medium\" src=\"http:\/\/www.pr-neu.de\/newsroom\/wordpress\/wp-content\/uploads\/2022\/03\/22-10_Reparaturspachtel_K-300x200.jpg\" alt=\"\" width=\"300\" height=\"200\" srcset=\"https:\/\/www.pr-neu.de\/newsroom\/wordpress\/wp-content\/uploads\/2022\/03\/22-10_Reparaturspachtel_K-300x200.jpg 300w, https:\/\/www.pr-neu.de\/newsroom\/wordpress\/wp-content\/uploads\/2022\/03\/22-10_Reparaturspachtel_K-1024x683.jpg 1024w, https:\/\/www.pr-neu.de\/newsroom\/wordpress\/wp-content\/uploads\/2022\/03\/22-10_Reparaturspachtel_K-768x512.jpg 768w, https:\/\/www.pr-neu.de\/newsroom\/wordpress\/wp-content\/uploads\/2022\/03\/22-10_Reparaturspachtel_K-1536x1024.jpg 1536w, https:\/\/www.pr-neu.de\/newsroom\/wordpress\/wp-content\/uploads\/2022\/03\/22-10_Reparaturspachtel_K-2048x1365.jpg 2048w, https:\/\/www.pr-neu.de\/newsroom\/wordpress\/wp-content\/uploads\/2022\/03\/22-10_Reparaturspachtel_K-110x73.jpg 110w, https:\/\/www.pr-neu.de\/newsroom\/wordpress\/wp-content\/uploads\/2022\/03\/22-10_Reparaturspachtel_K-420x280.jpg 420w, https:\/\/www.pr-neu.de\/newsroom\/wordpress\/wp-content\/uploads\/2022\/03\/22-10_Reparaturspachtel_K-645x430.jpg 645w\" sizes=\"auto, (max-width: 300px) 100vw, 300px\" \/><\/p>\n<p style=\"text-align: center;\">Der Zementspachtel StoLevell In RS eignet sich im Innenraum und an Fassaden \u2013 und ist so ein universell einsetzbarer Reparaturspachtel.<\/p>\n<p style=\"text-align: center;\">Foto: Sto SE &amp; Co. KGaA<\/p>\n<p>&nbsp;<\/p>\n<hr \/>\n<p>&nbsp;<\/p>\n<p>Abdruck honorarfrei, Belegexemplar erbeten.<\/p>\n","protected":false},"excerpt":{"rendered":"<p>StoLevell In RS: Schneller Reparaturspachtel Ein universell einsetzbarer mineralischer Reparaturspachtel f\u00fcr innen und au\u00dfen: Der Zementspachtel StoLevell In RS eignet sich zum Gl\u00e4tten und Spachteln von Wand- und Deckenfl\u00e4chen im Innenraum genauso wie an der Fassade, zum Beispiel auf Balkonuntersichten oder zum Absetzen von Laibungen oder Lisenen. Damit lassen sich Unebenheiten wie Anschl\u00fcsse und Fugen [&hellip;]<\/p>\n","protected":false},"author":9,"featured_media":14876,"comment_status":"closed","ping_status":"open","sticky":false,"template":"","format":"standard","meta":{"footnotes":""},"categories":[15],"tags":[],"class_list":["post-14874","post","type-post","status-publish","format-standard","has-post-thumbnail","hentry","category-sto"],"_links":{"self":[{"href":"https:\/\/www.pr-neu.de\/newsroom\/wp-json\/wp\/v2\/posts\/14874","targetHints":{"allow":["GET"]}}],"collection":[{"href":"https:\/\/www.pr-neu.de\/newsroom\/wp-json\/wp\/v2\/posts"}],"about":[{"href":"https:\/\/www.pr-neu.de\/newsroom\/wp-json\/wp\/v2\/types\/post"}],"author":[{"embeddable":true,"href":"https:\/\/www.pr-neu.de\/newsroom\/wp-json\/wp\/v2\/users\/9"}],"replies":[{"embeddable":true,"href":"https:\/\/www.pr-neu.de\/newsroom\/wp-json\/wp\/v2\/comments?post=14874"}],"version-history":[{"count":4,"href":"https:\/\/www.pr-neu.de\/newsroom\/wp-json\/wp\/v2\/posts\/14874\/revisions"}],"predecessor-version":[{"id":14879,"href":"https:\/\/www.pr-neu.de\/newsroom\/wp-json\/wp\/v2\/posts\/14874\/revisions\/14879"}],"wp:featuredmedia":[{"embeddable":true,"href":"https:\/\/www.pr-neu.de\/newsroom\/wp-json\/wp\/v2\/media\/14876"}],"wp:attachment":[{"href":"https:\/\/www.pr-neu.de\/newsroom\/wp-json\/wp\/v2\/media?parent=14874"}],"wp:term":[{"taxonomy":"category","embeddable":true,"href":"https:\/\/www.pr-neu.de\/newsroom\/wp-json\/wp\/v2\/categories?post=14874"},{"taxonomy":"post_tag","embeddable":true,"href":"https:\/\/www.pr-neu.de\/newsroom\/wp-json\/wp\/v2\/tags?post=14874"}],"curies":[{"name":"wp","href":"https:\/\/api.w.org\/{rel}","templated":true}]}}