{"id":14860,"date":"2022-03-11T10:06:09","date_gmt":"2022-03-11T09:06:09","guid":{"rendered":"https:\/\/www.pr-neu.de\/newsroom\/?p=14860"},"modified":"2022-03-11T10:06:09","modified_gmt":"2022-03-11T09:06:09","slug":"kanalsanierung-der-broitzemer-strasse-schreitet-planmaessig-voran","status":"publish","type":"post","link":"https:\/\/www.pr-neu.de\/newsroom\/kanalsanierung-der-broitzemer-strasse-schreitet-planmaessig-voran\/","title":{"rendered":"Kanalsanierung der Broitzemer Stra\u00dfe schreitet planm\u00e4\u00dfig voran"},"content":{"rendered":"<p><u>Neuer Baubschnitt ab Bugenhagenstra\u00dfe<\/u><\/p>\n<p><strong>Braunschweig, 11. M\u00e4rz 2022<\/strong>. Die Bauarbeiten zur Kanalsanierung in der Broitzemer Stra\u00dfe verlaufen planm\u00e4\u00dfig, die Stadtentw\u00e4sserung Braunschweig GmbH (SE|BS) ersetzt hier das alte Mischwassersystem durch moderne Regen- und Schmutzwasserkan\u00e4le. Am Montag 14. M\u00e4rz, beginnen die Arbeiten mit dem Fr\u00e4sen der Kanaltrasse von der Bugenhagenstra\u00dfe bis zum Cyriaksring, Parken ist an diesem Tag in diesem Stra\u00dfenabschnitt nicht m\u00f6glich. Am Dienstag, 15. M\u00e4rz, beginnen dann die Bauarbeiten zwischen Bugenhagen- und Virchowstra\u00dfe. F\u00fcr die kommenden rund zwei Monate wird die Broitzemer Stra\u00dfe dann zur Einbahnstra\u00dfe in Fahrtrichtung Cyriaksring. Eine Vollsperrung ist hier nicht notwendig, lediglich die Parkpl\u00e4tze in Fahrtrichtung Cyriaksring stehen nicht zur Verf\u00fcgung. Der Fu\u00dfg\u00e4nger- und Radverkehr wird gesichert an der Baustelle vorbei gef\u00fchrt, f\u00fcr die Fahrtrichtung vom Cyriaksring aus wird eine Umleitung eingerichtet und ausgeschildert. Im Anschluss an diesen Abschnitt folgt der dritte Bauabschnitt von Virchowstra\u00dfe bis Cyriaksring. Die gesamten Arbeiten dauern voraussichtlich bis August 2022. Der Abschnitt von Bugenhagen- bis Juliusstra\u00dfe bleibt noch bis voraussichtlich Mai 2022 gesperrt und nur f\u00fcr Anlieger frei, das Hospiz ist weiter aus Richtung Juliusstra\u00dfe zu erreichen.<\/p>\n<p>F\u00fcr die Einschr\u00e4nkungen bittet die SE|BS um Verst\u00e4ndnis.<\/p>\n<p>&nbsp;<\/p>\n<hr \/>\n<p>&nbsp;<\/p>\n<p><strong>SE|BS-Pressestelle<\/strong><br \/>\npr neu &#8211; gedacht<\/p>\n<p>Telefon: 05307 80093 \u2013 80<br \/>\nFax: 05307 80093 \u2013 69<br \/>\nE-Mail: &#105;&#x6e;f&#111;&#x40;p&#114;&#x2d;n&#x65;&#x75;&#46;&#x64;e<br \/>\nInternet: www.pr-neu.de<\/p>\n","protected":false},"excerpt":{"rendered":"<p>Die Bauarbeiten zur Kanalsanierung in der Broitzemer Stra\u00dfe verlaufen planm\u00e4\u00dfig, die Stadtentw\u00e4sserung Braunschweig GmbH (SE|BS) ersetzt hier das alte Mischwassersystem durch moderne Regen- und Schmutzwasserkan\u00e4le.<\/p>\n","protected":false},"author":6,"featured_media":8697,"comment_status":"closed","ping_status":"open","sticky":false,"template":"","format":"standard","meta":{"footnotes":""},"categories":[1517],"tags":[1589,1559,1557,1791,1561,1595,439,1563,1789,1601,1593],"class_list":["post-14860","post","type-post","status-publish","format-standard","has-post-thumbnail","hentry","category-sebs","tag-abwasser","tag-baustelle","tag-braunschweig","tag-broitzemer-strasse","tag-kanal","tag-kanalisation","tag-sanierung","tag-se-bs","tag-sperrung","tag-stadtentwaesserung","tag-verkehr"],"_links":{"self":[{"href":"https:\/\/www.pr-neu.de\/newsroom\/wp-json\/wp\/v2\/posts\/14860","targetHints":{"allow":["GET"]}}],"collection":[{"href":"https:\/\/www.pr-neu.de\/newsroom\/wp-json\/wp\/v2\/posts"}],"about":[{"href":"https:\/\/www.pr-neu.de\/newsroom\/wp-json\/wp\/v2\/types\/post"}],"author":[{"embeddable":true,"href":"https:\/\/www.pr-neu.de\/newsroom\/wp-json\/wp\/v2\/users\/6"}],"replies":[{"embeddable":true,"href":"https:\/\/www.pr-neu.de\/newsroom\/wp-json\/wp\/v2\/comments?post=14860"}],"version-history":[{"count":1,"href":"https:\/\/www.pr-neu.de\/newsroom\/wp-json\/wp\/v2\/posts\/14860\/revisions"}],"predecessor-version":[{"id":14861,"href":"https:\/\/www.pr-neu.de\/newsroom\/wp-json\/wp\/v2\/posts\/14860\/revisions\/14861"}],"wp:featuredmedia":[{"embeddable":true,"href":"https:\/\/www.pr-neu.de\/newsroom\/wp-json\/wp\/v2\/media\/8697"}],"wp:attachment":[{"href":"https:\/\/www.pr-neu.de\/newsroom\/wp-json\/wp\/v2\/media?parent=14860"}],"wp:term":[{"taxonomy":"category","embeddable":true,"href":"https:\/\/www.pr-neu.de\/newsroom\/wp-json\/wp\/v2\/categories?post=14860"},{"taxonomy":"post_tag","embeddable":true,"href":"https:\/\/www.pr-neu.de\/newsroom\/wp-json\/wp\/v2\/tags?post=14860"}],"curies":[{"name":"wp","href":"https:\/\/api.w.org\/{rel}","templated":true}]}}