{"id":14847,"date":"2022-03-15T10:00:07","date_gmt":"2022-03-15T09:00:07","guid":{"rendered":"https:\/\/www.pr-neu.de\/newsroom\/?p=14847"},"modified":"2022-03-15T15:02:20","modified_gmt":"2022-03-15T14:02:20","slug":"auf-der-sonnenseite","status":"publish","type":"post","link":"https:\/\/www.pr-neu.de\/newsroom\/auf-der-sonnenseite\/","title":{"rendered":"Auf der Sonnenseite"},"content":{"rendered":"<p><u>Mit \u201eSonne-am-Haus.de\u201c schnell zu qualifizierten Kundenanfragen<\/u><\/p>\n<p><strong>Das Web-Portal \u201e<a href=\"https:\/\/sonne-am-haus.de\/\" target=\"_blank\" rel=\"noopener\">Sonne am Haus<\/a>\u201c bringt kompetente Fachbetriebe und interessierte Kunden auf direktem Weg zusammen. Verarbeiter profitieren insbesondere von der Erfahrung im Verkauf von Sommerg\u00e4rten, Winterg\u00e4rten und Terrassend\u00e4chern, die \u00fcber das Portal in den vergangenen Jahren aufgebaut wurde. 2022 bietet die Website nach einem Relaunch noch bessere Services \u2013 und eine moderne Optik.<\/strong><\/p>\n<p>Der Weg zum Verkauf eines Wintergartens, Sommergartens oder Terrassendachs ist oft langwierig und aufwendig \u2013 es gilt zun\u00e4chst, Kunden zu gewinnen und sie professionell zu beraten. Hier unterst\u00fctzt das Internet-Portal \u201eSonne-am-Haus.de\u201c seit zw\u00f6lf Jahren Verarbeiter und H\u00e4ndler individuell und bedarfsgerecht. Der Erfolg: Schon mehr als 120 Partnerbetriebe beteiligen sich.<\/p>\n<p><strong>Das Erfolgskonzept \u201eSonne am Haus\u201c<\/strong><\/p>\n<p>Die \u00fcbersichtliche Seite vereint Inspiration, Information und Service und gliedert sich in vier Rubriken:<\/p>\n<ul>\n<li>Informationen zu Aluminiumprofilsystemen mit inspirierenden Objektbeispielen (<a href=\"https:\/\/sonne-am-haus.de\/sommergaerten\/\" target=\"_blank\" rel=\"noopener\">Sommerg\u00e4rten<\/a>, <a href=\"https:\/\/sonne-am-haus.de\/wintergaerten\/\" target=\"_blank\" rel=\"noopener\">Winterg\u00e4rten<\/a>, <a href=\"https:\/\/sonne-am-haus.de\/ueberdachungen\/\" target=\"_blank\" rel=\"noopener\">\u00dcberdachungen<\/a>)<\/li>\n<li><a href=\"https:\/\/productconfigurator.virtualsaleslab.com\/r\/vsl\/sonneamhaus\/de\/designer\/index\/ts-alu\" target=\"_blank\" rel=\"noopener\">3D-Konfigurator<\/a> f\u00fcr die Planung des Traum-Anbaus<\/li>\n<li><a href=\"https:\/\/sonne-am-haus.de\/sonnenspezialisten\/suche\/\" target=\"_blank\" rel=\"noopener\">Postleitzahl-Suche<\/a><\/li>\n<li>Integrierter Webauftritt des Fachbetriebs mit Kontaktm\u00f6glichkeiten<\/li>\n<\/ul>\n<p>Verarbeiter und H\u00e4ndler profitieren vor allem vom individuellen Webauftritt auf \u201eSonne-am-Haus.de\u201c: So f\u00f6rdert die eigene Landing-Page Bekanntheit und Image des Betriebs. Plant ein zuk\u00fcnftiger Bauherr seinen Traum-Winter- oder Sommergarten \u00fcber den praktischen 3D-Konfigurator, unterst\u00fctzt ihn das Portal im n\u00e4chsten Schritt bei der Suche nach dem professionellen Fachbetrieb. \u00dcber eine einfache Postleitzahlsuche findet er verschiedene Vorschl\u00e4ge f\u00fcr spezialisierte Handwerker. Damit erhalten Fachbetriebe direkt qualifizierte Anfragen, was wiederum Zeit und Kosten spart. Dar\u00fcber hinaus steht Partnern in einer Mediadatenbank umfangreiches Material f\u00fcr ein lukratives und komfortables Marketing zur Verf\u00fcgung. Beste Einkaufsbedingungen, Ansprechpartner zur pers\u00f6nlichen Beratung sowie ein Zugang zu Netzwerk und Brancheninformationen runden das Konzept ab.<\/p>\n<p><strong>Neueste Technologie f\u00fcr maximale Benutzerfreundlichkeit<\/strong><\/p>\n<p>Mit dem aktuellen Relaunch erh\u00f6ht TS-Aluminium die Anwenderfreundlichkeit des beliebten Portals. Im modernen Design \u00fcberzeugt die Website dann nicht nur durch Optik, sondern auch mit neuen technischen Features: Die Darstellung auf mobilen Endger\u00e4ten wurde optimiert, die Navigation ist einfach zu steuern, schnelle Ladezeiten f\u00fchren den Nutzer rasch zum Ziel.<\/p>\n<p>&nbsp;<\/p>\n<hr \/>\n<p>&nbsp;<\/p>\n<p><img loading=\"lazy\" decoding=\"async\" class=\"aligncenter wp-image-14870 size-medium\" src=\"http:\/\/www.pr-neu.de\/newsroom\/wordpress\/wp-content\/uploads\/2022\/03\/21-15_Relaunch_01_K-300x200.jpg\" alt=\"\" width=\"300\" height=\"200\" srcset=\"https:\/\/www.pr-neu.de\/newsroom\/wordpress\/wp-content\/uploads\/2022\/03\/21-15_Relaunch_01_K-300x200.jpg 300w, https:\/\/www.pr-neu.de\/newsroom\/wordpress\/wp-content\/uploads\/2022\/03\/21-15_Relaunch_01_K-1024x684.jpg 1024w, https:\/\/www.pr-neu.de\/newsroom\/wordpress\/wp-content\/uploads\/2022\/03\/21-15_Relaunch_01_K-768x513.jpg 768w, https:\/\/www.pr-neu.de\/newsroom\/wordpress\/wp-content\/uploads\/2022\/03\/21-15_Relaunch_01_K-1536x1025.jpg 1536w, https:\/\/www.pr-neu.de\/newsroom\/wordpress\/wp-content\/uploads\/2022\/03\/21-15_Relaunch_01_K-2048x1367.jpg 2048w, https:\/\/www.pr-neu.de\/newsroom\/wordpress\/wp-content\/uploads\/2022\/03\/21-15_Relaunch_01_K-110x73.jpg 110w, https:\/\/www.pr-neu.de\/newsroom\/wordpress\/wp-content\/uploads\/2022\/03\/21-15_Relaunch_01_K-420x280.jpg 420w, https:\/\/www.pr-neu.de\/newsroom\/wordpress\/wp-content\/uploads\/2022\/03\/21-15_Relaunch_01_K-644x430.jpg 644w\" sizes=\"auto, (max-width: 300px) 100vw, 300px\" \/><\/p>\n<p>&nbsp;<\/p>\n<p style=\"text-align: center;\">\u00dcbersichtlich zeigt die neue Website \u201eSonne-am-Haus.de\u201c Terrassend\u00e4cher, Sommer- und Winterg\u00e4rten in ihrer Vielfalt \u2013 passend f\u00fcr PC, Tablet oder Smartphone.<\/p>\n<p>&nbsp;<\/p>\n<p><img loading=\"lazy\" decoding=\"async\" class=\"aligncenter wp-image-14871 size-medium\" src=\"http:\/\/www.pr-neu.de\/newsroom\/wordpress\/wp-content\/uploads\/2022\/03\/21-15_Relaunch_02_K-300x225.jpg\" alt=\"\" width=\"300\" height=\"225\" srcset=\"https:\/\/www.pr-neu.de\/newsroom\/wordpress\/wp-content\/uploads\/2022\/03\/21-15_Relaunch_02_K-300x225.jpg 300w, https:\/\/www.pr-neu.de\/newsroom\/wordpress\/wp-content\/uploads\/2022\/03\/21-15_Relaunch_02_K-1024x768.jpg 1024w, https:\/\/www.pr-neu.de\/newsroom\/wordpress\/wp-content\/uploads\/2022\/03\/21-15_Relaunch_02_K-768x576.jpg 768w, https:\/\/www.pr-neu.de\/newsroom\/wordpress\/wp-content\/uploads\/2022\/03\/21-15_Relaunch_02_K-1536x1152.jpg 1536w, https:\/\/www.pr-neu.de\/newsroom\/wordpress\/wp-content\/uploads\/2022\/03\/21-15_Relaunch_02_K-2048x1536.jpg 2048w, https:\/\/www.pr-neu.de\/newsroom\/wordpress\/wp-content\/uploads\/2022\/03\/21-15_Relaunch_02_K-110x83.jpg 110w, https:\/\/www.pr-neu.de\/newsroom\/wordpress\/wp-content\/uploads\/2022\/03\/21-15_Relaunch_02_K-420x315.jpg 420w, https:\/\/www.pr-neu.de\/newsroom\/wordpress\/wp-content\/uploads\/2022\/03\/21-15_Relaunch_02_K-573x430.jpg 573w\" sizes=\"auto, (max-width: 300px) 100vw, 300px\" \/><\/p>\n<p>&nbsp;<\/p>\n<p style=\"text-align: center;\">Mit wenigen Klicks setzen Bauherren ihren Wohntraum digital und per 3D-Konfigurator um \u2013 der n\u00e4chste Fachbetrieb zur Umsetzung ist nur einen Klick entfernt.<\/p>\n<p>&nbsp;<\/p>\n<p><a href=\"http:\/\/www.pr-neu.de\/newsroom\/wordpress\/wp-content\/uploads\/2022\/03\/21-15_Mediadatenbank_01_K.jpg\" target=\"_blank\" rel=\"noopener\"><img loading=\"lazy\" decoding=\"async\" class=\"aligncenter wp-image-14848 size-medium\" src=\"http:\/\/www.pr-neu.de\/newsroom\/wordpress\/wp-content\/uploads\/2022\/03\/21-15_Mediadatenbank_01_K-300x151.jpg\" alt=\"\" width=\"300\" height=\"151\" srcset=\"https:\/\/www.pr-neu.de\/newsroom\/wordpress\/wp-content\/uploads\/2022\/03\/21-15_Mediadatenbank_01_K-300x151.jpg 300w, https:\/\/www.pr-neu.de\/newsroom\/wordpress\/wp-content\/uploads\/2022\/03\/21-15_Mediadatenbank_01_K-1024x515.jpg 1024w, https:\/\/www.pr-neu.de\/newsroom\/wordpress\/wp-content\/uploads\/2022\/03\/21-15_Mediadatenbank_01_K-768x387.jpg 768w, https:\/\/www.pr-neu.de\/newsroom\/wordpress\/wp-content\/uploads\/2022\/03\/21-15_Mediadatenbank_01_K-1536x773.jpg 1536w, https:\/\/www.pr-neu.de\/newsroom\/wordpress\/wp-content\/uploads\/2022\/03\/21-15_Mediadatenbank_01_K-2048x1031.jpg 2048w, https:\/\/www.pr-neu.de\/newsroom\/wordpress\/wp-content\/uploads\/2022\/03\/21-15_Mediadatenbank_01_K-110x55.jpg 110w, https:\/\/www.pr-neu.de\/newsroom\/wordpress\/wp-content\/uploads\/2022\/03\/21-15_Mediadatenbank_01_K-420x211.jpg 420w, https:\/\/www.pr-neu.de\/newsroom\/wordpress\/wp-content\/uploads\/2022\/03\/21-15_Mediadatenbank_01_K-770x388.jpg 770w\" sizes=\"auto, (max-width: 300px) 100vw, 300px\" \/><\/a><\/p>\n<p style=\"text-align: center;\">Eine neue Mediadatenbank unterst\u00fctzt Handelspartner im Marketing: Umfangreiches Bildmaterial und verst\u00e4ndliche Informationen stehen komfortabel zum Download bereit.<\/p>\n<p style=\"text-align: center;\">Alle Bilder: TS-Aluminium-Profilsysteme GmbH &amp; Co. KG<\/p>\n<p>&nbsp;<\/p>\n<hr \/>\n<p>&nbsp;<\/p>\n<p>Abdruck honorarfrei, Belegexemplar erbeten.<\/p>\n","protected":false},"excerpt":{"rendered":"<p>Mit \u201eSonne-am-Haus.de\u201c schnell zu qualifizierten Kundenanfragen Das Web-Portal \u201eSonne am Haus\u201c bringt kompetente Fachbetriebe und interessierte Kunden auf direktem Weg zusammen. Verarbeiter profitieren insbesondere von der Erfahrung im Verkauf von Sommerg\u00e4rten, Winterg\u00e4rten und Terrassend\u00e4chern, die \u00fcber das Portal in den vergangenen Jahren aufgebaut wurde. 2022 bietet die Website nach einem Relaunch noch bessere Services \u2013 [&hellip;]<\/p>\n","protected":false},"author":10,"featured_media":14870,"comment_status":"closed","ping_status":"open","sticky":false,"template":"","format":"standard","meta":{"footnotes":""},"categories":[1761],"tags":[],"class_list":["post-14847","post","type-post","status-publish","format-standard","has-post-thumbnail","hentry","category-ts-aluminium"],"_links":{"self":[{"href":"https:\/\/www.pr-neu.de\/newsroom\/wp-json\/wp\/v2\/posts\/14847","targetHints":{"allow":["GET"]}}],"collection":[{"href":"https:\/\/www.pr-neu.de\/newsroom\/wp-json\/wp\/v2\/posts"}],"about":[{"href":"https:\/\/www.pr-neu.de\/newsroom\/wp-json\/wp\/v2\/types\/post"}],"author":[{"embeddable":true,"href":"https:\/\/www.pr-neu.de\/newsroom\/wp-json\/wp\/v2\/users\/10"}],"replies":[{"embeddable":true,"href":"https:\/\/www.pr-neu.de\/newsroom\/wp-json\/wp\/v2\/comments?post=14847"}],"version-history":[{"count":3,"href":"https:\/\/www.pr-neu.de\/newsroom\/wp-json\/wp\/v2\/posts\/14847\/revisions"}],"predecessor-version":[{"id":14872,"href":"https:\/\/www.pr-neu.de\/newsroom\/wp-json\/wp\/v2\/posts\/14847\/revisions\/14872"}],"wp:featuredmedia":[{"embeddable":true,"href":"https:\/\/www.pr-neu.de\/newsroom\/wp-json\/wp\/v2\/media\/14870"}],"wp:attachment":[{"href":"https:\/\/www.pr-neu.de\/newsroom\/wp-json\/wp\/v2\/media?parent=14847"}],"wp:term":[{"taxonomy":"category","embeddable":true,"href":"https:\/\/www.pr-neu.de\/newsroom\/wp-json\/wp\/v2\/categories?post=14847"},{"taxonomy":"post_tag","embeddable":true,"href":"https:\/\/www.pr-neu.de\/newsroom\/wp-json\/wp\/v2\/tags?post=14847"}],"curies":[{"name":"wp","href":"https:\/\/api.w.org\/{rel}","templated":true}]}}