{"id":14839,"date":"2022-03-03T10:56:56","date_gmt":"2022-03-03T09:56:56","guid":{"rendered":"https:\/\/www.pr-neu.de\/newsroom\/?p=14839"},"modified":"2022-03-03T10:57:15","modified_gmt":"2022-03-03T09:57:15","slug":"holz-konstruktionen-blitzschnell-vergleichen","status":"publish","type":"post","link":"https:\/\/www.pr-neu.de\/newsroom\/holz-konstruktionen-blitzschnell-vergleichen\/","title":{"rendered":"Holz-Konstruktionen blitzschnell vergleichen"},"content":{"rendered":"<p><u>Sto stellt digitalen \u201eWandaufbau-Konfigurator.de\u201c vor<\/u><\/p>\n<p><strong>Der Einsatz des Baustoffs Holz stellt hohe Anspr\u00fcche an den Brandschutz. Der \u201eWandaufbau-Konfigurator.de\u201c f\u00fcr ged\u00e4mmte Au\u00dfenw\u00e4nde im Holzbau erm\u00f6glicht jetzt online den raschen Vergleich unterschiedlicher Konstruktionsvarianten und ihrer Auswirkungen auf das Erreichen von Schutzzielen.<\/strong><\/p>\n<p>Vor allem beim Brandschutz m\u00fcssen Planer und Holzbauprofis zahlreiche Vorschriften beachten. Eine zus\u00e4tzliche Herausforderung dabei ist, dass in den meisten F\u00e4llen verschiedene Wege zum Ziel f\u00fchren. Welcher Aufbau ist unter den gegebenen Voraussetzungen der richtige? Was passiert mit den anderen Faktoren, wenn man einen bestimmten Konstruktionsparameter ver\u00e4ndert?<\/p>\n<p><strong>Zw\u00f6lf Parameter<\/strong><\/p>\n<p>Diese Fragen standen Pate bei der Entwicklung des Wandaufbau-Konfigurators. Das digitale Werkzeug ist frei zug\u00e4nglich (wandaufbau-konfigurator.de) und bietet zw\u00f6lf variierbare Parameter. Jede Modifikation zeigt, wie sich die Ver\u00e4nderung einer einzelnen Einflussgr\u00f6\u00dfe auf die gesamte Wandkonstruktion auswirkt. Will man also beispielsweise pr\u00fcfen, wie sich bestimmte Brandschutzvorgaben umsetzen lassen, werden die entsprechenden Werte angeklickt. Von Klick zu Klick werden aus einer Auswahl von 40 Wandaufbauten die geeigneten Konstruktionen mit einer Zeichnung (Wandquerschnitt) sowie die notwendigen Baustoffe und ihre Materialst\u00e4rken angezeigt. Jede Variante kann als PDF heruntergeladen werden, in dem Fu\u00dfnoten die Quellen aller verwendeten Werte angeben. Bleiben Fragen offen, kann direkt aus der Bildschirmmaske heraus E-Mail-Kontakt mit den Holzbauspezialisten des Technical Support Centers von Sto aufgenommen werden.<\/p>\n<p>&nbsp;<\/p>\n<hr \/>\n<p>&nbsp;<\/p>\n<p style=\"text-align: center;\"><a href=\"http:\/\/www.pr-neu.de\/newsroom\/wordpress\/wp-content\/uploads\/2022\/03\/22-11_Wandaufbau-Konfigurator_G-scaled.jpg\" target=\"_blank\" rel=\"noopener\"><img loading=\"lazy\" decoding=\"async\" class=\"wp-image-14840 size-medium\" src=\"http:\/\/www.pr-neu.de\/newsroom\/wordpress\/wp-content\/uploads\/2022\/03\/22-11_Wandaufbau-Konfigurator_G-300x149.jpg\" alt=\"\" width=\"300\" height=\"149\" srcset=\"https:\/\/www.pr-neu.de\/newsroom\/wordpress\/wp-content\/uploads\/2022\/03\/22-11_Wandaufbau-Konfigurator_G-300x149.jpg 300w, https:\/\/www.pr-neu.de\/newsroom\/wordpress\/wp-content\/uploads\/2022\/03\/22-11_Wandaufbau-Konfigurator_G-1024x509.jpg 1024w, https:\/\/www.pr-neu.de\/newsroom\/wordpress\/wp-content\/uploads\/2022\/03\/22-11_Wandaufbau-Konfigurator_G-768x382.jpg 768w, https:\/\/www.pr-neu.de\/newsroom\/wordpress\/wp-content\/uploads\/2022\/03\/22-11_Wandaufbau-Konfigurator_G-1536x764.jpg 1536w, https:\/\/www.pr-neu.de\/newsroom\/wordpress\/wp-content\/uploads\/2022\/03\/22-11_Wandaufbau-Konfigurator_G-2048x1018.jpg 2048w, https:\/\/www.pr-neu.de\/newsroom\/wordpress\/wp-content\/uploads\/2022\/03\/22-11_Wandaufbau-Konfigurator_G-110x55.jpg 110w, https:\/\/www.pr-neu.de\/newsroom\/wordpress\/wp-content\/uploads\/2022\/03\/22-11_Wandaufbau-Konfigurator_G-420x209.jpg 420w, https:\/\/www.pr-neu.de\/newsroom\/wordpress\/wp-content\/uploads\/2022\/03\/22-11_Wandaufbau-Konfigurator_G-770x383.jpg 770w\" sizes=\"auto, (max-width: 300px) 100vw, 300px\" \/><\/a><\/p>\n<p style=\"text-align: center;\">Der digitale Wandaufbau-Konfigurator erlaubt den schnellen<br \/>\nVergleich unterschiedlicher Holzbaukosntruktionen bez\u00fcglich<br \/>\nBrandschutz- und Schallschutzanforderungen.<br \/>\nBild: bongkarn &#8211; stock.adobe.com \/ Sto SE &amp; Co. KGaA<\/p>\n<p>&nbsp;<\/p>\n<p style=\"text-align: center;\"><a href=\"http:\/\/www.pr-neu.de\/newsroom\/wordpress\/wp-content\/uploads\/2022\/03\/22-11_Aufbau-EPS_G-scaled.jpg\" target=\"_blank\" rel=\"noopener\"><img loading=\"lazy\" decoding=\"async\" class=\"wp-image-14841 size-medium\" src=\"http:\/\/www.pr-neu.de\/newsroom\/wordpress\/wp-content\/uploads\/2022\/03\/22-11_Aufbau-EPS_G-300x180.jpg\" alt=\"\" width=\"300\" height=\"180\" srcset=\"https:\/\/www.pr-neu.de\/newsroom\/wordpress\/wp-content\/uploads\/2022\/03\/22-11_Aufbau-EPS_G-300x180.jpg 300w, https:\/\/www.pr-neu.de\/newsroom\/wordpress\/wp-content\/uploads\/2022\/03\/22-11_Aufbau-EPS_G-1024x614.jpg 1024w, https:\/\/www.pr-neu.de\/newsroom\/wordpress\/wp-content\/uploads\/2022\/03\/22-11_Aufbau-EPS_G-768x461.jpg 768w, https:\/\/www.pr-neu.de\/newsroom\/wordpress\/wp-content\/uploads\/2022\/03\/22-11_Aufbau-EPS_G-1536x922.jpg 1536w, https:\/\/www.pr-neu.de\/newsroom\/wordpress\/wp-content\/uploads\/2022\/03\/22-11_Aufbau-EPS_G-2048x1229.jpg 2048w, https:\/\/www.pr-neu.de\/newsroom\/wordpress\/wp-content\/uploads\/2022\/03\/22-11_Aufbau-EPS_G-110x66.jpg 110w, https:\/\/www.pr-neu.de\/newsroom\/wordpress\/wp-content\/uploads\/2022\/03\/22-11_Aufbau-EPS_G-420x252.jpg 420w, https:\/\/www.pr-neu.de\/newsroom\/wordpress\/wp-content\/uploads\/2022\/03\/22-11_Aufbau-EPS_G-717x430.jpg 717w\" sizes=\"auto, (max-width: 300px) 100vw, 300px\" \/><\/a> <a href=\"http:\/\/www.pr-neu.de\/newsroom\/wordpress\/wp-content\/uploads\/2022\/03\/22-11_Aufbau-MIWO_G-scaled.jpg\" target=\"_blank\" rel=\"noopener\"><img loading=\"lazy\" decoding=\"async\" class=\"wp-image-14842 size-medium\" src=\"http:\/\/www.pr-neu.de\/newsroom\/wordpress\/wp-content\/uploads\/2022\/03\/22-11_Aufbau-MIWO_G-300x180.jpg\" alt=\"\" width=\"300\" height=\"180\" srcset=\"https:\/\/www.pr-neu.de\/newsroom\/wordpress\/wp-content\/uploads\/2022\/03\/22-11_Aufbau-MIWO_G-300x180.jpg 300w, https:\/\/www.pr-neu.de\/newsroom\/wordpress\/wp-content\/uploads\/2022\/03\/22-11_Aufbau-MIWO_G-1024x614.jpg 1024w, https:\/\/www.pr-neu.de\/newsroom\/wordpress\/wp-content\/uploads\/2022\/03\/22-11_Aufbau-MIWO_G-768x461.jpg 768w, https:\/\/www.pr-neu.de\/newsroom\/wordpress\/wp-content\/uploads\/2022\/03\/22-11_Aufbau-MIWO_G-1536x922.jpg 1536w, https:\/\/www.pr-neu.de\/newsroom\/wordpress\/wp-content\/uploads\/2022\/03\/22-11_Aufbau-MIWO_G-2048x1229.jpg 2048w, https:\/\/www.pr-neu.de\/newsroom\/wordpress\/wp-content\/uploads\/2022\/03\/22-11_Aufbau-MIWO_G-110x66.jpg 110w, https:\/\/www.pr-neu.de\/newsroom\/wordpress\/wp-content\/uploads\/2022\/03\/22-11_Aufbau-MIWO_G-420x252.jpg 420w, https:\/\/www.pr-neu.de\/newsroom\/wordpress\/wp-content\/uploads\/2022\/03\/22-11_Aufbau-MIWO_G-717x430.jpg 717w\" sizes=\"auto, (max-width: 300px) 100vw, 300px\" \/><\/a><\/p>\n<p style=\"text-align: center;\">Der direkte Vergleich macht deutlich: Das Kapselkriterium K260<br \/>\nkann auf unterschiedlichen Wegen erreicht werden. Diese haben<br \/>\njedoch Auswirkungen auf die Anzahl der Beplankungen innerhalb<br \/>\ndes Wandaufbaus.<br \/>\nGrafiken: Sto SE &amp; Co. KGaA<\/p>\n<p>&nbsp;<\/p>\n<hr \/>\n<p>&nbsp;<\/p>\n<p><strong>Sto: Als Technologief\u00fchrer auf Kurs<\/strong><\/p>\n<p>Die Sto SE &amp; Co. KGaA (St\u00fchlingen) ist ein international f\u00fchrender Hersteller von Produkten und Systemen zur Beschichtung von Geb\u00e4uden. Ihr breites Portfolio umfasst Farben, Putze, Lacke, Fassaden-D\u00e4mmsysteme, Werkstoffe f\u00fcr die Betoninstandsetzung, Bodenbeschichtungen, Akustik- und vorgeh\u00e4ngte hinterl\u00fcftete Fassadensysteme. Mit mehr als 5.500 Mitarbeitern erwirtschaftete der Konzern 2020 einen Umsatz von 1,433 Milliarden Euro. Ende 2020 war der Sto-Konzern in 38 L\u00e4ndern mit 50 eigenen operativen Tochtergesellschaften und deren Betriebsst\u00e4tten vertreten. Dar\u00fcber hinaus bestehen Lieferbeziehungen zu Vertriebspartnern in zahlreichen weiteren Staaten. Der Leitgedanke \u201eBewusst bauen\u201c verdeutlicht in zwei Worten das Selbstverst\u00e4ndnis der Sto-Gruppe, das \u00f6kologische und gesellschaftliche Verantwortung einschlie\u00dft. Keimzelle des Unternehmens war ein 1835 gegr\u00fcndetes Kalkwerk, das in den 1930er Jahren von Wilhelm Stotmeister \u00fcbernommen wurde.<\/p>\n<p>&nbsp;<\/p>\n<hr \/>\n<p>&nbsp;<\/p>\n<p>Abdruck honorarfrei, Belegexemplar erbeten.<\/p>\n","protected":false},"excerpt":{"rendered":"<p>Der Einsatz des Baustoffs Holz stellt hohe Anspr\u00fcche an den Brandschutz. Der \u201eWandaufbau-Konfigurator.de\u201c f\u00fcr ged\u00e4mmte Au\u00dfenw\u00e4nde im Holzbau erm\u00f6glicht jetzt online den raschen Vergleich unterschiedlicher Konstruktionsvarianten und ihrer Auswirkungen auf das Erreichen von Schutzzielen.<\/p>\n","protected":false},"author":6,"featured_media":14840,"comment_status":"closed","ping_status":"open","sticky":false,"template":"","format":"standard","meta":{"footnotes":""},"categories":[15],"tags":[62,1785,124,1641,187,199,1781,1783,504,627],"class_list":["post-14839","post","type-post","status-publish","format-standard","has-post-thumbnail","hentry","category-sto","tag-architektur","tag-bauplaner","tag-dammung","tag-digital","tag-fassade","tag-feuerschutz","tag-holzbausoftware","tag-planung","tag-sto-2","tag-wdvs"],"_links":{"self":[{"href":"https:\/\/www.pr-neu.de\/newsroom\/wp-json\/wp\/v2\/posts\/14839","targetHints":{"allow":["GET"]}}],"collection":[{"href":"https:\/\/www.pr-neu.de\/newsroom\/wp-json\/wp\/v2\/posts"}],"about":[{"href":"https:\/\/www.pr-neu.de\/newsroom\/wp-json\/wp\/v2\/types\/post"}],"author":[{"embeddable":true,"href":"https:\/\/www.pr-neu.de\/newsroom\/wp-json\/wp\/v2\/users\/6"}],"replies":[{"embeddable":true,"href":"https:\/\/www.pr-neu.de\/newsroom\/wp-json\/wp\/v2\/comments?post=14839"}],"version-history":[{"count":2,"href":"https:\/\/www.pr-neu.de\/newsroom\/wp-json\/wp\/v2\/posts\/14839\/revisions"}],"predecessor-version":[{"id":14844,"href":"https:\/\/www.pr-neu.de\/newsroom\/wp-json\/wp\/v2\/posts\/14839\/revisions\/14844"}],"wp:featuredmedia":[{"embeddable":true,"href":"https:\/\/www.pr-neu.de\/newsroom\/wp-json\/wp\/v2\/media\/14840"}],"wp:attachment":[{"href":"https:\/\/www.pr-neu.de\/newsroom\/wp-json\/wp\/v2\/media?parent=14839"}],"wp:term":[{"taxonomy":"category","embeddable":true,"href":"https:\/\/www.pr-neu.de\/newsroom\/wp-json\/wp\/v2\/categories?post=14839"},{"taxonomy":"post_tag","embeddable":true,"href":"https:\/\/www.pr-neu.de\/newsroom\/wp-json\/wp\/v2\/tags?post=14839"}],"curies":[{"name":"wp","href":"https:\/\/api.w.org\/{rel}","templated":true}]}}