{"id":14829,"date":"2022-03-01T08:52:24","date_gmt":"2022-03-01T07:52:24","guid":{"rendered":"https:\/\/www.pr-neu.de\/newsroom\/?p=14829"},"modified":"2022-02-28T15:25:06","modified_gmt":"2022-02-28T14:25:06","slug":"hattrick-als-top-arbeitgeber-im-mittelstand","status":"publish","type":"post","link":"https:\/\/www.pr-neu.de\/newsroom\/hattrick-als-top-arbeitgeber-im-mittelstand\/","title":{"rendered":"Hattrick als \u201eTop-Arbeitgeber im Mittelstand\u201c"},"content":{"rendered":"<p><u>S\u00fcdwest: Drei Jahre in Folge ausgezeichnet<\/u><\/p>\n<p>Zum dritten Mal in Folge z\u00e4hlt S\u00fcdwest zu den \u201eTop-Arbeitgebern im Mittelstand\u201c. Die Online-Jobb\u00f6rse \u201eyourfirm.de\u201c zeichnete den Farbenhersteller aus B\u00f6hl-Iggelheim nach 2020 und 2021 jetzt erneut aus. \u201eWir freuen uns sehr \u00fcber diesen Dreifach-Erfolg und sehen uns best\u00e4tigt, allen Mitarbeitenden auf vielen Ebenen unsere Wertsch\u00e4tzung zu zeigen\u201c, freut sich S\u00fcdwest-Gesch\u00e4ftsf\u00fchrer Hans-J\u00f6rg von Rhade. Das Unternehmen bietet unter anderem ein umfangreiches Angebot f\u00fcr innerbetriebliche Ausbildung. \u201eJungen Menschen eine Perspektive zu geben und durch diese auch gefordert zu werden, ist f\u00fcr uns alle ein Ansporn\u201c, erkl\u00e4rt von Rhade. Ein positiver Faktor f\u00fcr den Nachwuchs ist der direkte Zugang zu allen Kolleginnen und Kollegen \u2013 typisch f\u00fcr das mittelst\u00e4ndische Umfeld. \u201eSo steht S\u00fcdwest heute als attraktiver, stabiler Arbeitgeber da \u2013 und wir arbeiten weiter daran, dass das so bleibt!\u201c Von Rhade ist \u00fcberzeugt, dass S\u00fcdwest vom Engagement f\u00fcr das Personal direkt profitiert, denn \u201emotivierte Menschen arbeiten erfolgreicher \u2013 f\u00fcr sich selbst und f\u00fcr das Unternehmen.\u201c<\/p>\n<p>&nbsp;<\/p>\n<hr \/>\n<p>&nbsp;<\/p>\n<p><a href=\"http:\/\/www.pr-neu.de\/newsroom\/wordpress\/wp-content\/uploads\/2022\/02\/22-03_Top-Arbeitgeber-2022_K.jpg\" target=\"_blank\" rel=\"noopener\"><img loading=\"lazy\" decoding=\"async\" class=\"aligncenter wp-image-14830 size-medium\" src=\"http:\/\/www.pr-neu.de\/newsroom\/wordpress\/wp-content\/uploads\/2022\/02\/22-03_Top-Arbeitgeber-2022_K-284x300.jpg\" alt=\"\" width=\"284\" height=\"300\" srcset=\"https:\/\/www.pr-neu.de\/newsroom\/wordpress\/wp-content\/uploads\/2022\/02\/22-03_Top-Arbeitgeber-2022_K-284x300.jpg 284w, https:\/\/www.pr-neu.de\/newsroom\/wordpress\/wp-content\/uploads\/2022\/02\/22-03_Top-Arbeitgeber-2022_K-968x1024.jpg 968w, https:\/\/www.pr-neu.de\/newsroom\/wordpress\/wp-content\/uploads\/2022\/02\/22-03_Top-Arbeitgeber-2022_K-768x813.jpg 768w, https:\/\/www.pr-neu.de\/newsroom\/wordpress\/wp-content\/uploads\/2022\/02\/22-03_Top-Arbeitgeber-2022_K-1452x1536.jpg 1452w, https:\/\/www.pr-neu.de\/newsroom\/wordpress\/wp-content\/uploads\/2022\/02\/22-03_Top-Arbeitgeber-2022_K-1935x2048.jpg 1935w, https:\/\/www.pr-neu.de\/newsroom\/wordpress\/wp-content\/uploads\/2022\/02\/22-03_Top-Arbeitgeber-2022_K-104x110.jpg 104w, https:\/\/www.pr-neu.de\/newsroom\/wordpress\/wp-content\/uploads\/2022\/02\/22-03_Top-Arbeitgeber-2022_K-397x420.jpg 397w, https:\/\/www.pr-neu.de\/newsroom\/wordpress\/wp-content\/uploads\/2022\/02\/22-03_Top-Arbeitgeber-2022_K-406x430.jpg 406w\" sizes=\"auto, (max-width: 284px) 100vw, 284px\" \/><\/a><\/p>\n<p style=\"text-align: center;\">Zum dritten Mal in Folge erhielt S\u00fcdwest die Auszeichnung \u201eTop-Arbeitgeber im Mittelstand\u201c von der neutralen Jobb\u00f6rse \u201eYourfirm\u201c.<\/p>\n<p style=\"text-align: center;\">Bild: Yourfirm<\/p>\n<p>&nbsp;<\/p>\n<hr \/>\n<p>&nbsp;<\/p>\n<p><strong>\u00dcber S\u00fcdwest Lacke + Farben<\/strong><\/p>\n<p>Die S\u00fcdwest Lacke + Farben GmbH &amp; Co. KG ist ein in der Pfalz beheimateter Hersteller von Lacken und Farben. Sein Produktsortiment reicht von der Bodenbeschichtung \u00fcber Holzschutz bis zur Dachfarbe, von der Innenfarbe \u00fcber Lacke bis zum W\u00e4rmed\u00e4mmverbundsystem (WDVS). Das Unternehmen steht f\u00fcr Produkte von h\u00f6chster Qualit\u00e4t, Funktionalit\u00e4t und Umweltvertr\u00e4glichkeit im Profi-Segment und z\u00e4hlt zu den f\u00fchrenden mittelst\u00e4ndischen Lackherstellern in Deutschland und Zentraleuropa.<\/p>\n<p>&nbsp;<\/p>\n<hr \/>\n<p>&nbsp;<\/p>\n<p>Abdruck honorarfrei, Belegexemplar erbeten.<\/p>\n","protected":false},"excerpt":{"rendered":"<p>S\u00fcdwest: Drei Jahre in Folge ausgezeichnet Zum dritten Mal in Folge z\u00e4hlt S\u00fcdwest zu den \u201eTop-Arbeitgebern im Mittelstand\u201c. Die Online-Jobb\u00f6rse \u201eyourfirm.de\u201c zeichnete den Farbenhersteller aus B\u00f6hl-Iggelheim nach 2020 und 2021 jetzt erneut aus. \u201eWir freuen uns sehr \u00fcber diesen Dreifach-Erfolg und sehen uns best\u00e4tigt, allen Mitarbeitenden auf vielen Ebenen unsere Wertsch\u00e4tzung zu zeigen\u201c, freut sich [&hellip;]<\/p>\n","protected":false},"author":6,"featured_media":14830,"comment_status":"closed","ping_status":"open","sticky":false,"template":"","format":"standard","meta":{"footnotes":""},"categories":[17],"tags":[],"class_list":["post-14829","post","type-post","status-publish","format-standard","has-post-thumbnail","hentry","category-sudwest"],"_links":{"self":[{"href":"https:\/\/www.pr-neu.de\/newsroom\/wp-json\/wp\/v2\/posts\/14829","targetHints":{"allow":["GET"]}}],"collection":[{"href":"https:\/\/www.pr-neu.de\/newsroom\/wp-json\/wp\/v2\/posts"}],"about":[{"href":"https:\/\/www.pr-neu.de\/newsroom\/wp-json\/wp\/v2\/types\/post"}],"author":[{"embeddable":true,"href":"https:\/\/www.pr-neu.de\/newsroom\/wp-json\/wp\/v2\/users\/6"}],"replies":[{"embeddable":true,"href":"https:\/\/www.pr-neu.de\/newsroom\/wp-json\/wp\/v2\/comments?post=14829"}],"version-history":[{"count":2,"href":"https:\/\/www.pr-neu.de\/newsroom\/wp-json\/wp\/v2\/posts\/14829\/revisions"}],"predecessor-version":[{"id":14832,"href":"https:\/\/www.pr-neu.de\/newsroom\/wp-json\/wp\/v2\/posts\/14829\/revisions\/14832"}],"wp:featuredmedia":[{"embeddable":true,"href":"https:\/\/www.pr-neu.de\/newsroom\/wp-json\/wp\/v2\/media\/14830"}],"wp:attachment":[{"href":"https:\/\/www.pr-neu.de\/newsroom\/wp-json\/wp\/v2\/media?parent=14829"}],"wp:term":[{"taxonomy":"category","embeddable":true,"href":"https:\/\/www.pr-neu.de\/newsroom\/wp-json\/wp\/v2\/categories?post=14829"},{"taxonomy":"post_tag","embeddable":true,"href":"https:\/\/www.pr-neu.de\/newsroom\/wp-json\/wp\/v2\/tags?post=14829"}],"curies":[{"name":"wp","href":"https:\/\/api.w.org\/{rel}","templated":true}]}}