{"id":14816,"date":"2022-02-24T09:38:02","date_gmt":"2022-02-24T08:38:02","guid":{"rendered":"https:\/\/www.pr-neu.de\/newsroom\/?p=14816"},"modified":"2022-02-22T13:16:50","modified_gmt":"2022-02-22T12:16:50","slug":"der-spatz-in-der-wand","status":"publish","type":"post","link":"https:\/\/www.pr-neu.de\/newsroom\/der-spatz-in-der-wand\/","title":{"rendered":"Der Spatz in der Wand"},"content":{"rendered":"<p><!--MBNHE--><u>Nistk\u00e4sten \u201eStoElement Fauna\u201c f\u00fcr ged\u00e4mmte Fassaden<\/u><\/p>\n<p><strong>An neuen oder sanierten Geb\u00e4uden finden V\u00f6gel und Flederm\u00e4use kaum Raum, ihre Jungen aufzuziehen. Spezielle Nistk\u00e4sten lassen sich in ein WDVS einbinden oder aufsetzen und bieten den Tieren artgerechten Lebensraum.<\/strong><\/p>\n<p>Gem\u00e4\u00df Bundesnaturschutzgesetz m\u00fcssen Ersatzquartiere f\u00fcr Tiere geschaffen werden, wenn Nistpl\u00e4tze durch Neubau oder Sanierung verloren gehen. Einfach und unauff\u00e4llig geht das mit StoElement Fauna-Nistk\u00e4sten. Es gibt sie zum Einbau in die Fassadend\u00e4mmung und f\u00fcr die Montage auf dem Putzsystem.<\/p>\n<p>F\u00fcr die Einbau-Nistk\u00e4sten werden beim D\u00e4mmen entsprechende Stellen ausgespart und mit einer zwei Zentimeter dicken D\u00e4mmschicht versehen. Darauf werden die K\u00e4sten verklebt. Das ist je nach Modell ab 140 Millimetern D\u00e4mmst\u00e4rke m\u00f6glich. Die K\u00e4sten aus Holzbeton mit einer Frontseite aus mineralischem StoDeco Plan werden zusammen mit einem Formst\u00fcck aus Glasfasergewebe geliefert. Rund um die Einflug\u00f6ffnung dient eine erh\u00f6hte Rosette als Abzugskante f\u00fcr den Unterputz. Nistk\u00e4sten, die auf der Fassade befestigt werden, lassen sich nachtr\u00e4glich montieren und erfordern keine lokale Reduktion der D\u00e4mmst\u00e4rke. Doch ganz gleich, ob in oder auf der Fassade, Nistk\u00e4sten sollten immer regengesch\u00fctzt (z.B. unter dem Dachvorsprung) und in Nord- oder Ost-Ausrichtung angebracht werden, um eine zu st\u00e4rke Erw\u00e4rmung durch die Sonne zu vermeiden.<\/p>\n<p>&nbsp;<\/p>\n<hr \/>\n<p>&nbsp;<\/p>\n<p><!--MBNHE--><strong>K A S T E N<\/strong><br \/>\nW\u00e4hrend des sogenannten \u201eSpatzenkriegs\u201c lie\u00df Friedrich der Gro\u00dfe 1744 unz\u00e4hlige Sperlinge wegen vermeintlicher Ernteausf\u00e4lle t\u00f6ten. Da in der Folge jedoch die Menge der Insekten sprunghaft anstieg, wurde der Feldzug gegen die V\u00f6gel rasch beendet. Dass die Zahl der V\u00f6gel auch heute wieder dramatisch abnimmt, nehmen wir nur deswegen kaum wahr, weil gleichzeitig viele Insekten verschwinden. Doch mit dem Bundesnaturschutzgesetz wurden Ma\u00dfnahmen ergriffen, dem schleichenden Schwund an V\u00f6geln und Flederm\u00e4usen etwas entgegen zu setzen. Fallen Nistpl\u00e4tze Bau- oder Sanierungsma\u00dfnahmen zum Opfer, m\u00fcssen Ersatzquartiere geschaffen werden.<\/p>\n<p>&nbsp;<\/p>\n<hr \/>\n<p>&nbsp;<\/p>\n<p><a href=\"http:\/\/www.pr-neu.de\/newsroom\/wordpress\/wp-content\/uploads\/2022\/02\/22-07_Fauna_01_K.jpg\" target=\"_blank\" rel=\"noopener\"><img loading=\"lazy\" decoding=\"async\" class=\"aligncenter wp-image-14817 size-medium\" src=\"http:\/\/www.pr-neu.de\/newsroom\/wordpress\/wp-content\/uploads\/2022\/02\/22-07_Fauna_01_K-300x225.jpg\" alt=\"\" width=\"300\" height=\"225\" srcset=\"https:\/\/www.pr-neu.de\/newsroom\/wordpress\/wp-content\/uploads\/2022\/02\/22-07_Fauna_01_K-300x225.jpg 300w, https:\/\/www.pr-neu.de\/newsroom\/wordpress\/wp-content\/uploads\/2022\/02\/22-07_Fauna_01_K-1024x768.jpg 1024w, https:\/\/www.pr-neu.de\/newsroom\/wordpress\/wp-content\/uploads\/2022\/02\/22-07_Fauna_01_K-768x576.jpg 768w, https:\/\/www.pr-neu.de\/newsroom\/wordpress\/wp-content\/uploads\/2022\/02\/22-07_Fauna_01_K-1536x1152.jpg 1536w, https:\/\/www.pr-neu.de\/newsroom\/wordpress\/wp-content\/uploads\/2022\/02\/22-07_Fauna_01_K-2048x1536.jpg 2048w, https:\/\/www.pr-neu.de\/newsroom\/wordpress\/wp-content\/uploads\/2022\/02\/22-07_Fauna_01_K-110x83.jpg 110w, https:\/\/www.pr-neu.de\/newsroom\/wordpress\/wp-content\/uploads\/2022\/02\/22-07_Fauna_01_K-420x315.jpg 420w, https:\/\/www.pr-neu.de\/newsroom\/wordpress\/wp-content\/uploads\/2022\/02\/22-07_Fauna_01_K-573x430.jpg 573w\" sizes=\"auto, (max-width: 300px) 100vw, 300px\" \/><\/a><\/p>\n<p style=\"text-align: center;\"><!--MBNHE-->Optisch unauff\u00e4llig: Nistk\u00e4sten, in die Fassade integriert (hier StoElement Fauna MS-I 10).<br \/>\nZeichnung: Sto SE &amp; Co. KGaA<\/p>\n<p>&nbsp;<\/p>\n<p><a href=\"http:\/\/www.pr-neu.de\/newsroom\/wordpress\/wp-content\/uploads\/2022\/02\/22-07_Fauna_02_K.jpg\" target=\"_blank\" rel=\"noopener\"><img loading=\"lazy\" decoding=\"async\" class=\"aligncenter wp-image-14818 size-medium\" src=\"http:\/\/www.pr-neu.de\/newsroom\/wordpress\/wp-content\/uploads\/2022\/02\/22-07_Fauna_02_K-300x200.jpg\" alt=\"\" width=\"300\" height=\"200\" srcset=\"https:\/\/www.pr-neu.de\/newsroom\/wordpress\/wp-content\/uploads\/2022\/02\/22-07_Fauna_02_K-300x200.jpg 300w, https:\/\/www.pr-neu.de\/newsroom\/wordpress\/wp-content\/uploads\/2022\/02\/22-07_Fauna_02_K-1024x683.jpg 1024w, https:\/\/www.pr-neu.de\/newsroom\/wordpress\/wp-content\/uploads\/2022\/02\/22-07_Fauna_02_K-768x512.jpg 768w, https:\/\/www.pr-neu.de\/newsroom\/wordpress\/wp-content\/uploads\/2022\/02\/22-07_Fauna_02_K-1536x1024.jpg 1536w, https:\/\/www.pr-neu.de\/newsroom\/wordpress\/wp-content\/uploads\/2022\/02\/22-07_Fauna_02_K-2048x1365.jpg 2048w, https:\/\/www.pr-neu.de\/newsroom\/wordpress\/wp-content\/uploads\/2022\/02\/22-07_Fauna_02_K-110x73.jpg 110w, https:\/\/www.pr-neu.de\/newsroom\/wordpress\/wp-content\/uploads\/2022\/02\/22-07_Fauna_02_K-420x280.jpg 420w, https:\/\/www.pr-neu.de\/newsroom\/wordpress\/wp-content\/uploads\/2022\/02\/22-07_Fauna_02_K-645x430.jpg 645w\" sizes=\"auto, (max-width: 300px) 100vw, 300px\" \/><\/a><\/p>\n<p style=\"text-align: center;\"><!--MBNHE-->Eingebettet in ein Fassadend\u00e4mmsystem ist von dem \u00fcberputzten Nistkasten nur die Rosette um die Einflug\u00f6ffnung sichtbar.<br \/>\nBild: Sto SE &amp; Co. KGaA<\/p>\n<p>&nbsp;<\/p>\n<p><a href=\"http:\/\/www.pr-neu.de\/newsroom\/wordpress\/wp-content\/uploads\/2022\/02\/22-07_Fauna_03_K.jpg\" target=\"_blank\" rel=\"noopener\"><img loading=\"lazy\" decoding=\"async\" class=\"aligncenter wp-image-14819 size-medium\" src=\"http:\/\/www.pr-neu.de\/newsroom\/wordpress\/wp-content\/uploads\/2022\/02\/22-07_Fauna_03_K-300x190.jpg\" alt=\"\" width=\"300\" height=\"190\" srcset=\"https:\/\/www.pr-neu.de\/newsroom\/wordpress\/wp-content\/uploads\/2022\/02\/22-07_Fauna_03_K-300x190.jpg 300w, https:\/\/www.pr-neu.de\/newsroom\/wordpress\/wp-content\/uploads\/2022\/02\/22-07_Fauna_03_K-1024x649.jpg 1024w, https:\/\/www.pr-neu.de\/newsroom\/wordpress\/wp-content\/uploads\/2022\/02\/22-07_Fauna_03_K-768x487.jpg 768w, https:\/\/www.pr-neu.de\/newsroom\/wordpress\/wp-content\/uploads\/2022\/02\/22-07_Fauna_03_K-1536x974.jpg 1536w, https:\/\/www.pr-neu.de\/newsroom\/wordpress\/wp-content\/uploads\/2022\/02\/22-07_Fauna_03_K-2048x1299.jpg 2048w, https:\/\/www.pr-neu.de\/newsroom\/wordpress\/wp-content\/uploads\/2022\/02\/22-07_Fauna_03_K-110x70.jpg 110w, https:\/\/www.pr-neu.de\/newsroom\/wordpress\/wp-content\/uploads\/2022\/02\/22-07_Fauna_03_K-420x266.jpg 420w, https:\/\/www.pr-neu.de\/newsroom\/wordpress\/wp-content\/uploads\/2022\/02\/22-07_Fauna_03_K-678x430.jpg 678w\" sizes=\"auto, (max-width: 300px) 100vw, 300px\" \/><\/a><\/p>\n<p style=\"text-align: center;\"><!--MBNHE-->Der besonders f\u00fcr Sperlinge konzipierte Nistkasten StoElement Fauna SP-F 20 kann im selben Farbton beschichtet werden wie die Fassade.<br \/>\nBild: Sto SE &amp; Co. KGaA<\/p>\n<p>&nbsp;<\/p>\n<hr \/>\n<p>&nbsp;<\/p>\n<p>Abdruck honorarfrei, Belegexemplar erbeten.<\/p>\n","protected":false},"excerpt":{"rendered":"<p>Nistk\u00e4sten \u201eStoElement Fauna\u201c f\u00fcr ged\u00e4mmte Fassaden An neuen oder sanierten Geb\u00e4uden finden V\u00f6gel und Flederm\u00e4use kaum Raum, ihre Jungen aufzuziehen. Spezielle Nistk\u00e4sten lassen sich in ein WDVS einbinden oder aufsetzen und bieten den Tieren artgerechten Lebensraum. Gem\u00e4\u00df Bundesnaturschutzgesetz m\u00fcssen Ersatzquartiere f\u00fcr Tiere geschaffen werden, wenn Nistpl\u00e4tze durch Neubau oder Sanierung verloren gehen. Einfach und unauff\u00e4llig [&hellip;]<\/p>\n","protected":false},"author":6,"featured_media":14818,"comment_status":"closed","ping_status":"open","sticky":false,"template":"","format":"standard","meta":{"footnotes":""},"categories":[15],"tags":[],"class_list":["post-14816","post","type-post","status-publish","format-standard","has-post-thumbnail","hentry","category-sto"],"_links":{"self":[{"href":"https:\/\/www.pr-neu.de\/newsroom\/wp-json\/wp\/v2\/posts\/14816","targetHints":{"allow":["GET"]}}],"collection":[{"href":"https:\/\/www.pr-neu.de\/newsroom\/wp-json\/wp\/v2\/posts"}],"about":[{"href":"https:\/\/www.pr-neu.de\/newsroom\/wp-json\/wp\/v2\/types\/post"}],"author":[{"embeddable":true,"href":"https:\/\/www.pr-neu.de\/newsroom\/wp-json\/wp\/v2\/users\/6"}],"replies":[{"embeddable":true,"href":"https:\/\/www.pr-neu.de\/newsroom\/wp-json\/wp\/v2\/comments?post=14816"}],"version-history":[{"count":2,"href":"https:\/\/www.pr-neu.de\/newsroom\/wp-json\/wp\/v2\/posts\/14816\/revisions"}],"predecessor-version":[{"id":14821,"href":"https:\/\/www.pr-neu.de\/newsroom\/wp-json\/wp\/v2\/posts\/14816\/revisions\/14821"}],"wp:featuredmedia":[{"embeddable":true,"href":"https:\/\/www.pr-neu.de\/newsroom\/wp-json\/wp\/v2\/media\/14818"}],"wp:attachment":[{"href":"https:\/\/www.pr-neu.de\/newsroom\/wp-json\/wp\/v2\/media?parent=14816"}],"wp:term":[{"taxonomy":"category","embeddable":true,"href":"https:\/\/www.pr-neu.de\/newsroom\/wp-json\/wp\/v2\/categories?post=14816"},{"taxonomy":"post_tag","embeddable":true,"href":"https:\/\/www.pr-neu.de\/newsroom\/wp-json\/wp\/v2\/tags?post=14816"}],"curies":[{"name":"wp","href":"https:\/\/api.w.org\/{rel}","templated":true}]}}