{"id":14805,"date":"2022-02-23T08:54:39","date_gmt":"2022-02-23T07:54:39","guid":{"rendered":"https:\/\/www.pr-neu.de\/newsroom\/?p=14805"},"modified":"2022-02-23T09:26:50","modified_gmt":"2022-02-23T08:26:50","slug":"sedak-und-sunglass-vertrieblich-vereint","status":"publish","type":"post","link":"https:\/\/www.pr-neu.de\/newsroom\/sedak-und-sunglass-vertrieblich-vereint\/","title":{"rendered":"sedak und sunglass vertrieblich vereint"},"content":{"rendered":"<p><!--MBNHE--><\/p>\n<p><u>Glas aus einer Hand: Flach, gebogen, im \u00dcberformat<\/u><\/p>\n<p><strong>Seit rund drei Jahren geh\u00f6ren sedak, Technologief\u00fchrer f\u00fcr Glas im \u00dcberformat und High-End-Qualit\u00e4t, und sunglass industry, Spezialist f\u00fcr thermisch gebogenes Glas, zusammen. Jetzt b\u00fcndeln die beiden Unternehmen den Vertrieb unter der Marke sedak. Architektur- und Planungsb\u00fcros erhalten dadurch einen Ansprechpartner f\u00fcr das gesamte Portfolio an flachen und gebogenen Gl\u00e4sern.<\/strong><\/p>\n<p>Vertriebsleiter Kevin Berni betont: \u201eDas Auftreten unter der einheitlichen sedak-Flagge vereinfacht unseren Marktpartnern den Dialog sowie den kompletten Beschaffungsprozess und st\u00e4rkt unsere Position als Full-Service-Supplier.\u201c<\/p>\n<p><strong>Glas in au\u00dfergew\u00f6hnlicher Form und Qualit\u00e4t<\/strong><br \/>\nsedak investiert weiter in beide Standorte und baut Kapazit\u00e4ten und Qualit\u00e4tsstandards aus. 2021 ging in Gersthofen (DE) beispielsweise ein neuer 18-Meter-Biegeofen in Betrieb, in Villafranca Padovana (IT) wurde in einen 3D-Biegeofen investiert mit dem sich nun auch mehrfach gekr\u00fcmmte Gl\u00e4ser als Sicherheitsglas (TVG und ESG) ausf\u00fchren lassen. Mit einem Anisotropien-Scanner und einem 3D-Formenscanner f\u00fcr gebogene Gl\u00e4ser legt sedak weitere Grundsteine, um die Qualit\u00e4tsf\u00fchrerschaft auszubauen.<\/p>\n<p>&nbsp;<\/p>\n<hr \/>\n<p>&nbsp;<\/p>\n<p><a href=\"http:\/\/www.pr-neu.de\/newsroom\/wordpress\/wp-content\/uploads\/2022\/02\/22_03_sedak_sales-team_1_K.jpg\" target=\"_blank\" rel=\"noopener\"><img loading=\"lazy\" decoding=\"async\" class=\"aligncenter wp-image-14807 size-medium\" src=\"http:\/\/www.pr-neu.de\/newsroom\/wordpress\/wp-content\/uploads\/2022\/02\/22_03_sedak_sales-team_1_K-300x200.jpg\" alt=\"\" width=\"300\" height=\"200\" srcset=\"https:\/\/www.pr-neu.de\/newsroom\/wordpress\/wp-content\/uploads\/2022\/02\/22_03_sedak_sales-team_1_K-300x200.jpg 300w, https:\/\/www.pr-neu.de\/newsroom\/wordpress\/wp-content\/uploads\/2022\/02\/22_03_sedak_sales-team_1_K-1024x683.jpg 1024w, https:\/\/www.pr-neu.de\/newsroom\/wordpress\/wp-content\/uploads\/2022\/02\/22_03_sedak_sales-team_1_K-768x512.jpg 768w, https:\/\/www.pr-neu.de\/newsroom\/wordpress\/wp-content\/uploads\/2022\/02\/22_03_sedak_sales-team_1_K-1536x1025.jpg 1536w, https:\/\/www.pr-neu.de\/newsroom\/wordpress\/wp-content\/uploads\/2022\/02\/22_03_sedak_sales-team_1_K-2048x1366.jpg 2048w, https:\/\/www.pr-neu.de\/newsroom\/wordpress\/wp-content\/uploads\/2022\/02\/22_03_sedak_sales-team_1_K-110x73.jpg 110w, https:\/\/www.pr-neu.de\/newsroom\/wordpress\/wp-content\/uploads\/2022\/02\/22_03_sedak_sales-team_1_K-420x280.jpg 420w, https:\/\/www.pr-neu.de\/newsroom\/wordpress\/wp-content\/uploads\/2022\/02\/22_03_sedak_sales-team_1_K-645x430.jpg 645w\" sizes=\"auto, (max-width: 300px) 100vw, 300px\" \/><\/a><\/p>\n<p style=\"text-align: center;\"><!--MBNHE-->Kompetenz-Team f\u00fcr flaches und gebogenes Glas (v.l.n.r.): Maic Pannwitz (Vice president sedak, inc.), Beatriz Fernandez, Gery Chinzi, Guillaume Chinzi, Gaia Sperotto, Kevin Berni (Vertriebsleiter) und Ralf Scheurer.<\/p>\n<p>&nbsp;<\/p>\n<p><a href=\"http:\/\/www.pr-neu.de\/newsroom\/wordpress\/wp-content\/uploads\/2022\/02\/22_03_sedak_sales-team_2_K.jpg\" target=\"_blank\" rel=\"noopener\"><img loading=\"lazy\" decoding=\"async\" class=\"aligncenter wp-image-14808 size-medium\" src=\"http:\/\/www.pr-neu.de\/newsroom\/wordpress\/wp-content\/uploads\/2022\/02\/22_03_sedak_sales-team_2_K-300x194.jpg\" alt=\"\" width=\"300\" height=\"194\" srcset=\"https:\/\/www.pr-neu.de\/newsroom\/wordpress\/wp-content\/uploads\/2022\/02\/22_03_sedak_sales-team_2_K-300x194.jpg 300w, https:\/\/www.pr-neu.de\/newsroom\/wordpress\/wp-content\/uploads\/2022\/02\/22_03_sedak_sales-team_2_K-1024x661.jpg 1024w, https:\/\/www.pr-neu.de\/newsroom\/wordpress\/wp-content\/uploads\/2022\/02\/22_03_sedak_sales-team_2_K-768x496.jpg 768w, https:\/\/www.pr-neu.de\/newsroom\/wordpress\/wp-content\/uploads\/2022\/02\/22_03_sedak_sales-team_2_K-1536x991.jpg 1536w, https:\/\/www.pr-neu.de\/newsroom\/wordpress\/wp-content\/uploads\/2022\/02\/22_03_sedak_sales-team_2_K-2048x1322.jpg 2048w, https:\/\/www.pr-neu.de\/newsroom\/wordpress\/wp-content\/uploads\/2022\/02\/22_03_sedak_sales-team_2_K-110x71.jpg 110w, https:\/\/www.pr-neu.de\/newsroom\/wordpress\/wp-content\/uploads\/2022\/02\/22_03_sedak_sales-team_2_K-420x271.jpg 420w, https:\/\/www.pr-neu.de\/newsroom\/wordpress\/wp-content\/uploads\/2022\/02\/22_03_sedak_sales-team_2_K-666x430.jpg 666w\" sizes=\"auto, (max-width: 300px) 100vw, 300px\" \/><\/a><\/p>\n<p style=\"text-align: center;\"><!--MBNHE-->Kompetenz-Team f\u00fcr flaches und gebogenes Glas (v.l.n.r.): Maic Pannwitz (Vice president sedak, inc.), Beatriz Fernandez, Gery Chinzi, Guillaume Chinzi, Gaia Sperotto, Kevin Berni (Vertriebsleiter) und Ralf Scheurer.<\/p>\n<p>&nbsp;<\/p>\n<p><a href=\"http:\/\/www.pr-neu.de\/newsroom\/wordpress\/wp-content\/uploads\/2022\/02\/22_03_sedak_Kevin-Berni_K.jpg\" target=\"_blank\" rel=\"noopener\"><img loading=\"lazy\" decoding=\"async\" class=\"aligncenter wp-image-14806 size-medium\" src=\"http:\/\/www.pr-neu.de\/newsroom\/wordpress\/wp-content\/uploads\/2022\/02\/22_03_sedak_Kevin-Berni_K-300x200.jpg\" alt=\"\" width=\"300\" height=\"200\" srcset=\"https:\/\/www.pr-neu.de\/newsroom\/wordpress\/wp-content\/uploads\/2022\/02\/22_03_sedak_Kevin-Berni_K-300x200.jpg 300w, https:\/\/www.pr-neu.de\/newsroom\/wordpress\/wp-content\/uploads\/2022\/02\/22_03_sedak_Kevin-Berni_K-1024x683.jpg 1024w, https:\/\/www.pr-neu.de\/newsroom\/wordpress\/wp-content\/uploads\/2022\/02\/22_03_sedak_Kevin-Berni_K-768x512.jpg 768w, https:\/\/www.pr-neu.de\/newsroom\/wordpress\/wp-content\/uploads\/2022\/02\/22_03_sedak_Kevin-Berni_K-1536x1025.jpg 1536w, https:\/\/www.pr-neu.de\/newsroom\/wordpress\/wp-content\/uploads\/2022\/02\/22_03_sedak_Kevin-Berni_K-2048x1366.jpg 2048w, https:\/\/www.pr-neu.de\/newsroom\/wordpress\/wp-content\/uploads\/2022\/02\/22_03_sedak_Kevin-Berni_K-110x73.jpg 110w, https:\/\/www.pr-neu.de\/newsroom\/wordpress\/wp-content\/uploads\/2022\/02\/22_03_sedak_Kevin-Berni_K-420x280.jpg 420w, https:\/\/www.pr-neu.de\/newsroom\/wordpress\/wp-content\/uploads\/2022\/02\/22_03_sedak_Kevin-Berni_K-645x430.jpg 645w\" sizes=\"auto, (max-width: 300px) 100vw, 300px\" \/><\/a><\/p>\n<p style=\"text-align: center;\">Vertriebsleiter Kevin Berni will mit seinem Team die Innovationsf\u00fchrerschaft von sedak weiter ausbauen.<\/p>\n<p style=\"text-align: center;\">Alle Bilder: Thomas Dashuber \/ sedak<\/p>\n<p>&nbsp;<\/p>\n<hr \/>\n<p>&nbsp;<\/p>\n<p><strong>sedak \u2013 leading glass <\/strong><strong>\u00a0<\/strong><\/p>\n<p>Mit Pioniergeist hat sich der Glasveredler sedak (Gersthofen) seit der Gr\u00fcndung 2007 zum Premiumhersteller f\u00fcr gro\u00dfformatige Isolier- und Sicherheitsgl\u00e4ser entwickelt und Glas als Baustoff f\u00fcr Ganzglasfassaden und -d\u00e4cher weitergedacht. Dank innovativer Produkte in h\u00f6chster Qualit\u00e4t werden ikonische Fassaden und Bauwerke mit einer bislang unerreichten Transparenz realisiert.<\/p>\n<p>Monogl\u00e4ser, Mehrfachgl\u00e4ser und Funktions-Isoliergl\u00e4ser in Formaten bis 3,6 x 20 Meter fertigt sedak hochautomatisiert und effizient. Auf einer Fertigungsfl\u00e4che von 35.000 Quadratmetern und mit einem einzigartigen Maschinenpark wird das Rohglas bearbeitet, vorgespannt, laminiert, bedruckt und laminationsgebogen und zu Isolierglas gebaut. Mit der Integration des Glasspezialisten f\u00fcr gebogenes Glas, Sunglass Industry srl (Italien), geh\u00f6rt nun auch das thermische Glasbiegen zu den Kernkompetenzen. Au\u00dfergew\u00f6hnliche L\u00f6sungen liefert der Spezialist zudem f\u00fcr Luxus-Jachten mit Gl\u00e4sern, optimiert f\u00fcr den Einsatz auf hoher See.<\/p>\n<p>Insbesondere bei Sonderkonstruktionen beweist der Glasveredler l\u00f6sungsorientierte Kompetenz. Mit Forschungs- und Entwicklungsgeist, neuen Technologien sowie der Expertise von 190 Mitarbeitern treibt sedak Innovationen der Glasveredelung stetig voran und versteht sich als Partner von Architekten, Bauherren, Fassaden- und Metallbauern. Als Spezialist f\u00fcr \u00fcbergro\u00dfe und extrem schwere Gl\u00e4ser entwickelt das Unternehmen zukunftsorientierte L\u00f6sungen, um Kundenvisionen flexibel zu verwirklichen. Vom Auftrag bis zur Lieferung agiert der Glasveredler dabei als Full-Service-Supplier. So leistet sedak schon heute einen Beitrag f\u00fcr die vision\u00e4re Architektur von morgen.<\/p>\n<p>Herausragende Referenzen belegen die eindrucksvolle Kompetenz. Dazu geh\u00f6ren u.a.: Laktha Center, St. Petersburg \/ Haus der Europ\u00e4ischen Geschichte, Br\u00fcssel \/ medizinische Fakult\u00e4t, Montpellier \/ Torre Europa, Madrid \/ Iconsiam, Bangkok \/ Apple Park, Cupertino \/ Apple-Cube, New York \/ Experimenta, Heilbronn \/ zahlreiche Premium-Flagship-Stores.<\/p>\n<p>&nbsp;<\/p>\n<p><strong>Anwendungsgebiete <\/strong><\/p>\n<table>\n<tbody>\n<tr>\n<td width=\"278\">\u00b7\u00a0 \u00a0 \u00a0 \u00a0 Glasfassaden<\/p>\n<p>\u00b7\u00a0\u00a0\u00a0\u00a0\u00a0\u00a0\u00a0\u00a0 Glasd\u00e4cher<\/p>\n<p>\u00b7\u00a0\u00a0\u00a0\u00a0\u00a0\u00a0\u00a0\u00a0 Glastreppen<\/p>\n<p>\u00b7\u00a0\u00a0\u00a0\u00a0\u00a0\u00a0\u00a0\u00a0 Glasbr\u00fcstungen<\/p>\n<p>\u00b7\u00a0\u00a0\u00a0\u00a0\u00a0\u00a0\u00a0\u00a0 Jachtverglasungen<\/td>\n<td width=\"278\">\u00b7\u00a0 \u00a0 \u00a0 \u00a0 Poolverglasungen<\/p>\n<p>\u00b7\u00a0\u00a0\u00a0\u00a0\u00a0\u00a0\u00a0\u00a0 Sicherheitsverglasungen<\/p>\n<p>\u00b7\u00a0\u00a0\u00a0\u00a0\u00a0\u00a0\u00a0\u00a0 Ganzglaskonstruktionen<\/p>\n<p>\u00b7\u00a0\u00a0\u00a0\u00a0\u00a0\u00a0\u00a0\u00a0 Innenarchitektur<\/p>\n<p>\u00b7\u00a0\u00a0\u00a0\u00a0\u00a0\u00a0\u00a0\u00a0 Sonderanfertigung<\/td>\n<\/tr>\n<\/tbody>\n<\/table>\n<p>&nbsp;<\/p>\n<hr \/>\n<p>&nbsp;<\/p>\n<p>Abdruck honorarfrei, Belegexemplar erbeten.<\/p>\n","protected":false},"excerpt":{"rendered":"<p>Glas aus einer Hand: Flach, gebogen, im \u00dcberformat Seit rund drei Jahren geh\u00f6ren sedak, Technologief\u00fchrer f\u00fcr Glas im \u00dcberformat und High-End-Qualit\u00e4t, und sunglass industry, Spezialist f\u00fcr thermisch gebogenes Glas, zusammen. Jetzt b\u00fcndeln die beiden Unternehmen den Vertrieb unter der Marke sedak. Architektur- und Planungsb\u00fcros erhalten dadurch einen Ansprechpartner f\u00fcr das gesamte Portfolio an flachen und [&hellip;]<\/p>\n","protected":false},"author":6,"featured_media":14807,"comment_status":"closed","ping_status":"open","sticky":false,"template":"","format":"standard","meta":{"footnotes":""},"categories":[12],"tags":[],"class_list":["post-14805","post","type-post","status-publish","format-standard","has-post-thumbnail","hentry","category-sedak"],"_links":{"self":[{"href":"https:\/\/www.pr-neu.de\/newsroom\/wp-json\/wp\/v2\/posts\/14805","targetHints":{"allow":["GET"]}}],"collection":[{"href":"https:\/\/www.pr-neu.de\/newsroom\/wp-json\/wp\/v2\/posts"}],"about":[{"href":"https:\/\/www.pr-neu.de\/newsroom\/wp-json\/wp\/v2\/types\/post"}],"author":[{"embeddable":true,"href":"https:\/\/www.pr-neu.de\/newsroom\/wp-json\/wp\/v2\/users\/6"}],"replies":[{"embeddable":true,"href":"https:\/\/www.pr-neu.de\/newsroom\/wp-json\/wp\/v2\/comments?post=14805"}],"version-history":[{"count":4,"href":"https:\/\/www.pr-neu.de\/newsroom\/wp-json\/wp\/v2\/posts\/14805\/revisions"}],"predecessor-version":[{"id":14823,"href":"https:\/\/www.pr-neu.de\/newsroom\/wp-json\/wp\/v2\/posts\/14805\/revisions\/14823"}],"wp:featuredmedia":[{"embeddable":true,"href":"https:\/\/www.pr-neu.de\/newsroom\/wp-json\/wp\/v2\/media\/14807"}],"wp:attachment":[{"href":"https:\/\/www.pr-neu.de\/newsroom\/wp-json\/wp\/v2\/media?parent=14805"}],"wp:term":[{"taxonomy":"category","embeddable":true,"href":"https:\/\/www.pr-neu.de\/newsroom\/wp-json\/wp\/v2\/categories?post=14805"},{"taxonomy":"post_tag","embeddable":true,"href":"https:\/\/www.pr-neu.de\/newsroom\/wp-json\/wp\/v2\/tags?post=14805"}],"curies":[{"name":"wp","href":"https:\/\/api.w.org\/{rel}","templated":true}]}}