{"id":14792,"date":"2022-02-15T09:31:58","date_gmt":"2022-02-15T08:31:58","guid":{"rendered":"https:\/\/www.pr-neu.de\/newsroom\/?p=14792"},"modified":"2022-02-15T09:31:58","modified_gmt":"2022-02-15T08:31:58","slug":"fuer-mehr-farbvielfalt","status":"publish","type":"post","link":"https:\/\/www.pr-neu.de\/newsroom\/fuer-mehr-farbvielfalt\/","title":{"rendered":"F\u00fcr mehr Farbvielfalt"},"content":{"rendered":"<p><u>TS-Aluminium nimmt neue Pulverbeschichtungsanlage in Betrieb<\/u><\/p>\n<p><strong>Noch mehr Individualit\u00e4t f\u00fcr Terrassendach, Sommer- und Wintergarten: Mit einer Pulverbeschichtungsanlage baut TS-Aluminium seine Produktionskapazit\u00e4ten aus und bietet Bauherren ein breites Farbspektrum mit zw\u00f6lf neuen Trendfarben. Der Hidden Champion schlie\u00dft seine Produktionskette und liefert so Auftr\u00e4ge aus einer Hand \u2013 von der Konstruktion, Fertigung, Oberfl\u00e4chenbehandlung und Montage bis zur Auslieferung.<\/strong><\/p>\n<p>Rund vier Jahre haben Planung, Genehmigung, Installation und Inbetriebnahme in Anspruch genommen, nun erweitert eine Pulverbeschichtungsanlage das Werksgel\u00e4nde von TS-Aluminium. Mit einer Fl\u00e4che von rund 2.000 Quadratmetern ist sie Teil einer gro\u00dfen Investition in den Standort Gro\u00dfefehn.<\/p>\n<p><strong>Zukunftsf\u00e4hige Produktion<\/strong><\/p>\n<p>Die Anlage ist f\u00fcr Aluminiumprofile mit einer L\u00e4nge bis zu sieben Meter konzipiert. Bei einer Taktzeit von f\u00fcnf Minuten im Zwei-Schicht-Betrieb liegt der j\u00e4hrliche Anlagendurchsatz bei etwa 540.000 Quadratmetern. Rainer Trauernicht, Gesch\u00e4ftsf\u00fchrer von TS-Aluminium: \u201eDie Investition in modernste Fertigungstechnik hat den Effekt, dass wir auch zuk\u00fcnftig wettbewerbsstark sind. Mit der neuen Anlage setzen wir einen weiteren Fertigungsschritt \u201einhouse\u201c um \u2013 damit bauen wir unsere Produktionskapazit\u00e4t aus und sind schneller. Das st\u00e4rkt unsere Marktposition. Au\u00dferdem k\u00f6nnen wir flexibler auf k\u00fcnftige Marktanforderungen und Kundenw\u00fcnsche reagieren und unsere gewohnt hohe Serviceorientierung weiter optimieren.\u201c<\/p>\n<p><strong>Automatisierter Warentransport<\/strong><\/p>\n<p>Die neue Anlage erforderte eine angepasste Einlagerung und Logistik im Werk. Dazu wurde ein umfassendes Konzept entwickelt, das den Weg vom Rohmaterial bis zur beschichteten Fertigware nahezu vollautomatisiert erm\u00f6glicht. Die Pulverbeschichtung erfolgt auftragsbezogen, ein spezielles Logistik-Programm unterst\u00fctzt bei der Planung. Anschlie\u00dfend gelangen bis zu f\u00fcnf Rohwaren-Traversen \u00fcber ein fahrerloses Transportsystem (FTF) automatisch in die Beschichtungshalle. Dort durchlaufen sie der Reihe nach die einzelnen Prozess-Stationen in der Beschichtungsanlage (Vorbehandlung, Trockenofen, Pulverkabine, Pulvereinbrennofen). Danach werden die Traversen in den Fertigwaren-Speicher oder in die \u00dcbergabe-Station zur mechanischen Fertigung transportiert.<\/p>\n<p><strong>Nachhaltigkeit wird gro\u00dfgeschrieben<\/strong><\/p>\n<p>Auf die Energieeffizienz der neuen Anlage legt TS-Aluminium Wert: Ma\u00dfnahmen wie W\u00e4rmer\u00fcckgewinnung, Abwasserbehandlung und Wasseraufbereitung sparen Energie und schonen die Umwelt. Um W\u00e4rme erneut nutzbar zu machen, fahren die aus dem Einbrennofen kommenden Traversen nochmals in den Trockenofen ein. Dort geben sie den Gro\u00dfteil der W\u00e4rmeenergie aufgrund der hohen Temperaturdifferenz ab, was wiederum den Trocknungsprozess unterst\u00fctzt und verk\u00fcrzt. Durch die Abwasserbehandlung und Wasseraufbereitung entf\u00e4llt das Einleiten von Abwasser in das \u00f6ffentliche Kanalnetz. Dazu wird das Abwasser aus der Vorbehandlung \u00fcber einen energetisch optimierten Vakuumverdampfer gefahren, Kondensat entsteht und gelangt in eine nachgeschaltete Ionenaustauscher-Kreislaufanlage, die es zur Wiederverwendung aufbereitet. Dies hat zur Folge, dass sich nicht nur der Stadtwasserbedarf, sondern auch der Herstellungsaufwand von vollentsalztem Wasser und der damit verbundene Abwasseranfall verringern. Die Stadtwasser-Nachspeisung verhindert die Bildung schwerl\u00f6slicher Kristallverbindungen im Verdampfer-Prozess, eine energieintensive Umkehr-Osmose-Anlage ist damit hinf\u00e4llig.<\/p>\n<p>\u201e2022 wollen wir die neue Anlage, die Beschichtungshalle und die gesamte Logistik offiziell einweihen. Sie sind Teil eines breit angelegten Investitionsprogramms, das den Firmenstandort deutlich st\u00e4rken und die Besch\u00e4ftigung am Standort langfristig sichern soll\u201c, erkl\u00e4rt Trauernicht.<\/p>\n<p>&nbsp;<\/p>\n<hr \/>\n<p>&nbsp;<\/p>\n<p><a href=\"http:\/\/www.pr-neu.de\/newsroom\/wordpress\/wp-content\/uploads\/2022\/02\/21-13_Pulverbeschichtung_01_K.jpg\" target=\"_blank\" rel=\"noopener\"><img loading=\"lazy\" decoding=\"async\" class=\"aligncenter wp-image-14793 size-medium\" src=\"http:\/\/www.pr-neu.de\/newsroom\/wordpress\/wp-content\/uploads\/2022\/02\/21-13_Pulverbeschichtung_01_K-300x200.jpg\" alt=\"\" width=\"300\" height=\"200\" srcset=\"https:\/\/www.pr-neu.de\/newsroom\/wordpress\/wp-content\/uploads\/2022\/02\/21-13_Pulverbeschichtung_01_K-300x200.jpg 300w, https:\/\/www.pr-neu.de\/newsroom\/wordpress\/wp-content\/uploads\/2022\/02\/21-13_Pulverbeschichtung_01_K-1024x683.jpg 1024w, https:\/\/www.pr-neu.de\/newsroom\/wordpress\/wp-content\/uploads\/2022\/02\/21-13_Pulverbeschichtung_01_K-768x512.jpg 768w, https:\/\/www.pr-neu.de\/newsroom\/wordpress\/wp-content\/uploads\/2022\/02\/21-13_Pulverbeschichtung_01_K-1536x1024.jpg 1536w, https:\/\/www.pr-neu.de\/newsroom\/wordpress\/wp-content\/uploads\/2022\/02\/21-13_Pulverbeschichtung_01_K-2048x1365.jpg 2048w, https:\/\/www.pr-neu.de\/newsroom\/wordpress\/wp-content\/uploads\/2022\/02\/21-13_Pulverbeschichtung_01_K-110x73.jpg 110w, https:\/\/www.pr-neu.de\/newsroom\/wordpress\/wp-content\/uploads\/2022\/02\/21-13_Pulverbeschichtung_01_K-420x280.jpg 420w, https:\/\/www.pr-neu.de\/newsroom\/wordpress\/wp-content\/uploads\/2022\/02\/21-13_Pulverbeschichtung_01_K-645x430.jpg 645w\" sizes=\"auto, (max-width: 300px) 100vw, 300px\" \/><\/a><\/p>\n<p><a href=\"http:\/\/www.pr-neu.de\/newsroom\/wordpress\/wp-content\/uploads\/2022\/02\/21-13_Pulverbeschichtung_02_K.jpg\" target=\"_blank\" rel=\"noopener\"><img loading=\"lazy\" decoding=\"async\" class=\"aligncenter wp-image-14794 size-medium\" src=\"http:\/\/www.pr-neu.de\/newsroom\/wordpress\/wp-content\/uploads\/2022\/02\/21-13_Pulverbeschichtung_02_K-300x200.jpg\" alt=\"\" width=\"300\" height=\"200\" srcset=\"https:\/\/www.pr-neu.de\/newsroom\/wordpress\/wp-content\/uploads\/2022\/02\/21-13_Pulverbeschichtung_02_K-300x200.jpg 300w, https:\/\/www.pr-neu.de\/newsroom\/wordpress\/wp-content\/uploads\/2022\/02\/21-13_Pulverbeschichtung_02_K-1024x683.jpg 1024w, https:\/\/www.pr-neu.de\/newsroom\/wordpress\/wp-content\/uploads\/2022\/02\/21-13_Pulverbeschichtung_02_K-768x512.jpg 768w, https:\/\/www.pr-neu.de\/newsroom\/wordpress\/wp-content\/uploads\/2022\/02\/21-13_Pulverbeschichtung_02_K-1536x1024.jpg 1536w, https:\/\/www.pr-neu.de\/newsroom\/wordpress\/wp-content\/uploads\/2022\/02\/21-13_Pulverbeschichtung_02_K-2048x1365.jpg 2048w, https:\/\/www.pr-neu.de\/newsroom\/wordpress\/wp-content\/uploads\/2022\/02\/21-13_Pulverbeschichtung_02_K-110x73.jpg 110w, https:\/\/www.pr-neu.de\/newsroom\/wordpress\/wp-content\/uploads\/2022\/02\/21-13_Pulverbeschichtung_02_K-420x280.jpg 420w, https:\/\/www.pr-neu.de\/newsroom\/wordpress\/wp-content\/uploads\/2022\/02\/21-13_Pulverbeschichtung_02_K-645x430.jpg 645w\" sizes=\"auto, (max-width: 300px) 100vw, 300px\" \/><\/a><\/p>\n<p style=\"text-align: center;\">Mit neuer Pulverbeschichtungsanlage erweitert TS-Aluminium seine Produktionskapazit\u00e4ten \u2013 und bietet Verarbeitern ein noch breiteres Farbspektrum mit zw\u00f6lf neuen Trendfarben.<\/p>\n<p>&nbsp;<\/p>\n<p><a href=\"http:\/\/www.pr-neu.de\/newsroom\/wordpress\/wp-content\/uploads\/2022\/02\/21-13_Pulverbeschichtung_03_K.jpg\" target=\"_blank\" rel=\"noopener\"><img loading=\"lazy\" decoding=\"async\" class=\"aligncenter wp-image-14795 size-medium\" src=\"http:\/\/www.pr-neu.de\/newsroom\/wordpress\/wp-content\/uploads\/2022\/02\/21-13_Pulverbeschichtung_03_K-300x200.jpg\" alt=\"\" width=\"300\" height=\"200\" srcset=\"https:\/\/www.pr-neu.de\/newsroom\/wordpress\/wp-content\/uploads\/2022\/02\/21-13_Pulverbeschichtung_03_K-300x200.jpg 300w, https:\/\/www.pr-neu.de\/newsroom\/wordpress\/wp-content\/uploads\/2022\/02\/21-13_Pulverbeschichtung_03_K-1024x683.jpg 1024w, https:\/\/www.pr-neu.de\/newsroom\/wordpress\/wp-content\/uploads\/2022\/02\/21-13_Pulverbeschichtung_03_K-768x512.jpg 768w, https:\/\/www.pr-neu.de\/newsroom\/wordpress\/wp-content\/uploads\/2022\/02\/21-13_Pulverbeschichtung_03_K-1536x1024.jpg 1536w, https:\/\/www.pr-neu.de\/newsroom\/wordpress\/wp-content\/uploads\/2022\/02\/21-13_Pulverbeschichtung_03_K-2048x1365.jpg 2048w, https:\/\/www.pr-neu.de\/newsroom\/wordpress\/wp-content\/uploads\/2022\/02\/21-13_Pulverbeschichtung_03_K-110x73.jpg 110w, https:\/\/www.pr-neu.de\/newsroom\/wordpress\/wp-content\/uploads\/2022\/02\/21-13_Pulverbeschichtung_03_K-420x280.jpg 420w, https:\/\/www.pr-neu.de\/newsroom\/wordpress\/wp-content\/uploads\/2022\/02\/21-13_Pulverbeschichtung_03_K-645x430.jpg 645w\" sizes=\"auto, (max-width: 300px) 100vw, 300px\" \/><\/a><\/p>\n<p><a href=\"http:\/\/www.pr-neu.de\/newsroom\/wordpress\/wp-content\/uploads\/2022\/02\/21-13_Pulverbeschichtung_04_K.jpg\" target=\"_blank\" rel=\"noopener\"><img loading=\"lazy\" decoding=\"async\" class=\"aligncenter wp-image-14796 size-medium\" src=\"http:\/\/www.pr-neu.de\/newsroom\/wordpress\/wp-content\/uploads\/2022\/02\/21-13_Pulverbeschichtung_04_K-300x200.jpg\" alt=\"\" width=\"300\" height=\"200\" srcset=\"https:\/\/www.pr-neu.de\/newsroom\/wordpress\/wp-content\/uploads\/2022\/02\/21-13_Pulverbeschichtung_04_K-300x200.jpg 300w, https:\/\/www.pr-neu.de\/newsroom\/wordpress\/wp-content\/uploads\/2022\/02\/21-13_Pulverbeschichtung_04_K-1024x683.jpg 1024w, https:\/\/www.pr-neu.de\/newsroom\/wordpress\/wp-content\/uploads\/2022\/02\/21-13_Pulverbeschichtung_04_K-768x512.jpg 768w, https:\/\/www.pr-neu.de\/newsroom\/wordpress\/wp-content\/uploads\/2022\/02\/21-13_Pulverbeschichtung_04_K-1536x1024.jpg 1536w, https:\/\/www.pr-neu.de\/newsroom\/wordpress\/wp-content\/uploads\/2022\/02\/21-13_Pulverbeschichtung_04_K-2048x1365.jpg 2048w, https:\/\/www.pr-neu.de\/newsroom\/wordpress\/wp-content\/uploads\/2022\/02\/21-13_Pulverbeschichtung_04_K-110x73.jpg 110w, https:\/\/www.pr-neu.de\/newsroom\/wordpress\/wp-content\/uploads\/2022\/02\/21-13_Pulverbeschichtung_04_K-420x280.jpg 420w, https:\/\/www.pr-neu.de\/newsroom\/wordpress\/wp-content\/uploads\/2022\/02\/21-13_Pulverbeschichtung_04_K-645x430.jpg 645w\" sizes=\"auto, (max-width: 300px) 100vw, 300px\" \/><\/a><\/p>\n<p style=\"text-align: center;\">Die Anlage ist f\u00fcr Aluminiumprofile mit einer L\u00e4nge bis zu sieben Meter konzipiert, der j\u00e4hrliche Durchsatz liegt bei etwa 540.000 Quadratmetern.<\/p>\n<p>&nbsp;<\/p>\n<p><a href=\"http:\/\/www.pr-neu.de\/newsroom\/wordpress\/wp-content\/uploads\/2022\/02\/21-13_Pulverbeschichtung_05_K.jpg\" target=\"_blank\" rel=\"noopener\"><img loading=\"lazy\" decoding=\"async\" class=\"aligncenter wp-image-14797 size-medium\" src=\"http:\/\/www.pr-neu.de\/newsroom\/wordpress\/wp-content\/uploads\/2022\/02\/21-13_Pulverbeschichtung_05_K-300x200.jpg\" alt=\"\" width=\"300\" height=\"200\" srcset=\"https:\/\/www.pr-neu.de\/newsroom\/wordpress\/wp-content\/uploads\/2022\/02\/21-13_Pulverbeschichtung_05_K-300x200.jpg 300w, https:\/\/www.pr-neu.de\/newsroom\/wordpress\/wp-content\/uploads\/2022\/02\/21-13_Pulverbeschichtung_05_K-1024x683.jpg 1024w, https:\/\/www.pr-neu.de\/newsroom\/wordpress\/wp-content\/uploads\/2022\/02\/21-13_Pulverbeschichtung_05_K-768x512.jpg 768w, https:\/\/www.pr-neu.de\/newsroom\/wordpress\/wp-content\/uploads\/2022\/02\/21-13_Pulverbeschichtung_05_K-1536x1024.jpg 1536w, https:\/\/www.pr-neu.de\/newsroom\/wordpress\/wp-content\/uploads\/2022\/02\/21-13_Pulverbeschichtung_05_K-2048x1365.jpg 2048w, https:\/\/www.pr-neu.de\/newsroom\/wordpress\/wp-content\/uploads\/2022\/02\/21-13_Pulverbeschichtung_05_K-110x73.jpg 110w, https:\/\/www.pr-neu.de\/newsroom\/wordpress\/wp-content\/uploads\/2022\/02\/21-13_Pulverbeschichtung_05_K-420x280.jpg 420w, https:\/\/www.pr-neu.de\/newsroom\/wordpress\/wp-content\/uploads\/2022\/02\/21-13_Pulverbeschichtung_05_K-645x430.jpg 645w\" sizes=\"auto, (max-width: 300px) 100vw, 300px\" \/><\/a><\/p>\n<p style=\"text-align: center;\">Die Anlage ist Teil einer Werkserweiterung: TS-Aluminium investiert in den Standort Gro\u00dfefehn und setzt durch Ma\u00dfnahmen wie W\u00e4rmer\u00fcckgewinnung, Abwasserbehandlung und Wasseraufbereitung auf Nachhaltigkeit in der Produktion.<\/p>\n<p style=\"text-align: center;\">Bilder: TS-Aluminium-Profilsysteme GmbH &amp; Co. KG<\/p>\n<p>&nbsp;<\/p>\n<hr \/>\n<p>&nbsp;<\/p>\n<p>Abdruck honorarfrei, Belegexemplar erbeten.<\/p>\n","protected":false},"excerpt":{"rendered":"<p>TS-Aluminium nimmt neue Pulverbeschichtungsanlage in Betrieb Noch mehr Individualit\u00e4t f\u00fcr Terrassendach, Sommer- und Wintergarten: Mit einer Pulverbeschichtungsanlage baut TS-Aluminium seine Produktionskapazit\u00e4ten aus und bietet Bauherren ein breites Farbspektrum mit zw\u00f6lf neuen Trendfarben. Der Hidden Champion schlie\u00dft seine Produktionskette und liefert so Auftr\u00e4ge aus einer Hand \u2013 von der Konstruktion, Fertigung, Oberfl\u00e4chenbehandlung und Montage bis zur [&hellip;]<\/p>\n","protected":false},"author":6,"featured_media":14793,"comment_status":"closed","ping_status":"open","sticky":false,"template":"","format":"standard","meta":{"footnotes":""},"categories":[1761],"tags":[],"class_list":["post-14792","post","type-post","status-publish","format-standard","has-post-thumbnail","hentry","category-ts-aluminium"],"_links":{"self":[{"href":"https:\/\/www.pr-neu.de\/newsroom\/wp-json\/wp\/v2\/posts\/14792","targetHints":{"allow":["GET"]}}],"collection":[{"href":"https:\/\/www.pr-neu.de\/newsroom\/wp-json\/wp\/v2\/posts"}],"about":[{"href":"https:\/\/www.pr-neu.de\/newsroom\/wp-json\/wp\/v2\/types\/post"}],"author":[{"embeddable":true,"href":"https:\/\/www.pr-neu.de\/newsroom\/wp-json\/wp\/v2\/users\/6"}],"replies":[{"embeddable":true,"href":"https:\/\/www.pr-neu.de\/newsroom\/wp-json\/wp\/v2\/comments?post=14792"}],"version-history":[{"count":2,"href":"https:\/\/www.pr-neu.de\/newsroom\/wp-json\/wp\/v2\/posts\/14792\/revisions"}],"predecessor-version":[{"id":14799,"href":"https:\/\/www.pr-neu.de\/newsroom\/wp-json\/wp\/v2\/posts\/14792\/revisions\/14799"}],"wp:featuredmedia":[{"embeddable":true,"href":"https:\/\/www.pr-neu.de\/newsroom\/wp-json\/wp\/v2\/media\/14793"}],"wp:attachment":[{"href":"https:\/\/www.pr-neu.de\/newsroom\/wp-json\/wp\/v2\/media?parent=14792"}],"wp:term":[{"taxonomy":"category","embeddable":true,"href":"https:\/\/www.pr-neu.de\/newsroom\/wp-json\/wp\/v2\/categories?post=14792"},{"taxonomy":"post_tag","embeddable":true,"href":"https:\/\/www.pr-neu.de\/newsroom\/wp-json\/wp\/v2\/tags?post=14792"}],"curies":[{"name":"wp","href":"https:\/\/api.w.org\/{rel}","templated":true}]}}