{"id":14776,"date":"2022-02-16T08:48:08","date_gmt":"2022-02-16T07:48:08","guid":{"rendered":"https:\/\/www.pr-neu.de\/newsroom\/?p=14776"},"modified":"2022-02-14T15:01:09","modified_gmt":"2022-02-14T14:01:09","slug":"brandschutz-bestens-getarnt","status":"publish","type":"post","link":"https:\/\/www.pr-neu.de\/newsroom\/brandschutz-bestens-getarnt\/","title":{"rendered":"Brandschutz, bestens getarnt"},"content":{"rendered":"<p><u>Europa-Park: T\u00fcren verschmelzen mit der Kulisse<\/u><\/p>\n<p><strong>Brandschutz, der optisch begeistert: Im Europa-Park in Rust haben die Feuerschutz-T\u00fcren nichts vom klobigen Erscheinungsbild fr\u00fcherer Brandschutz-Elemente, im Gegenteil: Sie f\u00fcgen sich harmonisch in die anspruchsvolle Gestaltung des Freizeitparks ein. Um die Sonderl\u00f6sungen optimal umzusetzen, arbeitete der verantwortliche Bautr\u00e4ger SchwarzwaldElemente eng mit dem T\u00fcren- und Torhersteller Teckentrup (Verl) zusammen.<\/strong><\/p>\n<p>Im Dreil\u00e4ndereck Deutschland-Frankreich-Schweiz liegt Deutschlands gr\u00f6\u00dfter Freizeitpark. Auf 95 Hektar begeistert der Europa-Park mit 13 Achterbahnen und mehr als 100 Attraktionen und Shows in 15 europ\u00e4ischen Themenbereichen j\u00e4hrlich nahezu sechs Millionen Besucher. Diese passieren bei ihrem Besuch meist unbemerkt etliche T\u00fcren in den unterschiedlichsten Gr\u00f6\u00dfen und Ausf\u00fchrungen. Oft haben die T\u00fcren Brandschutz-Auflagen zu erf\u00fcllen, ca. 250 hat der Verler T\u00fcren- oder Torspezialist Teckentrup beigesteuert. Die j\u00fcngsten Neuheiten des Freizeitparks, die Wasserwelt Rulantica und das Hotel Kr\u00f8nas\u00e5r, erhielten rund 150 T\u00fcren des Tor- und T\u00fcren-Spezialisten. Die Anforderungen waren ungew\u00f6hnlich: Neben dem Schutz vor Brand, Rauch und in manchen F\u00e4llen auch vor Schall sollten die T\u00fcren zu den Kulissen der Themenbereiche passen.<\/p>\n<p>F\u00fcr die zum Teil sehr unterschiedlichen Anforderungen galt es, stets die optimale L\u00f6sung zu finden. Projektmanager Andre Gutenkunst vom ausf\u00fchrenden Bautr\u00e4ger Schwarzwald Elemente betont die gute Zusammenarbeit: \u201eGerade bei den Sonderl\u00f6sungen hat sich Teckentrup als Partner bew\u00e4hrt: Neben der notwendigen Programmbreite erhielten wir fachkundige und umfassende Beratung.\u201c Im Europa-Park kommen unter anderem T30-1\/2 FSA 62, DW42-1\/2, DW62-2, (Objekt-Innent\u00fcren) zum Einsatz \u2013 je nach Anforderung an den Feuerschutz.<\/p>\n<p>Das Ergebnis kann sich sehen lassen \u2013 oder eben auch nicht: Auf den ersten Blick sind einige T\u00fcren gar nicht zu erkennen (erst recht nicht als Brandschutzt\u00fcr), so gut f\u00fcgen sie sich in die Optik der landestypischen Architektur ein.<\/p>\n<p>&nbsp;<\/p>\n<hr \/>\n<p>&nbsp;<\/p>\n<p><strong>Steckbrief Teckentrup T\u00fcren im Europa-Park:<\/strong><br \/>\n<u>Bau-GU:<\/u> SchwarzwaldElemente GmbH<br \/>\n<u>T\u00fcren:<\/u> ca. 250 T\u00fcren von Teckentrup GmbH &amp; Co. KG (Verl, Deutschland)<br \/>\n<u>Nutzung:<\/u> Freizeitpark und Erlebnis-Resort, u.a. Hotels, Wasserwelt, 13 Achterbahnen, 15 Themenbereiche<br \/>\n<u>Letzte Erweiterungen (2019):<\/u> Wasserwelt Rulantica, Hotel \u201eKr\u00f8nas\u00e5r\u201c<\/p>\n<p>&nbsp;<\/p>\n<hr \/>\n<p>&nbsp;<\/p>\n<p><a href=\"http:\/\/www.pr-neu.de\/newsroom\/wordpress\/wp-content\/uploads\/2022\/02\/21-10_Rulantica_1_K.jpg\" target=\"_blank\" rel=\"noopener\"><img loading=\"lazy\" decoding=\"async\" class=\"aligncenter wp-image-14782 size-medium\" src=\"http:\/\/www.pr-neu.de\/newsroom\/wordpress\/wp-content\/uploads\/2022\/02\/21-10_Rulantica_1_K-300x200.jpg\" alt=\"\" width=\"300\" height=\"200\" srcset=\"https:\/\/www.pr-neu.de\/newsroom\/wordpress\/wp-content\/uploads\/2022\/02\/21-10_Rulantica_1_K-300x200.jpg 300w, https:\/\/www.pr-neu.de\/newsroom\/wordpress\/wp-content\/uploads\/2022\/02\/21-10_Rulantica_1_K-1024x683.jpg 1024w, https:\/\/www.pr-neu.de\/newsroom\/wordpress\/wp-content\/uploads\/2022\/02\/21-10_Rulantica_1_K-768x512.jpg 768w, https:\/\/www.pr-neu.de\/newsroom\/wordpress\/wp-content\/uploads\/2022\/02\/21-10_Rulantica_1_K-1536x1025.jpg 1536w, https:\/\/www.pr-neu.de\/newsroom\/wordpress\/wp-content\/uploads\/2022\/02\/21-10_Rulantica_1_K-2048x1366.jpg 2048w, https:\/\/www.pr-neu.de\/newsroom\/wordpress\/wp-content\/uploads\/2022\/02\/21-10_Rulantica_1_K-110x73.jpg 110w, https:\/\/www.pr-neu.de\/newsroom\/wordpress\/wp-content\/uploads\/2022\/02\/21-10_Rulantica_1_K-420x280.jpg 420w, https:\/\/www.pr-neu.de\/newsroom\/wordpress\/wp-content\/uploads\/2022\/02\/21-10_Rulantica_1_K-645x430.jpg 645w\" sizes=\"auto, (max-width: 300px) 100vw, 300px\" \/><\/a><\/p>\n<p><a href=\"http:\/\/www.pr-neu.de\/newsroom\/wordpress\/wp-content\/uploads\/2022\/02\/21-10_Rulantica_2_K.jpg\" target=\"_blank\" rel=\"noopener\"><img loading=\"lazy\" decoding=\"async\" class=\"aligncenter wp-image-14783 size-medium\" src=\"http:\/\/www.pr-neu.de\/newsroom\/wordpress\/wp-content\/uploads\/2022\/02\/21-10_Rulantica_2_K-300x200.jpg\" alt=\"\" width=\"300\" height=\"200\" srcset=\"https:\/\/www.pr-neu.de\/newsroom\/wordpress\/wp-content\/uploads\/2022\/02\/21-10_Rulantica_2_K-300x200.jpg 300w, https:\/\/www.pr-neu.de\/newsroom\/wordpress\/wp-content\/uploads\/2022\/02\/21-10_Rulantica_2_K-1024x683.jpg 1024w, https:\/\/www.pr-neu.de\/newsroom\/wordpress\/wp-content\/uploads\/2022\/02\/21-10_Rulantica_2_K-768x512.jpg 768w, https:\/\/www.pr-neu.de\/newsroom\/wordpress\/wp-content\/uploads\/2022\/02\/21-10_Rulantica_2_K-1536x1025.jpg 1536w, https:\/\/www.pr-neu.de\/newsroom\/wordpress\/wp-content\/uploads\/2022\/02\/21-10_Rulantica_2_K-2048x1366.jpg 2048w, https:\/\/www.pr-neu.de\/newsroom\/wordpress\/wp-content\/uploads\/2022\/02\/21-10_Rulantica_2_K-110x73.jpg 110w, https:\/\/www.pr-neu.de\/newsroom\/wordpress\/wp-content\/uploads\/2022\/02\/21-10_Rulantica_2_K-420x280.jpg 420w, https:\/\/www.pr-neu.de\/newsroom\/wordpress\/wp-content\/uploads\/2022\/02\/21-10_Rulantica_2_K-645x430.jpg 645w\" sizes=\"auto, (max-width: 300px) 100vw, 300px\" \/><\/a><\/p>\n<p style=\"text-align: center;\">Erkannt? In der \u201eWasserwelt Rulantica\u201c sind die T\u00fcren in den k\u00fcnstlichen Felsen eingelassen und passend bemalt.<\/p>\n<p>&nbsp;<\/p>\n<p><a href=\"http:\/\/www.pr-neu.de\/newsroom\/wordpress\/wp-content\/uploads\/2022\/02\/21-10_Rulantica_3_K.jpg\" target=\"_blank\" rel=\"noopener\"><img loading=\"lazy\" decoding=\"async\" class=\"aligncenter wp-image-14784 size-medium\" src=\"http:\/\/www.pr-neu.de\/newsroom\/wordpress\/wp-content\/uploads\/2022\/02\/21-10_Rulantica_3_K-200x300.jpg\" alt=\"\" width=\"200\" height=\"300\" srcset=\"https:\/\/www.pr-neu.de\/newsroom\/wordpress\/wp-content\/uploads\/2022\/02\/21-10_Rulantica_3_K-200x300.jpg 200w, https:\/\/www.pr-neu.de\/newsroom\/wordpress\/wp-content\/uploads\/2022\/02\/21-10_Rulantica_3_K-683x1024.jpg 683w, https:\/\/www.pr-neu.de\/newsroom\/wordpress\/wp-content\/uploads\/2022\/02\/21-10_Rulantica_3_K-768x1151.jpg 768w, https:\/\/www.pr-neu.de\/newsroom\/wordpress\/wp-content\/uploads\/2022\/02\/21-10_Rulantica_3_K-1025x1536.jpg 1025w, https:\/\/www.pr-neu.de\/newsroom\/wordpress\/wp-content\/uploads\/2022\/02\/21-10_Rulantica_3_K-1366x2048.jpg 1366w, https:\/\/www.pr-neu.de\/newsroom\/wordpress\/wp-content\/uploads\/2022\/02\/21-10_Rulantica_3_K-73x110.jpg 73w, https:\/\/www.pr-neu.de\/newsroom\/wordpress\/wp-content\/uploads\/2022\/02\/21-10_Rulantica_3_K-280x420.jpg 280w, https:\/\/www.pr-neu.de\/newsroom\/wordpress\/wp-content\/uploads\/2022\/02\/21-10_Rulantica_3_K-287x430.jpg 287w, https:\/\/www.pr-neu.de\/newsroom\/wordpress\/wp-content\/uploads\/2022\/02\/21-10_Rulantica_3_K.jpg 1601w\" sizes=\"auto, (max-width: 200px) 100vw, 200px\" \/><\/a><\/p>\n<p style=\"text-align: center;\">F\u00fcr den Ausgang im Notfall kommen gro\u00dfe, zweifl\u00fcgelige T\u00fcren mit Panikfunktion zum Einsatz.<\/p>\n<p>&nbsp;<\/p>\n<p><a href=\"http:\/\/www.pr-neu.de\/newsroom\/wordpress\/wp-content\/uploads\/2022\/02\/21-10_Skandinavien_1_K.jpg\" target=\"_blank\" rel=\"noopener\"><img loading=\"lazy\" decoding=\"async\" class=\"aligncenter wp-image-14785 size-medium\" src=\"http:\/\/www.pr-neu.de\/newsroom\/wordpress\/wp-content\/uploads\/2022\/02\/21-10_Skandinavien_1_K-200x300.jpg\" alt=\"\" width=\"200\" height=\"300\" srcset=\"https:\/\/www.pr-neu.de\/newsroom\/wordpress\/wp-content\/uploads\/2022\/02\/21-10_Skandinavien_1_K-200x300.jpg 200w, https:\/\/www.pr-neu.de\/newsroom\/wordpress\/wp-content\/uploads\/2022\/02\/21-10_Skandinavien_1_K-681x1024.jpg 681w, https:\/\/www.pr-neu.de\/newsroom\/wordpress\/wp-content\/uploads\/2022\/02\/21-10_Skandinavien_1_K-768x1154.jpg 768w, https:\/\/www.pr-neu.de\/newsroom\/wordpress\/wp-content\/uploads\/2022\/02\/21-10_Skandinavien_1_K-1022x1536.jpg 1022w, https:\/\/www.pr-neu.de\/newsroom\/wordpress\/wp-content\/uploads\/2022\/02\/21-10_Skandinavien_1_K-1363x2048.jpg 1363w, https:\/\/www.pr-neu.de\/newsroom\/wordpress\/wp-content\/uploads\/2022\/02\/21-10_Skandinavien_1_K-73x110.jpg 73w, https:\/\/www.pr-neu.de\/newsroom\/wordpress\/wp-content\/uploads\/2022\/02\/21-10_Skandinavien_1_K-279x420.jpg 279w, https:\/\/www.pr-neu.de\/newsroom\/wordpress\/wp-content\/uploads\/2022\/02\/21-10_Skandinavien_1_K-286x430.jpg 286w, https:\/\/www.pr-neu.de\/newsroom\/wordpress\/wp-content\/uploads\/2022\/02\/21-10_Skandinavien_1_K.jpg 1597w\" sizes=\"auto, (max-width: 200px) 100vw, 200px\" \/><\/a><\/p>\n<p style=\"text-align: center;\">Ob bemalt oder foliert: die kunstvollen Gestaltungen lassen die T\u00fcren Teil der Erlebniswelt werden \u2013 hier im Themenbereich Skandinavien.<\/p>\n<p>&nbsp;<\/p>\n<p><a href=\"http:\/\/www.pr-neu.de\/newsroom\/wordpress\/wp-content\/uploads\/2022\/02\/21-10_Skandinavien_2_K.jpg\" target=\"_blank\" rel=\"noopener\"><img loading=\"lazy\" decoding=\"async\" class=\"aligncenter wp-image-14786 size-medium\" src=\"http:\/\/www.pr-neu.de\/newsroom\/wordpress\/wp-content\/uploads\/2022\/02\/21-10_Skandinavien_2_K-300x198.jpg\" alt=\"\" width=\"300\" height=\"198\" srcset=\"https:\/\/www.pr-neu.de\/newsroom\/wordpress\/wp-content\/uploads\/2022\/02\/21-10_Skandinavien_2_K-300x198.jpg 300w, https:\/\/www.pr-neu.de\/newsroom\/wordpress\/wp-content\/uploads\/2022\/02\/21-10_Skandinavien_2_K-1024x676.jpg 1024w, https:\/\/www.pr-neu.de\/newsroom\/wordpress\/wp-content\/uploads\/2022\/02\/21-10_Skandinavien_2_K-768x507.jpg 768w, https:\/\/www.pr-neu.de\/newsroom\/wordpress\/wp-content\/uploads\/2022\/02\/21-10_Skandinavien_2_K-1536x1014.jpg 1536w, https:\/\/www.pr-neu.de\/newsroom\/wordpress\/wp-content\/uploads\/2022\/02\/21-10_Skandinavien_2_K-2048x1353.jpg 2048w, https:\/\/www.pr-neu.de\/newsroom\/wordpress\/wp-content\/uploads\/2022\/02\/21-10_Skandinavien_2_K-110x73.jpg 110w, https:\/\/www.pr-neu.de\/newsroom\/wordpress\/wp-content\/uploads\/2022\/02\/21-10_Skandinavien_2_K-420x277.jpg 420w, https:\/\/www.pr-neu.de\/newsroom\/wordpress\/wp-content\/uploads\/2022\/02\/21-10_Skandinavien_2_K-651x430.jpg 651w\" sizes=\"auto, (max-width: 300px) 100vw, 300px\" \/><\/a><\/p>\n<p style=\"text-align: center;\">Historische Holzt\u00fcr mit schweren Beschl\u00e4gen? \u2013 Optisch ja, technisch ein Feuerschutzabschluss T90-FSA \u201e62\u201c.<\/p>\n<p>&nbsp;<\/p>\n<p><a href=\"http:\/\/www.pr-neu.de\/newsroom\/wordpress\/wp-content\/uploads\/2022\/02\/21-10_Snorri-Touren_1_K.jpg\" target=\"_blank\" rel=\"noopener\"><img loading=\"lazy\" decoding=\"async\" class=\"aligncenter wp-image-14787 size-medium\" src=\"http:\/\/www.pr-neu.de\/newsroom\/wordpress\/wp-content\/uploads\/2022\/02\/21-10_Snorri-Touren_1_K-300x200.jpg\" alt=\"\" width=\"300\" height=\"200\" srcset=\"https:\/\/www.pr-neu.de\/newsroom\/wordpress\/wp-content\/uploads\/2022\/02\/21-10_Snorri-Touren_1_K-300x200.jpg 300w, https:\/\/www.pr-neu.de\/newsroom\/wordpress\/wp-content\/uploads\/2022\/02\/21-10_Snorri-Touren_1_K-1024x683.jpg 1024w, https:\/\/www.pr-neu.de\/newsroom\/wordpress\/wp-content\/uploads\/2022\/02\/21-10_Snorri-Touren_1_K-768x512.jpg 768w, https:\/\/www.pr-neu.de\/newsroom\/wordpress\/wp-content\/uploads\/2022\/02\/21-10_Snorri-Touren_1_K-1536x1025.jpg 1536w, https:\/\/www.pr-neu.de\/newsroom\/wordpress\/wp-content\/uploads\/2022\/02\/21-10_Snorri-Touren_1_K-2048x1366.jpg 2048w, https:\/\/www.pr-neu.de\/newsroom\/wordpress\/wp-content\/uploads\/2022\/02\/21-10_Snorri-Touren_1_K-110x73.jpg 110w, https:\/\/www.pr-neu.de\/newsroom\/wordpress\/wp-content\/uploads\/2022\/02\/21-10_Snorri-Touren_1_K-420x280.jpg 420w, https:\/\/www.pr-neu.de\/newsroom\/wordpress\/wp-content\/uploads\/2022\/02\/21-10_Snorri-Touren_1_K-645x430.jpg 645w\" sizes=\"auto, (max-width: 300px) 100vw, 300px\" \/><\/a><\/p>\n<p style=\"text-align: center;\">\u201eSnorri Touren\u201c \u2013 hier f\u00fchrt der Oktopus \u201eSnorri\u201c die Besucher durch die Welt von Rulantica. Stilecht auch hier bemalt und damit bestens integriert: die T\u00fcren.<\/p>\n<p>&nbsp;<\/p>\n<p><a href=\"http:\/\/www.pr-neu.de\/newsroom\/wordpress\/wp-content\/uploads\/2022\/02\/21-10_Snorri-Touren_2_K.jpg\" target=\"_blank\" rel=\"noopener\"><img loading=\"lazy\" decoding=\"async\" class=\"aligncenter wp-image-14788 size-medium\" src=\"http:\/\/www.pr-neu.de\/newsroom\/wordpress\/wp-content\/uploads\/2022\/02\/21-10_Snorri-Touren_2_K-300x200.jpg\" alt=\"\" width=\"300\" height=\"200\" srcset=\"https:\/\/www.pr-neu.de\/newsroom\/wordpress\/wp-content\/uploads\/2022\/02\/21-10_Snorri-Touren_2_K-300x200.jpg 300w, https:\/\/www.pr-neu.de\/newsroom\/wordpress\/wp-content\/uploads\/2022\/02\/21-10_Snorri-Touren_2_K-1024x683.jpg 1024w, https:\/\/www.pr-neu.de\/newsroom\/wordpress\/wp-content\/uploads\/2022\/02\/21-10_Snorri-Touren_2_K-768x512.jpg 768w, https:\/\/www.pr-neu.de\/newsroom\/wordpress\/wp-content\/uploads\/2022\/02\/21-10_Snorri-Touren_2_K-1536x1025.jpg 1536w, https:\/\/www.pr-neu.de\/newsroom\/wordpress\/wp-content\/uploads\/2022\/02\/21-10_Snorri-Touren_2_K-2048x1366.jpg 2048w, https:\/\/www.pr-neu.de\/newsroom\/wordpress\/wp-content\/uploads\/2022\/02\/21-10_Snorri-Touren_2_K-110x73.jpg 110w, https:\/\/www.pr-neu.de\/newsroom\/wordpress\/wp-content\/uploads\/2022\/02\/21-10_Snorri-Touren_2_K-420x280.jpg 420w, https:\/\/www.pr-neu.de\/newsroom\/wordpress\/wp-content\/uploads\/2022\/02\/21-10_Snorri-Touren_2_K-645x430.jpg 645w\" sizes=\"auto, (max-width: 300px) 100vw, 300px\" \/><\/a><\/p>\n<p style=\"text-align: center;\">Im Anstehbereich zu den \u201eSnorri-Touren\u201c kommen T30-T\u00fcren mit Feststellanlage zum Einsatz. Im Tagesbetrieb stehen sie offen und schlie\u00dfen nur im Falle eines Brandes.<\/p>\n<p>&nbsp;<\/p>\n<p><a href=\"http:\/\/www.pr-neu.de\/newsroom\/wordpress\/wp-content\/uploads\/2022\/02\/21-10_Kronasar_1_K.jpg\" target=\"_blank\" rel=\"noopener\"><img loading=\"lazy\" decoding=\"async\" class=\"aligncenter wp-image-14777 size-medium\" src=\"http:\/\/www.pr-neu.de\/newsroom\/wordpress\/wp-content\/uploads\/2022\/02\/21-10_Kronasar_1_K-199x300.jpg\" alt=\"\" width=\"199\" height=\"300\" srcset=\"https:\/\/www.pr-neu.de\/newsroom\/wordpress\/wp-content\/uploads\/2022\/02\/21-10_Kronasar_1_K-199x300.jpg 199w, https:\/\/www.pr-neu.de\/newsroom\/wordpress\/wp-content\/uploads\/2022\/02\/21-10_Kronasar_1_K-678x1024.jpg 678w, https:\/\/www.pr-neu.de\/newsroom\/wordpress\/wp-content\/uploads\/2022\/02\/21-10_Kronasar_1_K-768x1160.jpg 768w, https:\/\/www.pr-neu.de\/newsroom\/wordpress\/wp-content\/uploads\/2022\/02\/21-10_Kronasar_1_K-1017x1536.jpg 1017w, https:\/\/www.pr-neu.de\/newsroom\/wordpress\/wp-content\/uploads\/2022\/02\/21-10_Kronasar_1_K-1356x2048.jpg 1356w, https:\/\/www.pr-neu.de\/newsroom\/wordpress\/wp-content\/uploads\/2022\/02\/21-10_Kronasar_1_K-73x110.jpg 73w, https:\/\/www.pr-neu.de\/newsroom\/wordpress\/wp-content\/uploads\/2022\/02\/21-10_Kronasar_1_K-278x420.jpg 278w, https:\/\/www.pr-neu.de\/newsroom\/wordpress\/wp-content\/uploads\/2022\/02\/21-10_Kronasar_1_K-285x430.jpg 285w, https:\/\/www.pr-neu.de\/newsroom\/wordpress\/wp-content\/uploads\/2022\/02\/21-10_Kronasar_1_K.jpg 1589w\" sizes=\"auto, (max-width: 199px) 100vw, 199px\" \/><\/a><\/p>\n<p style=\"text-align: center;\">Elegant gel\u00f6st: zweifl\u00fcgelige Brandschutzt\u00fcr T30 mit unterschiedlich breiten T\u00fcrbl\u00e4ttern und aufw\u00e4ndiger Bemalung, passend zum Ambiente des stilvollen Restaurants.<\/p>\n<p>&nbsp;<\/p>\n<p><a href=\"http:\/\/www.pr-neu.de\/newsroom\/wordpress\/wp-content\/uploads\/2022\/02\/21-10_Kronasar_3_K.jpg\" target=\"_blank\" rel=\"noopener\"><img loading=\"lazy\" decoding=\"async\" class=\"aligncenter wp-image-14779 size-medium\" src=\"http:\/\/www.pr-neu.de\/newsroom\/wordpress\/wp-content\/uploads\/2022\/02\/21-10_Kronasar_3_K-198x300.jpg\" alt=\"\" width=\"198\" height=\"300\" srcset=\"https:\/\/www.pr-neu.de\/newsroom\/wordpress\/wp-content\/uploads\/2022\/02\/21-10_Kronasar_3_K-198x300.jpg 198w, https:\/\/www.pr-neu.de\/newsroom\/wordpress\/wp-content\/uploads\/2022\/02\/21-10_Kronasar_3_K-676x1024.jpg 676w, https:\/\/www.pr-neu.de\/newsroom\/wordpress\/wp-content\/uploads\/2022\/02\/21-10_Kronasar_3_K-768x1164.jpg 768w, https:\/\/www.pr-neu.de\/newsroom\/wordpress\/wp-content\/uploads\/2022\/02\/21-10_Kronasar_3_K-1014x1536.jpg 1014w, https:\/\/www.pr-neu.de\/newsroom\/wordpress\/wp-content\/uploads\/2022\/02\/21-10_Kronasar_3_K-1352x2048.jpg 1352w, https:\/\/www.pr-neu.de\/newsroom\/wordpress\/wp-content\/uploads\/2022\/02\/21-10_Kronasar_3_K-73x110.jpg 73w, https:\/\/www.pr-neu.de\/newsroom\/wordpress\/wp-content\/uploads\/2022\/02\/21-10_Kronasar_3_K-277x420.jpg 277w, https:\/\/www.pr-neu.de\/newsroom\/wordpress\/wp-content\/uploads\/2022\/02\/21-10_Kronasar_3_K-284x430.jpg 284w, https:\/\/www.pr-neu.de\/newsroom\/wordpress\/wp-content\/uploads\/2022\/02\/21-10_Kronasar_3_K.jpg 1584w\" sizes=\"auto, (max-width: 198px) 100vw, 198px\" \/><\/a><\/p>\n<p><a href=\"http:\/\/www.pr-neu.de\/newsroom\/wordpress\/wp-content\/uploads\/2022\/02\/21-10_Kronasar_2_K.jpg\" target=\"_blank\" rel=\"noopener\"><img loading=\"lazy\" decoding=\"async\" class=\"aligncenter wp-image-14778 size-medium\" src=\"http:\/\/www.pr-neu.de\/newsroom\/wordpress\/wp-content\/uploads\/2022\/02\/21-10_Kronasar_2_K-300x200.jpg\" alt=\"\" width=\"300\" height=\"200\" srcset=\"https:\/\/www.pr-neu.de\/newsroom\/wordpress\/wp-content\/uploads\/2022\/02\/21-10_Kronasar_2_K-300x200.jpg 300w, https:\/\/www.pr-neu.de\/newsroom\/wordpress\/wp-content\/uploads\/2022\/02\/21-10_Kronasar_2_K-1024x683.jpg 1024w, https:\/\/www.pr-neu.de\/newsroom\/wordpress\/wp-content\/uploads\/2022\/02\/21-10_Kronasar_2_K-768x512.jpg 768w, https:\/\/www.pr-neu.de\/newsroom\/wordpress\/wp-content\/uploads\/2022\/02\/21-10_Kronasar_2_K-1536x1025.jpg 1536w, https:\/\/www.pr-neu.de\/newsroom\/wordpress\/wp-content\/uploads\/2022\/02\/21-10_Kronasar_2_K-2048x1366.jpg 2048w, https:\/\/www.pr-neu.de\/newsroom\/wordpress\/wp-content\/uploads\/2022\/02\/21-10_Kronasar_2_K-110x73.jpg 110w, https:\/\/www.pr-neu.de\/newsroom\/wordpress\/wp-content\/uploads\/2022\/02\/21-10_Kronasar_2_K-420x280.jpg 420w, https:\/\/www.pr-neu.de\/newsroom\/wordpress\/wp-content\/uploads\/2022\/02\/21-10_Kronasar_2_K-645x430.jpg 645w\" sizes=\"auto, (max-width: 300px) 100vw, 300px\" \/><\/a><\/p>\n<p style=\"text-align: center;\">Hier sind die T\u00fcren der Blickfang: Rot-wei\u00dfe Schr\u00e4gstreifen auf den T\u00fcren der Technikr\u00e4ume im Bereich der Bushaltestelle.<\/p>\n<p>&nbsp;<\/p>\n<p><a href=\"http:\/\/www.pr-neu.de\/newsroom\/wordpress\/wp-content\/uploads\/2022\/02\/21-10_Kronasar_4_K.jpg\" target=\"_blank\" rel=\"noopener\"><img loading=\"lazy\" decoding=\"async\" class=\"aligncenter wp-image-14780 size-medium\" src=\"http:\/\/www.pr-neu.de\/newsroom\/wordpress\/wp-content\/uploads\/2022\/02\/21-10_Kronasar_4_K-300x200.jpg\" alt=\"\" width=\"300\" height=\"200\" srcset=\"https:\/\/www.pr-neu.de\/newsroom\/wordpress\/wp-content\/uploads\/2022\/02\/21-10_Kronasar_4_K-300x200.jpg 300w, https:\/\/www.pr-neu.de\/newsroom\/wordpress\/wp-content\/uploads\/2022\/02\/21-10_Kronasar_4_K-1024x683.jpg 1024w, https:\/\/www.pr-neu.de\/newsroom\/wordpress\/wp-content\/uploads\/2022\/02\/21-10_Kronasar_4_K-768x512.jpg 768w, https:\/\/www.pr-neu.de\/newsroom\/wordpress\/wp-content\/uploads\/2022\/02\/21-10_Kronasar_4_K-1536x1025.jpg 1536w, https:\/\/www.pr-neu.de\/newsroom\/wordpress\/wp-content\/uploads\/2022\/02\/21-10_Kronasar_4_K-2048x1366.jpg 2048w, https:\/\/www.pr-neu.de\/newsroom\/wordpress\/wp-content\/uploads\/2022\/02\/21-10_Kronasar_4_K-110x73.jpg 110w, https:\/\/www.pr-neu.de\/newsroom\/wordpress\/wp-content\/uploads\/2022\/02\/21-10_Kronasar_4_K-420x280.jpg 420w, https:\/\/www.pr-neu.de\/newsroom\/wordpress\/wp-content\/uploads\/2022\/02\/21-10_Kronasar_4_K-645x430.jpg 645w\" sizes=\"auto, (max-width: 300px) 100vw, 300px\" \/><\/a><\/p>\n<p><a href=\"http:\/\/www.pr-neu.de\/newsroom\/wordpress\/wp-content\/uploads\/2022\/02\/21-10_Kronasar_5_K.jpg\" target=\"_blank\" rel=\"noopener\"><img loading=\"lazy\" decoding=\"async\" class=\"aligncenter wp-image-14781 size-medium\" src=\"http:\/\/www.pr-neu.de\/newsroom\/wordpress\/wp-content\/uploads\/2022\/02\/21-10_Kronasar_5_K-199x300.jpg\" alt=\"\" width=\"199\" height=\"300\" srcset=\"https:\/\/www.pr-neu.de\/newsroom\/wordpress\/wp-content\/uploads\/2022\/02\/21-10_Kronasar_5_K-199x300.jpg 199w, https:\/\/www.pr-neu.de\/newsroom\/wordpress\/wp-content\/uploads\/2022\/02\/21-10_Kronasar_5_K-678x1024.jpg 678w, https:\/\/www.pr-neu.de\/newsroom\/wordpress\/wp-content\/uploads\/2022\/02\/21-10_Kronasar_5_K-768x1161.jpg 768w, https:\/\/www.pr-neu.de\/newsroom\/wordpress\/wp-content\/uploads\/2022\/02\/21-10_Kronasar_5_K-1016x1536.jpg 1016w, https:\/\/www.pr-neu.de\/newsroom\/wordpress\/wp-content\/uploads\/2022\/02\/21-10_Kronasar_5_K-1355x2048.jpg 1355w, https:\/\/www.pr-neu.de\/newsroom\/wordpress\/wp-content\/uploads\/2022\/02\/21-10_Kronasar_5_K-73x110.jpg 73w, https:\/\/www.pr-neu.de\/newsroom\/wordpress\/wp-content\/uploads\/2022\/02\/21-10_Kronasar_5_K-278x420.jpg 278w, https:\/\/www.pr-neu.de\/newsroom\/wordpress\/wp-content\/uploads\/2022\/02\/21-10_Kronasar_5_K-285x430.jpg 285w, https:\/\/www.pr-neu.de\/newsroom\/wordpress\/wp-content\/uploads\/2022\/02\/21-10_Kronasar_5_K.jpg 1588w\" sizes=\"auto, (max-width: 199px) 100vw, 199px\" \/><\/a><\/p>\n<p style=\"text-align: center;\">Der Show Cooking-Raum des Hotels Kr\u00f8nas\u00e5r f\u00e4llt durch seine imposante und rustikale Gestaltung auf. Die T\u00fcren von Teckentrup f\u00fcgen sich unauff\u00e4llig in das Gesamtbild ein.<\/p>\n<p style=\"text-align: center;\">Alle Bilder: Photodesign Eblenkamp<\/p>\n<p>&nbsp;<\/p>\n<hr \/>\n<p>&nbsp;<\/p>\n<p style=\"text-align: left;\"><strong>Teckentrup: Door Solutions<\/strong><\/p>\n<p style=\"text-align: left;\">Teckentrup z\u00e4hlt mit den Produktionswerken in Verl-S\u00fcrenheide (Hauptsitz, NRW) und Gro\u00dfz\u00f6beritz (Sachsen-Anhalt) zu den gr\u00f6\u00dften Herstellern von T\u00fcren und Toren in Europa. Insgesamt besch\u00e4ftigt das Unternehmen \u00fcber 850 Mitarbeiter, knapp 550 davon in Verl.<\/p>\n<p style=\"text-align: left;\">Das in dritter Generation inhabergef\u00fchrte mittelst\u00e4ndische Familien\u00adunternehmen hat sich insbesondere den Werten Qualit\u00e4t, Design und Service verpflichtet. St\u00e4ndige Verbesserungen der Produkte und die Entwicklung neuer Technologien sind f\u00fcr Teckentrup selbstverst\u00e4nd\u00adlich. F\u00fcr die kontinuierliche Weiterentwicklung wurde im gesamten Unternehmen eine kundenzentrierte Ausrichtung (Customer Centri\u00adcity) implementiert. So sorgt das Unternehmen daf\u00fcr, dass gemein\u00adsam mit den Partnern stets die beste L\u00f6sung gefunden wird \u2013 hinsichtlich Design, Sicherheit und Service. Das Angebot umfasst Produktl\u00f6sungen aus den Bereichen HOME (Garagentore), PROFESSIONAL (Funktionst\u00fcren), INDUSTRIAL (Industrietore).<\/p>\n<p style=\"text-align: left;\">Heute verbindet das 1932 gegr\u00fcndete Unternehmen Tradition mit Fortschritt und das stets \u201emade in Germany\u201c. Zahlreiche internatio\u00adnale Zertifizierungen sind die Basis f\u00fcr einen weltweit erfolgreichen Vertrieb der Produkte.<\/p>\n<p>&nbsp;<\/p>\n<hr \/>\n<p>&nbsp;<\/p>\n<p>Abdruck honorarfrei, Belegexemplar erbeten.<\/p>\n","protected":false},"excerpt":{"rendered":"<p>Europa-Park: T\u00fcren verschmelzen mit der Kulisse Brandschutz, der optisch begeistert: Im Europa-Park in Rust haben die Feuerschutz-T\u00fcren nichts vom klobigen Erscheinungsbild fr\u00fcherer Brandschutz-Elemente, im Gegenteil: Sie f\u00fcgen sich harmonisch in die anspruchsvolle Gestaltung des Freizeitparks ein. Um die Sonderl\u00f6sungen optimal umzusetzen, arbeitete der verantwortliche Bautr\u00e4ger SchwarzwaldElemente eng mit dem T\u00fcren- und Torhersteller Teckentrup (Verl) zusammen. [&hellip;]<\/p>\n","protected":false},"author":6,"featured_media":14786,"comment_status":"closed","ping_status":"open","sticky":false,"template":"","format":"standard","meta":{"footnotes":""},"categories":[18],"tags":[],"class_list":["post-14776","post","type-post","status-publish","format-standard","has-post-thumbnail","hentry","category-teckentrup"],"_links":{"self":[{"href":"https:\/\/www.pr-neu.de\/newsroom\/wp-json\/wp\/v2\/posts\/14776","targetHints":{"allow":["GET"]}}],"collection":[{"href":"https:\/\/www.pr-neu.de\/newsroom\/wp-json\/wp\/v2\/posts"}],"about":[{"href":"https:\/\/www.pr-neu.de\/newsroom\/wp-json\/wp\/v2\/types\/post"}],"author":[{"embeddable":true,"href":"https:\/\/www.pr-neu.de\/newsroom\/wp-json\/wp\/v2\/users\/6"}],"replies":[{"embeddable":true,"href":"https:\/\/www.pr-neu.de\/newsroom\/wp-json\/wp\/v2\/comments?post=14776"}],"version-history":[{"count":2,"href":"https:\/\/www.pr-neu.de\/newsroom\/wp-json\/wp\/v2\/posts\/14776\/revisions"}],"predecessor-version":[{"id":14790,"href":"https:\/\/www.pr-neu.de\/newsroom\/wp-json\/wp\/v2\/posts\/14776\/revisions\/14790"}],"wp:featuredmedia":[{"embeddable":true,"href":"https:\/\/www.pr-neu.de\/newsroom\/wp-json\/wp\/v2\/media\/14786"}],"wp:attachment":[{"href":"https:\/\/www.pr-neu.de\/newsroom\/wp-json\/wp\/v2\/media?parent=14776"}],"wp:term":[{"taxonomy":"category","embeddable":true,"href":"https:\/\/www.pr-neu.de\/newsroom\/wp-json\/wp\/v2\/categories?post=14776"},{"taxonomy":"post_tag","embeddable":true,"href":"https:\/\/www.pr-neu.de\/newsroom\/wp-json\/wp\/v2\/tags?post=14776"}],"curies":[{"name":"wp","href":"https:\/\/api.w.org\/{rel}","templated":true}]}}