{"id":14739,"date":"2022-02-10T08:46:52","date_gmt":"2022-02-10T07:46:52","guid":{"rendered":"https:\/\/www.pr-neu.de\/newsroom\/?p=14739"},"modified":"2022-02-11T09:20:23","modified_gmt":"2022-02-11T08:20:23","slug":"praezise-gebogenes-glas-bis-18-meter-laenge","status":"publish","type":"post","link":"https:\/\/www.pr-neu.de\/newsroom\/praezise-gebogenes-glas-bis-18-meter-laenge\/","title":{"rendered":"Pr\u00e4zise gebogenes Glas bis 18 Meter L\u00e4nge"},"content":{"rendered":"<p><!--MBNHE--><u>sedak nimmt 18m-Biegeofen in Betrieb<\/u><\/p>\n<p><strong>sedak erweitert seine Produktionskapazit\u00e4t im Bereich gebogenes Glas. Mit der Inbetriebnahme eines neuen 18m-Biegeofens setzt der Glasveredler neue Ma\u00dfst\u00e4be beim thermischen Glasbiegen und untermauert seine Technologief\u00fchrerschaft f\u00fcr gro\u00dfformatige Funktionsgl\u00e4ser.<\/strong><\/p>\n<p>Der neue sedak Biegeofen ist auf die serielle Produktion von zylindrischen gebogenem ESG und TVG in (\u00dcber)-Gro\u00dfformaten von 3,6 x 18 Metern ausgelegt. Das Biegen und Vorspannen erfolgt dabei in einem Produktionsprozess. Eine neue Technologie erm\u00f6glicht die schnelle und genaue Umstellung des Biegeradius, so k\u00f6nnen Projekte mit verschiedenen Geometrien schnell produziert werden. Abh\u00e4ngig von der Breite k\u00f6nnen Gl\u00e4ser mit einem Mindestradius von 1.000 Millimetern gebogen werden.<\/p>\n<p>Aktuell laufen auf dem sedak Bieger bereits die ersten Auftr\u00e4ge. F\u00fcr den Fr\u00fchsommer 2022 ist die Produktion eines Gro\u00df-Projektes mit Gl\u00e4sern bis 11 Metern L\u00e4nge beauftragt.<\/p>\n<p>sedak bietet das komplette Spektrum bei gebogenem Glas in nahezu jeder Form. Je nach Glasgeometrie werden die Gl\u00e4ser im entsprechenden Verfahren gefertigt. So bietet sedak neben dem thermischen ESG-\/TVG-Biegen das Laminationsbiegen f\u00fcr Gl\u00e4ser bis 20 Meter und das Gravitationsbiegeverfahren f\u00fcr nahezu jede architektonische Freiform. Die gebogenen Gl\u00e4ser werden zu Sicherheits- und Isolierglas weiterverarbeitet und k\u00f6nnen genau wie flaches Glas das komplette sedak Leistungsspektrum durchlaufen vom Golddruck bis zum schusssicheren Glas.<br \/>\nWeitere Infos: sedak.com<\/p>\n<p>&nbsp;<\/p>\n<hr \/>\n<p>&nbsp;<\/p>\n<p><a href=\"http:\/\/www.pr-neu.de\/newsroom\/wordpress\/wp-content\/uploads\/2022\/02\/22_02_sedak_18m_Bieger_1_K_2.jpg\" target=\"_blank\" rel=\"noopener\"><img loading=\"lazy\" decoding=\"async\" class=\"aligncenter wp-image-14755 size-medium\" src=\"http:\/\/www.pr-neu.de\/newsroom\/wordpress\/wp-content\/uploads\/2022\/02\/22_02_sedak_18m_Bieger_1_K_2-300x200.jpg\" alt=\"\" width=\"300\" height=\"200\" srcset=\"https:\/\/www.pr-neu.de\/newsroom\/wordpress\/wp-content\/uploads\/2022\/02\/22_02_sedak_18m_Bieger_1_K_2-300x200.jpg 300w, https:\/\/www.pr-neu.de\/newsroom\/wordpress\/wp-content\/uploads\/2022\/02\/22_02_sedak_18m_Bieger_1_K_2-1024x681.jpg 1024w, https:\/\/www.pr-neu.de\/newsroom\/wordpress\/wp-content\/uploads\/2022\/02\/22_02_sedak_18m_Bieger_1_K_2-768x511.jpg 768w, https:\/\/www.pr-neu.de\/newsroom\/wordpress\/wp-content\/uploads\/2022\/02\/22_02_sedak_18m_Bieger_1_K_2-1536x1022.jpg 1536w, https:\/\/www.pr-neu.de\/newsroom\/wordpress\/wp-content\/uploads\/2022\/02\/22_02_sedak_18m_Bieger_1_K_2-2048x1363.jpg 2048w, https:\/\/www.pr-neu.de\/newsroom\/wordpress\/wp-content\/uploads\/2022\/02\/22_02_sedak_18m_Bieger_1_K_2-110x73.jpg 110w, https:\/\/www.pr-neu.de\/newsroom\/wordpress\/wp-content\/uploads\/2022\/02\/22_02_sedak_18m_Bieger_1_K_2-420x279.jpg 420w, https:\/\/www.pr-neu.de\/newsroom\/wordpress\/wp-content\/uploads\/2022\/02\/22_02_sedak_18m_Bieger_1_K_2-646x430.jpg 646w\" sizes=\"auto, (max-width: 300px) 100vw, 300px\" \/><\/a><\/p>\n<p style=\"text-align: center;\"><!--MBNHE-->Im neuen sedak Biegeofen entstehen zylindrisch gebogene Gl\u00e4ser im \u00dcberformat bis 18 Meter L\u00e4nge.<\/p>\n<p>&nbsp;<\/p>\n<p><a href=\"http:\/\/www.pr-neu.de\/newsroom\/wordpress\/wp-content\/uploads\/2022\/02\/22_02_sedak_18m_Bieger_2_K.jpg\" target=\"_blank\" rel=\"noopener\"><img loading=\"lazy\" decoding=\"async\" class=\"aligncenter wp-image-14741 size-medium\" src=\"http:\/\/www.pr-neu.de\/newsroom\/wordpress\/wp-content\/uploads\/2022\/02\/22_02_sedak_18m_Bieger_2_K-300x200.jpg\" alt=\"\" width=\"300\" height=\"200\" srcset=\"https:\/\/www.pr-neu.de\/newsroom\/wordpress\/wp-content\/uploads\/2022\/02\/22_02_sedak_18m_Bieger_2_K-300x200.jpg 300w, https:\/\/www.pr-neu.de\/newsroom\/wordpress\/wp-content\/uploads\/2022\/02\/22_02_sedak_18m_Bieger_2_K-1024x683.jpg 1024w, https:\/\/www.pr-neu.de\/newsroom\/wordpress\/wp-content\/uploads\/2022\/02\/22_02_sedak_18m_Bieger_2_K-768x512.jpg 768w, https:\/\/www.pr-neu.de\/newsroom\/wordpress\/wp-content\/uploads\/2022\/02\/22_02_sedak_18m_Bieger_2_K-1536x1024.jpg 1536w, https:\/\/www.pr-neu.de\/newsroom\/wordpress\/wp-content\/uploads\/2022\/02\/22_02_sedak_18m_Bieger_2_K-2048x1365.jpg 2048w, https:\/\/www.pr-neu.de\/newsroom\/wordpress\/wp-content\/uploads\/2022\/02\/22_02_sedak_18m_Bieger_2_K-110x73.jpg 110w, https:\/\/www.pr-neu.de\/newsroom\/wordpress\/wp-content\/uploads\/2022\/02\/22_02_sedak_18m_Bieger_2_K-420x280.jpg 420w, https:\/\/www.pr-neu.de\/newsroom\/wordpress\/wp-content\/uploads\/2022\/02\/22_02_sedak_18m_Bieger_2_K-645x430.jpg 645w\" sizes=\"auto, (max-width: 300px) 100vw, 300px\" \/><\/a><\/p>\n<p style=\"text-align: center;\"><!--MBNHE--><span style=\"font-size: 12pt;\">Transparent und brillant gebogen: Der Glasveredler sedak setzt erneut die Messlatte f\u00fcr die Glasverarbeitung von Sonderformaten h\u00f6her. Ein Ofen verf\u00fcgt jetzt \u00fcber eine hochmoderne Biegeeinheit f\u00fcr Scheiben im \u00dcberformat bis 18 Meter L\u00e4nge.<\/span><\/p>\n<p>&nbsp;<\/p>\n<p><a href=\"http:\/\/www.pr-neu.de\/newsroom\/wordpress\/wp-content\/uploads\/2022\/02\/22_02_sedak_18m_Bieger_3_K.jpg\" target=\"_blank\" rel=\"noopener\"><img loading=\"lazy\" decoding=\"async\" class=\"aligncenter wp-image-14742 size-medium\" src=\"http:\/\/www.pr-neu.de\/newsroom\/wordpress\/wp-content\/uploads\/2022\/02\/22_02_sedak_18m_Bieger_3_K-300x200.jpg\" alt=\"\" width=\"300\" height=\"200\" srcset=\"https:\/\/www.pr-neu.de\/newsroom\/wordpress\/wp-content\/uploads\/2022\/02\/22_02_sedak_18m_Bieger_3_K-300x200.jpg 300w, https:\/\/www.pr-neu.de\/newsroom\/wordpress\/wp-content\/uploads\/2022\/02\/22_02_sedak_18m_Bieger_3_K-1024x683.jpg 1024w, https:\/\/www.pr-neu.de\/newsroom\/wordpress\/wp-content\/uploads\/2022\/02\/22_02_sedak_18m_Bieger_3_K-768x512.jpg 768w, https:\/\/www.pr-neu.de\/newsroom\/wordpress\/wp-content\/uploads\/2022\/02\/22_02_sedak_18m_Bieger_3_K-1536x1024.jpg 1536w, https:\/\/www.pr-neu.de\/newsroom\/wordpress\/wp-content\/uploads\/2022\/02\/22_02_sedak_18m_Bieger_3_K-2048x1365.jpg 2048w, https:\/\/www.pr-neu.de\/newsroom\/wordpress\/wp-content\/uploads\/2022\/02\/22_02_sedak_18m_Bieger_3_K-110x73.jpg 110w, https:\/\/www.pr-neu.de\/newsroom\/wordpress\/wp-content\/uploads\/2022\/02\/22_02_sedak_18m_Bieger_3_K-420x280.jpg 420w, https:\/\/www.pr-neu.de\/newsroom\/wordpress\/wp-content\/uploads\/2022\/02\/22_02_sedak_18m_Bieger_3_K-645x430.jpg 645w\" sizes=\"auto, (max-width: 300px) 100vw, 300px\" \/><\/a><\/p>\n<p style=\"text-align: center;\">Aktuell laufen auf dem sedak-Bieger erste Auftr\u00e4ge. Ab Fr\u00fchsommer beginnt sedak mit der Produktion von zylindrisch gebogenen ESG mit L\u00e4ngen bis 11 Meter.<\/p>\n<p style=\"text-align: center;\">Alle Bilder: sedak<\/p>\n<p>&nbsp;<\/p>\n<hr \/>\n<p>&nbsp;<\/p>\n<p><strong>sedak \u2013 leading glass <\/strong><strong>\u00a0<\/strong><\/p>\n<p>Mit Pioniergeist hat sich der Glasveredler sedak (Gersthofen) seit der Gr\u00fcndung 2007 zum Premiumhersteller f\u00fcr gro\u00dfformatige Isolier- und Sicherheitsgl\u00e4ser entwickelt und Glas als Baustoff f\u00fcr Ganzglasfassaden und -d\u00e4cher weitergedacht. Dank innovativer Produkte in h\u00f6chster Qualit\u00e4t werden ikonische Fassaden und Bauwerke mit einer bislang unerreichten Transparenz realisiert.<\/p>\n<p>Monogl\u00e4ser, Mehrfachgl\u00e4ser und Funktions-Isoliergl\u00e4ser in Formaten bis 3,6 x 20 Meter fertigt sedak hochautomatisiert und effizient. Auf einer Fertigungsfl\u00e4che von 35.000 Quadratmetern und mit einem einzigartigen Maschinenpark wird das Rohglas bearbeitet, vorgespannt, laminiert, bedruckt und laminationsgebogen und zu Isolierglas gebaut. Mit der Integration des Glasspezialisten f\u00fcr gebogenes Glas, Sunglass Industry srl (Italien), geh\u00f6rt nun auch das thermische Glasbiegen zu den Kernkompetenzen. Au\u00dfergew\u00f6hnliche L\u00f6sungen liefert der Spezialist zudem f\u00fcr Luxus-Jachten mit Gl\u00e4sern, optimiert f\u00fcr den Einsatz auf hoher See.<\/p>\n<p>Insbesondere bei Sonderkonstruktionen beweist der Glasveredler l\u00f6sungsorientierte Kompetenz. Mit Forschungs- und Entwicklungsgeist, neuen Technologien sowie der Expertise von 190 Mitarbeitern treibt sedak Innovationen der Glasveredelung stetig voran und versteht sich als Partner von Architekten, Bauherren, Fassaden- und Metallbauern. Als Spezialist f\u00fcr \u00fcbergro\u00dfe und extrem schwere Gl\u00e4ser entwickelt das Unternehmen zukunftsorientierte L\u00f6sungen, um Kundenvisionen flexibel zu verwirklichen. Vom Auftrag bis zur Lieferung agiert der Glasveredler dabei als Full-Service-Supplier. So leistet sedak schon heute einen Beitrag f\u00fcr die vision\u00e4re Architektur von morgen.<\/p>\n<p>Herausragende Referenzen belegen die eindrucksvolle Kompetenz. Dazu geh\u00f6ren u.a.: Laktha Center, St. Petersburg \/ Haus der Europ\u00e4ischen Geschichte, Br\u00fcssel \/ medizinische Fakult\u00e4t, Montpellier \/ Torre Europa, Madrid \/ Iconsiam, Bangkok \/ Apple Park, Cupertino \/ Apple-Cube, New York \/ Experimenta, Heilbronn \/ zahlreiche Premium-Flagship-Stores.<\/p>\n<p>&nbsp;<\/p>\n<p><strong>Anwendungsgebiete <\/strong><\/p>\n<table>\n<tbody>\n<tr>\n<td width=\"278\">\u00b7\u00a0\u00a0\u00a0\u00a0\u00a0\u00a0\u00a0\u00a0 Glasfassaden<\/p>\n<p>\u00b7\u00a0\u00a0\u00a0\u00a0\u00a0\u00a0\u00a0\u00a0 Glasd\u00e4cher<\/p>\n<p>\u00b7\u00a0\u00a0\u00a0\u00a0\u00a0\u00a0\u00a0\u00a0 Glastreppen<\/p>\n<p>\u00b7\u00a0\u00a0\u00a0\u00a0\u00a0\u00a0\u00a0\u00a0 Glasbr\u00fcstungen<\/p>\n<p>\u00b7\u00a0\u00a0\u00a0\u00a0\u00a0\u00a0\u00a0\u00a0 Jachtverglasungen<\/td>\n<td width=\"278\">\u00b7\u00a0\u00a0\u00a0\u00a0\u00a0\u00a0\u00a0\u00a0 Poolverglasungen<\/p>\n<p>\u00b7\u00a0\u00a0\u00a0\u00a0\u00a0\u00a0\u00a0\u00a0 Sicherheitsverglasungen<\/p>\n<p>\u00b7\u00a0\u00a0\u00a0\u00a0\u00a0\u00a0\u00a0\u00a0 Ganzglaskonstruktionen<\/p>\n<p>\u00b7\u00a0\u00a0\u00a0\u00a0\u00a0\u00a0\u00a0\u00a0 Innenarchitektur<\/p>\n<p>\u00b7\u00a0\u00a0\u00a0\u00a0\u00a0\u00a0\u00a0\u00a0 Sonderanfertigung<\/td>\n<\/tr>\n<\/tbody>\n<\/table>\n<p>&nbsp;<\/p>\n<hr \/>\n<p>&nbsp;<\/p>\n<p>Abdruck honorarfrei, Belegexemplar erbeten.<\/p>\n","protected":false},"excerpt":{"rendered":"<p>sedak nimmt 18m-Biegeofen in Betrieb sedak erweitert seine Produktionskapazit\u00e4t im Bereich gebogenes Glas. Mit der Inbetriebnahme eines neuen 18m-Biegeofens setzt der Glasveredler neue Ma\u00dfst\u00e4be beim thermischen Glasbiegen und untermauert seine Technologief\u00fchrerschaft f\u00fcr gro\u00dfformatige Funktionsgl\u00e4ser. Der neue sedak Biegeofen ist auf die serielle Produktion von zylindrischen gebogenem ESG und TVG in (\u00dcber)-Gro\u00dfformaten von 3,6 x 18 [&hellip;]<\/p>\n","protected":false},"author":6,"featured_media":14755,"comment_status":"closed","ping_status":"open","sticky":false,"template":"","format":"standard","meta":{"footnotes":""},"categories":[12],"tags":[],"class_list":["post-14739","post","type-post","status-publish","format-standard","has-post-thumbnail","hentry","category-sedak"],"_links":{"self":[{"href":"https:\/\/www.pr-neu.de\/newsroom\/wp-json\/wp\/v2\/posts\/14739","targetHints":{"allow":["GET"]}}],"collection":[{"href":"https:\/\/www.pr-neu.de\/newsroom\/wp-json\/wp\/v2\/posts"}],"about":[{"href":"https:\/\/www.pr-neu.de\/newsroom\/wp-json\/wp\/v2\/types\/post"}],"author":[{"embeddable":true,"href":"https:\/\/www.pr-neu.de\/newsroom\/wp-json\/wp\/v2\/users\/6"}],"replies":[{"embeddable":true,"href":"https:\/\/www.pr-neu.de\/newsroom\/wp-json\/wp\/v2\/comments?post=14739"}],"version-history":[{"count":6,"href":"https:\/\/www.pr-neu.de\/newsroom\/wp-json\/wp\/v2\/posts\/14739\/revisions"}],"predecessor-version":[{"id":14768,"href":"https:\/\/www.pr-neu.de\/newsroom\/wp-json\/wp\/v2\/posts\/14739\/revisions\/14768"}],"wp:featuredmedia":[{"embeddable":true,"href":"https:\/\/www.pr-neu.de\/newsroom\/wp-json\/wp\/v2\/media\/14755"}],"wp:attachment":[{"href":"https:\/\/www.pr-neu.de\/newsroom\/wp-json\/wp\/v2\/media?parent=14739"}],"wp:term":[{"taxonomy":"category","embeddable":true,"href":"https:\/\/www.pr-neu.de\/newsroom\/wp-json\/wp\/v2\/categories?post=14739"},{"taxonomy":"post_tag","embeddable":true,"href":"https:\/\/www.pr-neu.de\/newsroom\/wp-json\/wp\/v2\/tags?post=14739"}],"curies":[{"name":"wp","href":"https:\/\/api.w.org\/{rel}","templated":true}]}}