{"id":14732,"date":"2022-02-08T08:40:55","date_gmt":"2022-02-08T07:40:55","guid":{"rendered":"https:\/\/www.pr-neu.de\/newsroom\/?p=14732"},"modified":"2022-02-08T08:40:55","modified_gmt":"2022-02-08T07:40:55","slug":"umweltfreundlicher-wasserlack","status":"publish","type":"post","link":"https:\/\/www.pr-neu.de\/newsroom\/umweltfreundlicher-wasserlack\/","title":{"rendered":"Umweltfreundlicher Wasserlack"},"content":{"rendered":"<p><u>2K Seidenmattlack erstmals auf Wasserbasis \/ S\u00fcdwest: AquaVision 2K-Seidenmattlack<\/u><\/p>\n<p>Robust und ohne gef\u00e4hrliche Isocyanate: Der neue S\u00fcdwest-\u201eAquaVision 2K-Seidenmattlack\u201c ist ein umweltfreundlicher, zweikomponentiger Premiumlack auf Wasserbasis, der extrem hohe Widerstandsf\u00e4higkeit gegen mechanische und chemische Belastung erreicht. Damit eignet sich das Profi-Produkt optimal f\u00fcr h\u00e4ufig zu reinigende oder stark belastete Fl\u00e4chen \u2013 sowohl im Innen- als auch im Au\u00dfenbereich. Entsprechend reicht das Einsatzspektrum des Lacks vom Handlauf \u00fcber Fl\u00e4chen, die regelm\u00e4\u00dfig gereinigt und desinfiziert werden, bis zum farblosen Oxidationsschutz f\u00fcr Buntmetalle.<\/p>\n<p>Die umweltfreundliche Formel ohne Isocyanate vereinfacht die Applikation, da die sonst notwendigen Schutzvorkehrungen entfallen: Einfach anmischen im Gewichtsverh\u00e4ltnis 10:1 und als deckenden Lack oder Klarlack auftragen. Die geh\u00e4rteten Lack-Oberfl\u00e4chen sind best\u00e4ndig gegen typische Fl\u00e4chendesinfektionsmittel, speichel- und schwei\u00dfecht und erf\u00fcllen die Anforderungen der europ\u00e4ischen Spielzeugnorm EN 71-3. Weitere Eigenschaften des Premiumlacks: Besonders geruchsarm, farbtonbest\u00e4ndig, kratzfest, optimaler Verlauf und schnell durchh\u00e4rtend, einsetzbar auf vielen Untergr\u00fcnden (Beton, Holz, Metalle, mineralische Untergr\u00fcnde). F\u00fcr weitere Untergr\u00fcnde wie Fliesen, Keramik oder Kunststoffe empfiehlt sich eine Grundierung mit dem ebenfalls zweikomponentigen AquaVision 2K All-Grund. Der farblose oder wei\u00dfe Lack ist in den Farbt\u00f6nen des S\u00fcdwest-All-Color-Mix-Systems t\u00f6nbar.<\/p>\n<p>&nbsp;<\/p>\n<hr \/>\n<p>&nbsp;<\/p>\n<p style=\"text-align: left;\"><a href=\"http:\/\/www.pr-neu.de\/newsroom\/wordpress\/wp-content\/uploads\/2022\/02\/22_02_AquaVision_1_G-scaled.jpg\" target=\"_blank\" rel=\"noopener\"><img loading=\"lazy\" decoding=\"async\" class=\"wp-image-14734 size-medium aligncenter\" src=\"http:\/\/www.pr-neu.de\/newsroom\/wordpress\/wp-content\/uploads\/2022\/02\/22_02_AquaVision_1_G-300x200.jpg\" alt=\"\" width=\"300\" height=\"200\" srcset=\"https:\/\/www.pr-neu.de\/newsroom\/wordpress\/wp-content\/uploads\/2022\/02\/22_02_AquaVision_1_G-300x200.jpg 300w, https:\/\/www.pr-neu.de\/newsroom\/wordpress\/wp-content\/uploads\/2022\/02\/22_02_AquaVision_1_G-1024x683.jpg 1024w, https:\/\/www.pr-neu.de\/newsroom\/wordpress\/wp-content\/uploads\/2022\/02\/22_02_AquaVision_1_G-768x512.jpg 768w, https:\/\/www.pr-neu.de\/newsroom\/wordpress\/wp-content\/uploads\/2022\/02\/22_02_AquaVision_1_G-1536x1024.jpg 1536w, https:\/\/www.pr-neu.de\/newsroom\/wordpress\/wp-content\/uploads\/2022\/02\/22_02_AquaVision_1_G-2048x1365.jpg 2048w, https:\/\/www.pr-neu.de\/newsroom\/wordpress\/wp-content\/uploads\/2022\/02\/22_02_AquaVision_1_G-110x73.jpg 110w, https:\/\/www.pr-neu.de\/newsroom\/wordpress\/wp-content\/uploads\/2022\/02\/22_02_AquaVision_1_G-420x280.jpg 420w, https:\/\/www.pr-neu.de\/newsroom\/wordpress\/wp-content\/uploads\/2022\/02\/22_02_AquaVision_1_G-645x430.jpg 645w\" sizes=\"auto, (max-width: 300px) 100vw, 300px\" \/><\/a><\/p>\n<p style=\"text-align: center;\">Handl\u00e4ufe m\u00fcssen viel aushalten und zugleich hautfreundlich<br \/>\nsein. Ein Schutzanstrich mit dem neuen Lack \u201eAquaVision 2K-<br \/>\nSeidenmattlack\u201c stellt beides sicher.<br \/>\nFoto: istock \/ S\u00fcdwest<\/p>\n<p style=\"text-align: center;\"><a href=\"http:\/\/www.pr-neu.de\/newsroom\/wordpress\/wp-content\/uploads\/2022\/02\/22_02_AquaVision_2_G-scaled.jpg\" target=\"_blank\" rel=\"noopener\"><img loading=\"lazy\" decoding=\"async\" class=\"aligncenter wp-image-14735 size-medium\" src=\"http:\/\/www.pr-neu.de\/newsroom\/wordpress\/wp-content\/uploads\/2022\/02\/22_02_AquaVision_2_G-300x200.jpg\" alt=\"\" width=\"300\" height=\"200\" srcset=\"https:\/\/www.pr-neu.de\/newsroom\/wordpress\/wp-content\/uploads\/2022\/02\/22_02_AquaVision_2_G-300x200.jpg 300w, https:\/\/www.pr-neu.de\/newsroom\/wordpress\/wp-content\/uploads\/2022\/02\/22_02_AquaVision_2_G-1024x683.jpg 1024w, https:\/\/www.pr-neu.de\/newsroom\/wordpress\/wp-content\/uploads\/2022\/02\/22_02_AquaVision_2_G-768x512.jpg 768w, https:\/\/www.pr-neu.de\/newsroom\/wordpress\/wp-content\/uploads\/2022\/02\/22_02_AquaVision_2_G-1536x1024.jpg 1536w, https:\/\/www.pr-neu.de\/newsroom\/wordpress\/wp-content\/uploads\/2022\/02\/22_02_AquaVision_2_G-2048x1365.jpg 2048w, https:\/\/www.pr-neu.de\/newsroom\/wordpress\/wp-content\/uploads\/2022\/02\/22_02_AquaVision_2_G-110x73.jpg 110w, https:\/\/www.pr-neu.de\/newsroom\/wordpress\/wp-content\/uploads\/2022\/02\/22_02_AquaVision_2_G-420x280.jpg 420w, https:\/\/www.pr-neu.de\/newsroom\/wordpress\/wp-content\/uploads\/2022\/02\/22_02_AquaVision_2_G-645x430.jpg 645w\" sizes=\"auto, (max-width: 300px) 100vw, 300px\" \/><\/a><\/p>\n<p style=\"text-align: center;\">Das breite Anwendungsspektrum des zweikomponentigen<br \/>\nLacks \u201eAquaVision 2K-Seidenmattlack\u201c umfasst sogar Fliesen.<br \/>\nBei diesem Einsatz empfiehlt es sich, die Fl\u00e4che vorher mit<br \/>\n\u201eAquaVision 2K All-Grund\u201c zu grundieren.<br \/>\nFoto: istock \/ S\u00fcdwest<\/p>\n<p>&nbsp;<\/p>\n<p style=\"text-align: center;\"><a href=\"http:\/\/www.pr-neu.de\/newsroom\/wordpress\/wp-content\/uploads\/2022\/02\/22_02_AquaVision_3_G-scaled.jpg\" target=\"_blank\" rel=\"noopener\"><img loading=\"lazy\" decoding=\"async\" class=\"aligncenter wp-image-14733 size-medium\" src=\"http:\/\/www.pr-neu.de\/newsroom\/wordpress\/wp-content\/uploads\/2022\/02\/22_02_AquaVision_3_G-300x270.jpg\" alt=\"\" width=\"300\" height=\"270\" srcset=\"https:\/\/www.pr-neu.de\/newsroom\/wordpress\/wp-content\/uploads\/2022\/02\/22_02_AquaVision_3_G-300x270.jpg 300w, https:\/\/www.pr-neu.de\/newsroom\/wordpress\/wp-content\/uploads\/2022\/02\/22_02_AquaVision_3_G-1024x922.jpg 1024w, https:\/\/www.pr-neu.de\/newsroom\/wordpress\/wp-content\/uploads\/2022\/02\/22_02_AquaVision_3_G-768x691.jpg 768w, https:\/\/www.pr-neu.de\/newsroom\/wordpress\/wp-content\/uploads\/2022\/02\/22_02_AquaVision_3_G-1536x1382.jpg 1536w, https:\/\/www.pr-neu.de\/newsroom\/wordpress\/wp-content\/uploads\/2022\/02\/22_02_AquaVision_3_G-2048x1843.jpg 2048w, https:\/\/www.pr-neu.de\/newsroom\/wordpress\/wp-content\/uploads\/2022\/02\/22_02_AquaVision_3_G-110x99.jpg 110w, https:\/\/www.pr-neu.de\/newsroom\/wordpress\/wp-content\/uploads\/2022\/02\/22_02_AquaVision_3_G-420x378.jpg 420w, https:\/\/www.pr-neu.de\/newsroom\/wordpress\/wp-content\/uploads\/2022\/02\/22_02_AquaVision_3_G-478x430.jpg 478w\" sizes=\"auto, (max-width: 300px) 100vw, 300px\" \/><\/a><\/p>\n<p style=\"text-align: center;\">Der neue zweikomponentige Lack \u201eAquaVision 2-Seidenmattlack\u201c<br \/>\nwird im Verh\u00e4ltnis 1:10 angemischt.<br \/>\nBilder: S\u00fcdwest Lacke + Farben GmbH &amp; Co. KG<\/p>\n<p>&nbsp;<\/p>\n<hr \/>\n<p>&nbsp;<\/p>\n<p><strong>\u00dcber S\u00fcdwest Lacke + Farben<\/strong><\/p>\n<p>Die S\u00fcdwest Lacke + Farben GmbH &amp; Co. KG ist ein in der Pfalz beheimateter Hersteller von Lacken und Farben. Sein Produktsortiment reicht von der Bodenbeschichtung \u00fcber Holzschutz bis zur Dachfarbe, von der Innenfarbe \u00fcber Lacke bis zum W\u00e4rmed\u00e4mmverbundsystem (WDVS). Das Unternehmen steht f\u00fcr Produkte von h\u00f6chster Qualit\u00e4t, Funktionalit\u00e4t und Umweltvertr\u00e4glichkeit im Profi-Segment und z\u00e4hlt zu den f\u00fchrenden mittelst\u00e4ndischen Lackherstellern in Deutschland und Zentraleuropa.<\/p>\n<p>&nbsp;<\/p>\n<hr \/>\n<p>&nbsp;<\/p>\n<p>Abdruck honorarfrei, Belegexemplar erbeten.<\/p>\n","protected":false},"excerpt":{"rendered":"<p>2K Seidenmattlack erstmals auf Wasserbasis \/ S\u00fcdwest: AquaVision 2K-Seidenmattlack Robust und ohne gef\u00e4hrliche Isocyanate: Der neue S\u00fcdwest-\u201eAquaVision 2K-Seidenmattlack\u201c ist ein umweltfreundlicher, zweikomponentiger Premiumlack auf Wasserbasis, der extrem hohe Widerstandsf\u00e4higkeit gegen mechanische und chemische Belastung erreicht. Damit eignet sich das Profi-Produkt optimal f\u00fcr h\u00e4ufig zu reinigende oder stark belastete Fl\u00e4chen \u2013 sowohl im Innen- als auch [&hellip;]<\/p>\n","protected":false},"author":6,"featured_media":14733,"comment_status":"closed","ping_status":"open","sticky":false,"template":"","format":"standard","meta":{"footnotes":""},"categories":[17],"tags":[],"class_list":["post-14732","post","type-post","status-publish","format-standard","has-post-thumbnail","hentry","category-sudwest"],"_links":{"self":[{"href":"https:\/\/www.pr-neu.de\/newsroom\/wp-json\/wp\/v2\/posts\/14732","targetHints":{"allow":["GET"]}}],"collection":[{"href":"https:\/\/www.pr-neu.de\/newsroom\/wp-json\/wp\/v2\/posts"}],"about":[{"href":"https:\/\/www.pr-neu.de\/newsroom\/wp-json\/wp\/v2\/types\/post"}],"author":[{"embeddable":true,"href":"https:\/\/www.pr-neu.de\/newsroom\/wp-json\/wp\/v2\/users\/6"}],"replies":[{"embeddable":true,"href":"https:\/\/www.pr-neu.de\/newsroom\/wp-json\/wp\/v2\/comments?post=14732"}],"version-history":[{"count":2,"href":"https:\/\/www.pr-neu.de\/newsroom\/wp-json\/wp\/v2\/posts\/14732\/revisions"}],"predecessor-version":[{"id":14737,"href":"https:\/\/www.pr-neu.de\/newsroom\/wp-json\/wp\/v2\/posts\/14732\/revisions\/14737"}],"wp:featuredmedia":[{"embeddable":true,"href":"https:\/\/www.pr-neu.de\/newsroom\/wp-json\/wp\/v2\/media\/14733"}],"wp:attachment":[{"href":"https:\/\/www.pr-neu.de\/newsroom\/wp-json\/wp\/v2\/media?parent=14732"}],"wp:term":[{"taxonomy":"category","embeddable":true,"href":"https:\/\/www.pr-neu.de\/newsroom\/wp-json\/wp\/v2\/categories?post=14732"},{"taxonomy":"post_tag","embeddable":true,"href":"https:\/\/www.pr-neu.de\/newsroom\/wp-json\/wp\/v2\/tags?post=14732"}],"curies":[{"name":"wp","href":"https:\/\/api.w.org\/{rel}","templated":true}]}}