{"id":14728,"date":"2022-01-31T15:52:26","date_gmt":"2022-01-31T14:52:26","guid":{"rendered":"https:\/\/www.pr-neu.de\/newsroom\/?p=14728"},"modified":"2022-01-31T15:52:26","modified_gmt":"2022-01-31T14:52:26","slug":"kalenwall-ab-morgen-wieder-frei","status":"publish","type":"post","link":"https:\/\/www.pr-neu.de\/newsroom\/kalenwall-ab-morgen-wieder-frei\/","title":{"rendered":"Kalenwall ab morgen wieder frei"},"content":{"rendered":"<p><!--MBNHE--><strong><u>Braunschweig, 31.\u00a0Januar 2022<\/u>.<\/strong> Ab morgen ist der Kalenwall wieder f\u00fcr den Verkehr frei: Die Bauarbeiten werden am heutigen Montag abgeschlossen, am Dienstag baut die Stadtentw\u00e4sserung Braunschweig GmbH (SE|BS) die Verkehrssicherungen im Laufe des Vormittags ab und gibt die Stra\u00dfe wieder frei \u2013 einen Tag fr\u00fcher als urspr\u00fcnglich geplant. Aufgrund eines defekten Schmutzwasserkanal-Hausanschlusses war die Stra\u00dfe abgesackt, eine schnelle Instandsetzung war daher unumg\u00e4nglich.<span style=\"font-family: 'Arial','sans-serif';\"><span style=\"font-size: 14pt; font-family: 'Arial','sans-serif';\"><span style=\"font-size: medium;\"><br \/>\n<\/span><\/span><\/span><\/p>\n<p>&nbsp;<\/p>\n<hr \/>\n<p>&nbsp;<\/p>\n<p><strong>SE|BS-Pressestelle<\/strong><br \/>\npr neu &#8211; gedacht<\/p>\n<p>Telefon: 05307 80093 \u2013 80<br \/>\nFax: 05307 80093 \u2013 69<br \/>\nE-Mail: &#x69;&#x6e;&#102;o&#64;&#x70;&#x72;&#45;&#110;e&#x75;&#x2e;&#100;&#101;<br \/>\nInternet: www.pr-neu.de<\/p>\n","protected":false},"excerpt":{"rendered":"<p>Braunschweig, 31.\u00a0Januar 2022. Ab morgen ist der Kalenwall wieder f\u00fcr den Verkehr frei: Die Bauarbeiten werden am heutigen Montag abgeschlossen, am Dienstag baut die Stadtentw\u00e4sserung Braunschweig GmbH (SE|BS) die Verkehrssicherungen im Laufe des Vormittags ab und gibt die Stra\u00dfe wieder frei \u2013 einen Tag fr\u00fcher als urspr\u00fcnglich geplant. Aufgrund eines defekten Schmutzwasserkanal-Hausanschlusses war die Stra\u00dfe [&hellip;]<\/p>\n","protected":false},"author":6,"featured_media":8697,"comment_status":"closed","ping_status":"open","sticky":false,"template":"","format":"standard","meta":{"footnotes":""},"categories":[1517],"tags":[],"class_list":["post-14728","post","type-post","status-publish","format-standard","has-post-thumbnail","hentry","category-sebs"],"_links":{"self":[{"href":"https:\/\/www.pr-neu.de\/newsroom\/wp-json\/wp\/v2\/posts\/14728","targetHints":{"allow":["GET"]}}],"collection":[{"href":"https:\/\/www.pr-neu.de\/newsroom\/wp-json\/wp\/v2\/posts"}],"about":[{"href":"https:\/\/www.pr-neu.de\/newsroom\/wp-json\/wp\/v2\/types\/post"}],"author":[{"embeddable":true,"href":"https:\/\/www.pr-neu.de\/newsroom\/wp-json\/wp\/v2\/users\/6"}],"replies":[{"embeddable":true,"href":"https:\/\/www.pr-neu.de\/newsroom\/wp-json\/wp\/v2\/comments?post=14728"}],"version-history":[{"count":1,"href":"https:\/\/www.pr-neu.de\/newsroom\/wp-json\/wp\/v2\/posts\/14728\/revisions"}],"predecessor-version":[{"id":14729,"href":"https:\/\/www.pr-neu.de\/newsroom\/wp-json\/wp\/v2\/posts\/14728\/revisions\/14729"}],"wp:featuredmedia":[{"embeddable":true,"href":"https:\/\/www.pr-neu.de\/newsroom\/wp-json\/wp\/v2\/media\/8697"}],"wp:attachment":[{"href":"https:\/\/www.pr-neu.de\/newsroom\/wp-json\/wp\/v2\/media?parent=14728"}],"wp:term":[{"taxonomy":"category","embeddable":true,"href":"https:\/\/www.pr-neu.de\/newsroom\/wp-json\/wp\/v2\/categories?post=14728"},{"taxonomy":"post_tag","embeddable":true,"href":"https:\/\/www.pr-neu.de\/newsroom\/wp-json\/wp\/v2\/tags?post=14728"}],"curies":[{"name":"wp","href":"https:\/\/api.w.org\/{rel}","templated":true}]}}