{"id":14705,"date":"2022-01-17T10:55:55","date_gmt":"2022-01-17T09:55:55","guid":{"rendered":"https:\/\/www.pr-neu.de\/newsroom\/?p=14705"},"modified":"2022-01-17T10:55:55","modified_gmt":"2022-01-17T09:55:55","slug":"abwasserkanaele-am-oelper-see-werden-erneuert","status":"publish","type":"post","link":"https:\/\/www.pr-neu.de\/newsroom\/abwasserkanaele-am-oelper-see-werden-erneuert\/","title":{"rendered":"Abwasserkan\u00e4le am \u00d6lper See werden erneuert"},"content":{"rendered":"<p><!--MBNHE--><\/p>\n<p><strong><u>Braunschweig, 17.\u00a0Januar 2022<\/u>.<\/strong> Ab M\u00e4rz erneuert die Stadtentw\u00e4sserung Braunschweig GmbH (SE|BS) die mehr als 50 Jahre alten Abwasserleitungen am \u00d6lper See. Bereits im Januar untersucht der Kampfmittelr\u00e4umdienst das Gel\u00e4nde auf Blindg\u00e4nger, der Park wird daf\u00fcr abschnittsweise gesperrt.<\/p>\n<p>F\u00fcr die Kanalarbeiten wird dann die Stichstra\u00dfe Am Schwarzen Berge zeitweise gesperrt, f\u00fcr Fu\u00dfg\u00e4nger und Radfahrer bleibt sie passierbar. In der Bauphase ist auch im Park und in der Uferstra\u00dfe vor der Okerbr\u00fccke Biberweg mit Einschr\u00e4nkungen f\u00fcr Fu\u00dfg\u00e4nger und Radfahrer zu rechnen, Radwege werden abschnittsweise gesperrt und umgeleitet. Der Bau der neuen, rund 1.600 Meter langen Abwasserdruckrohrleitung dauert voraussichtlich bis Juni 2022.<\/p>\n<p>Die SE|BS bittet f\u00fcr die Einschr\u00e4nkungen um Verst\u00e4ndnis.<\/p>\n<p>&nbsp;<\/p>\n<hr \/>\n<p>&nbsp;<\/p>\n<p><strong>SE|BS-Pressestelle<\/strong><br \/>\npr neu &#8211; gedacht<\/p>\n<p>Telefon: 05307 80093 \u2013 80<br \/>\nFax: 05307 80093 \u2013 69<br \/>\nE-Mail: &#105;n&#x66;o&#x40;p&#x72;-&#x6e;e&#x75;&#46;&#x64;&#101;<br \/>\nInternet: www.pr-neu.de<\/p>\n","protected":false},"excerpt":{"rendered":"<p>Braunschweig, 17.\u00a0Januar 2022. Ab M\u00e4rz erneuert die Stadtentw\u00e4sserung Braunschweig GmbH (SE|BS) die mehr als 50 Jahre alten Abwasserleitungen am \u00d6lper See. Bereits im Januar untersucht der Kampfmittelr\u00e4umdienst das Gel\u00e4nde auf Blindg\u00e4nger, der Park wird daf\u00fcr abschnittsweise gesperrt. F\u00fcr die Kanalarbeiten wird dann die Stichstra\u00dfe Am Schwarzen Berge zeitweise gesperrt, f\u00fcr Fu\u00dfg\u00e4nger und Radfahrer bleibt sie [&hellip;]<\/p>\n","protected":false},"author":6,"featured_media":8697,"comment_status":"closed","ping_status":"open","sticky":false,"template":"","format":"standard","meta":{"footnotes":""},"categories":[1517],"tags":[],"class_list":["post-14705","post","type-post","status-publish","format-standard","has-post-thumbnail","hentry","category-sebs"],"_links":{"self":[{"href":"https:\/\/www.pr-neu.de\/newsroom\/wp-json\/wp\/v2\/posts\/14705","targetHints":{"allow":["GET"]}}],"collection":[{"href":"https:\/\/www.pr-neu.de\/newsroom\/wp-json\/wp\/v2\/posts"}],"about":[{"href":"https:\/\/www.pr-neu.de\/newsroom\/wp-json\/wp\/v2\/types\/post"}],"author":[{"embeddable":true,"href":"https:\/\/www.pr-neu.de\/newsroom\/wp-json\/wp\/v2\/users\/6"}],"replies":[{"embeddable":true,"href":"https:\/\/www.pr-neu.de\/newsroom\/wp-json\/wp\/v2\/comments?post=14705"}],"version-history":[{"count":1,"href":"https:\/\/www.pr-neu.de\/newsroom\/wp-json\/wp\/v2\/posts\/14705\/revisions"}],"predecessor-version":[{"id":14706,"href":"https:\/\/www.pr-neu.de\/newsroom\/wp-json\/wp\/v2\/posts\/14705\/revisions\/14706"}],"wp:featuredmedia":[{"embeddable":true,"href":"https:\/\/www.pr-neu.de\/newsroom\/wp-json\/wp\/v2\/media\/8697"}],"wp:attachment":[{"href":"https:\/\/www.pr-neu.de\/newsroom\/wp-json\/wp\/v2\/media?parent=14705"}],"wp:term":[{"taxonomy":"category","embeddable":true,"href":"https:\/\/www.pr-neu.de\/newsroom\/wp-json\/wp\/v2\/categories?post=14705"},{"taxonomy":"post_tag","embeddable":true,"href":"https:\/\/www.pr-neu.de\/newsroom\/wp-json\/wp\/v2\/tags?post=14705"}],"curies":[{"name":"wp","href":"https:\/\/api.w.org\/{rel}","templated":true}]}}