{"id":14694,"date":"2022-01-11T10:03:54","date_gmt":"2022-01-11T09:03:54","guid":{"rendered":"https:\/\/www.pr-neu.de\/newsroom\/?p=14694"},"modified":"2022-02-01T15:40:00","modified_gmt":"2022-02-01T14:40:00","slug":"glaeserne-aufwertung","status":"publish","type":"post","link":"https:\/\/www.pr-neu.de\/newsroom\/glaeserne-aufwertung\/","title":{"rendered":"Gl\u00e4serne Aufwertung"},"content":{"rendered":"<p><!--MBNHE--><u>StoVentec Glass: Au\u00dfergew\u00f6hnliche Fassadengestaltung mit Glaselementen<\/u><\/p>\n<p><strong>Verkippte Linien, leuchtendes Rot und gl\u00e4nzende Oberfl\u00e4chen: Die Konzeption des B\u00fcros artmix (Konstanz) f\u00fcr ein Optiker-Gesch\u00e4ft pr\u00e4sentiert eine ungew\u00f6hnliche und h\u00f6chst spannende Ladenfassade. Mit dem VHF-System StoVentec Glass kommt dabei der Werkstoff zum Einsatz, mit dem auch der Inhaber arbeitet: Glas.<\/strong><\/p>\n<p>\u201eEs geht darum, einzigartige Ladenkonzepte zu schaffen, die das Wesen des jeweiligen Unternehmens repr\u00e4sentieren\u201c, sagt Henning Tartsch, Inhaber von artmix. Das Konstanzer B\u00fcro, auf die Ladengestaltung f\u00fcr Optiker und Akustiker spezialisiert, hatte bereits 2010 das Innere des Optikergesch\u00e4fts in Fellbach neu gestaltet. Zehn Jahre sp\u00e4ter stand die Fassade des Ladens zur Neugestaltung an. Daf\u00fcr \u00f6ffnete artmix die Schaufenster bis an die Decke, um mehr Tageslicht ins Innere zu lassen und mehr Einblicke zu erm\u00f6glichen. Sie sollten zudem plan mit der Fassade sein, die bislang aus einem relativ grobk\u00f6rnigen Putz bestand. Weil ein Optiker mit Glas arbeitet, \u201ewollten wir ihn in ein Glashaus setzen\u201c, so Tartsch. Also begab man sich auf die Suche nach einem passenden System \u2013 und fand StoVentec Glass. Damit lie\u00df sich der Entwurf, eine Kombination mehrfarbiger, asymmetrischer Glaselemente, ideal umsetzen: StoVentec Glass besteht aus r\u00fcckseitig farbig emailliertem Einscheiben-Sicherheitsglas, vollfl\u00e4chig auf einer Tr\u00e4gerplatte aus Bl\u00e4hglasgranulat verklebt. Als vorgefertigtes Paneel wird es in die Unterkonstruktion eingeh\u00e4ngt. So setzt sich die neue Fassade aus deckenhohen Paneelen zusammen, die wiederum aus mehreren gl\u00e4sernen Teilelementen bestehen. Die Farbigkeit der Gl\u00e4ser greift die Corporate Color des Gesch\u00e4fts auf. In Kombination mit weiteren Rot-Nuancen entsteht die gew\u00fcnschte Farbdifferen-zierung. Im Detail war das mit rund 31 Quadratmetern auf den ersten Blick \u00fcberschaubar wirkende Projekt durchaus komplex: \u201eAlle vier Gewerke mussten mit minimalen Toleranzen arbeiten\u201c, erkl\u00e4rt Tartsch. Zun\u00e4chst erstellte der Schaufensterbauer die neuen, vitrinenartigen Fensterelemente, zugleich legte ein Maurer das Fundament f\u00fcr den Sockel, den ein Steinmetz ausf\u00fchrte. Zum Schluss lieferte der Fassadenbauer die fertigen Paneele an. Da die allgemeinen bauaufsichtlichen Zulassung von StoVentec Glass auch den Einsatz an abgeh\u00e4ngten Decken umfasst, war sogar die \u00dcber-Kopf-Fl\u00e4che im Durchgang samt integrierter Beleuchtung mit dem System zu gestalten.<\/p>\n<p>Rund ein dreiviertel Jahr dauerten Planung und Umsetzung. Das Ergebnis: eine plane Fassade mit optimaler Reinigungsf\u00e4higkeit und einem ganz besonderen Look.<\/p>\n<p>&nbsp;<\/p>\n<hr \/>\n<p>&nbsp;<\/p>\n<p><a href=\"http:\/\/www.pr-neu.de\/newsroom\/wordpress\/wp-content\/uploads\/2022\/01\/21-40_Geyer_01_K.jpg\" target=\"_blank\" rel=\"noopener\"><img loading=\"lazy\" decoding=\"async\" class=\"aligncenter wp-image-14695 size-medium\" src=\"http:\/\/www.pr-neu.de\/newsroom\/wordpress\/wp-content\/uploads\/2022\/01\/21-40_Geyer_01_K-300x207.jpg\" alt=\"\" width=\"300\" height=\"207\" srcset=\"https:\/\/www.pr-neu.de\/newsroom\/wordpress\/wp-content\/uploads\/2022\/01\/21-40_Geyer_01_K-300x207.jpg 300w, https:\/\/www.pr-neu.de\/newsroom\/wordpress\/wp-content\/uploads\/2022\/01\/21-40_Geyer_01_K-1024x707.jpg 1024w, https:\/\/www.pr-neu.de\/newsroom\/wordpress\/wp-content\/uploads\/2022\/01\/21-40_Geyer_01_K-768x531.jpg 768w, https:\/\/www.pr-neu.de\/newsroom\/wordpress\/wp-content\/uploads\/2022\/01\/21-40_Geyer_01_K-1536x1061.jpg 1536w, https:\/\/www.pr-neu.de\/newsroom\/wordpress\/wp-content\/uploads\/2022\/01\/21-40_Geyer_01_K-2048x1415.jpg 2048w, https:\/\/www.pr-neu.de\/newsroom\/wordpress\/wp-content\/uploads\/2022\/01\/21-40_Geyer_01_K-110x76.jpg 110w, https:\/\/www.pr-neu.de\/newsroom\/wordpress\/wp-content\/uploads\/2022\/01\/21-40_Geyer_01_K-420x290.jpg 420w, https:\/\/www.pr-neu.de\/newsroom\/wordpress\/wp-content\/uploads\/2022\/01\/21-40_Geyer_01_K-622x430.jpg 622w\" sizes=\"auto, (max-width: 300px) 100vw, 300px\" \/><\/a><\/p>\n<p style=\"text-align: center;\">31 Quadratmeter Glas: Die neue Ladenfassade ist ein ganz besonderer Blickfang. Die Paneele bestehen aus mehreren Teilgl\u00e4sern, die auf der gemeinsamen Tr\u00e4gerplatte montiert sind.<\/p>\n<p>&nbsp;<\/p>\n<p><a href=\"http:\/\/www.pr-neu.de\/newsroom\/wordpress\/wp-content\/uploads\/2022\/01\/21-40_Geyer_02_K.jpg\" target=\"_blank\" rel=\"noopener\"><img loading=\"lazy\" decoding=\"async\" class=\"wp-image-14696 size-medium aligncenter\" src=\"http:\/\/www.pr-neu.de\/newsroom\/wordpress\/wp-content\/uploads\/2022\/01\/21-40_Geyer_02_K-300x201.jpg\" alt=\"\" width=\"300\" height=\"201\" srcset=\"https:\/\/www.pr-neu.de\/newsroom\/wordpress\/wp-content\/uploads\/2022\/01\/21-40_Geyer_02_K-300x201.jpg 300w, https:\/\/www.pr-neu.de\/newsroom\/wordpress\/wp-content\/uploads\/2022\/01\/21-40_Geyer_02_K-1024x686.jpg 1024w, https:\/\/www.pr-neu.de\/newsroom\/wordpress\/wp-content\/uploads\/2022\/01\/21-40_Geyer_02_K-768x515.jpg 768w, https:\/\/www.pr-neu.de\/newsroom\/wordpress\/wp-content\/uploads\/2022\/01\/21-40_Geyer_02_K-1536x1029.jpg 1536w, https:\/\/www.pr-neu.de\/newsroom\/wordpress\/wp-content\/uploads\/2022\/01\/21-40_Geyer_02_K-2048x1372.jpg 2048w, https:\/\/www.pr-neu.de\/newsroom\/wordpress\/wp-content\/uploads\/2022\/01\/21-40_Geyer_02_K-110x74.jpg 110w, https:\/\/www.pr-neu.de\/newsroom\/wordpress\/wp-content\/uploads\/2022\/01\/21-40_Geyer_02_K-420x281.jpg 420w, https:\/\/www.pr-neu.de\/newsroom\/wordpress\/wp-content\/uploads\/2022\/01\/21-40_Geyer_02_K-642x430.jpg 642w\" sizes=\"auto, (max-width: 300px) 100vw, 300px\" \/><\/a><\/p>\n<p style=\"text-align: center;\">Das Rot leitet sich direkt aus der Corporate Color des Optikers ab, wurde aber bewusst variiert, um ein lebendiges Bild zu erreichen.<\/p>\n<p>&nbsp;<\/p>\n<p><a href=\"http:\/\/www.pr-neu.de\/newsroom\/wordpress\/wp-content\/uploads\/2022\/01\/21-40_Geyer_03_K.jpg\" target=\"_blank\" rel=\"noopener\"><img loading=\"lazy\" decoding=\"async\" class=\"aligncenter wp-image-14697 size-medium\" src=\"http:\/\/www.pr-neu.de\/newsroom\/wordpress\/wp-content\/uploads\/2022\/01\/21-40_Geyer_03_K-200x300.jpg\" alt=\"\" width=\"200\" height=\"300\" srcset=\"https:\/\/www.pr-neu.de\/newsroom\/wordpress\/wp-content\/uploads\/2022\/01\/21-40_Geyer_03_K-200x300.jpg 200w, https:\/\/www.pr-neu.de\/newsroom\/wordpress\/wp-content\/uploads\/2022\/01\/21-40_Geyer_03_K-683x1024.jpg 683w, https:\/\/www.pr-neu.de\/newsroom\/wordpress\/wp-content\/uploads\/2022\/01\/21-40_Geyer_03_K-768x1152.jpg 768w, https:\/\/www.pr-neu.de\/newsroom\/wordpress\/wp-content\/uploads\/2022\/01\/21-40_Geyer_03_K-1024x1536.jpg 1024w, https:\/\/www.pr-neu.de\/newsroom\/wordpress\/wp-content\/uploads\/2022\/01\/21-40_Geyer_03_K-1365x2048.jpg 1365w, https:\/\/www.pr-neu.de\/newsroom\/wordpress\/wp-content\/uploads\/2022\/01\/21-40_Geyer_03_K-73x110.jpg 73w, https:\/\/www.pr-neu.de\/newsroom\/wordpress\/wp-content\/uploads\/2022\/01\/21-40_Geyer_03_K-280x420.jpg 280w, https:\/\/www.pr-neu.de\/newsroom\/wordpress\/wp-content\/uploads\/2022\/01\/21-40_Geyer_03_K-287x430.jpg 287w, https:\/\/www.pr-neu.de\/newsroom\/wordpress\/wp-content\/uploads\/2022\/01\/21-40_Geyer_03_K.jpg 1600w\" sizes=\"auto, (max-width: 200px) 100vw, 200px\" \/><\/a><\/p>\n<p style=\"text-align: center;\">Basis f\u00fcr die Gliederung der neuen Fassade sind die neuen Schaufenster, die wie Vitrinen in die \u00d6ffnungen geschoben sind. Die Paneele StoVentec Glass mussten sich absolut pr\u00e4zise einf\u00fcgen.<\/p>\n<p>&nbsp;<\/p>\n<p><a href=\"http:\/\/www.pr-neu.de\/newsroom\/wordpress\/wp-content\/uploads\/2022\/01\/21-40_Geyer_04_K.jpg\" target=\"_blank\" rel=\"noopener\"><img loading=\"lazy\" decoding=\"async\" class=\"wp-image-14698 size-medium aligncenter\" src=\"http:\/\/www.pr-neu.de\/newsroom\/wordpress\/wp-content\/uploads\/2022\/01\/21-40_Geyer_04_K-300x219.jpg\" alt=\"\" width=\"300\" height=\"219\" srcset=\"https:\/\/www.pr-neu.de\/newsroom\/wordpress\/wp-content\/uploads\/2022\/01\/21-40_Geyer_04_K-300x219.jpg 300w, https:\/\/www.pr-neu.de\/newsroom\/wordpress\/wp-content\/uploads\/2022\/01\/21-40_Geyer_04_K-1024x747.jpg 1024w, https:\/\/www.pr-neu.de\/newsroom\/wordpress\/wp-content\/uploads\/2022\/01\/21-40_Geyer_04_K-768x560.jpg 768w, https:\/\/www.pr-neu.de\/newsroom\/wordpress\/wp-content\/uploads\/2022\/01\/21-40_Geyer_04_K-1536x1120.jpg 1536w, https:\/\/www.pr-neu.de\/newsroom\/wordpress\/wp-content\/uploads\/2022\/01\/21-40_Geyer_04_K-2048x1493.jpg 2048w, https:\/\/www.pr-neu.de\/newsroom\/wordpress\/wp-content\/uploads\/2022\/01\/21-40_Geyer_04_K-110x80.jpg 110w, https:\/\/www.pr-neu.de\/newsroom\/wordpress\/wp-content\/uploads\/2022\/01\/21-40_Geyer_04_K-420x306.jpg 420w, https:\/\/www.pr-neu.de\/newsroom\/wordpress\/wp-content\/uploads\/2022\/01\/21-40_Geyer_04_K-590x430.jpg 590w\" sizes=\"auto, (max-width: 300px) 100vw, 300px\" \/><\/a><\/p>\n<p style=\"text-align: center;\">Minimale Toleranzen verlangten sowohl vom spezialisierten Schaufenster- wie vom Fassadenbauer maximale Pr\u00e4zision bei der Fertigung der einzelnen Elemente.<\/p>\n<p>&nbsp;<\/p>\n<p><a href=\"http:\/\/www.pr-neu.de\/newsroom\/wordpress\/wp-content\/uploads\/2022\/01\/21-40_Geyer_05_K.jpg\" target=\"_blank\" rel=\"noopener\"><img loading=\"lazy\" decoding=\"async\" class=\"wp-image-14701 size-medium aligncenter\" src=\"http:\/\/www.pr-neu.de\/newsroom\/wordpress\/wp-content\/uploads\/2022\/01\/21-40_Geyer_05_K-200x300.jpg\" alt=\"\" width=\"200\" height=\"300\" srcset=\"https:\/\/www.pr-neu.de\/newsroom\/wordpress\/wp-content\/uploads\/2022\/01\/21-40_Geyer_05_K-200x300.jpg 200w, https:\/\/www.pr-neu.de\/newsroom\/wordpress\/wp-content\/uploads\/2022\/01\/21-40_Geyer_05_K-683x1024.jpg 683w, https:\/\/www.pr-neu.de\/newsroom\/wordpress\/wp-content\/uploads\/2022\/01\/21-40_Geyer_05_K-768x1152.jpg 768w, https:\/\/www.pr-neu.de\/newsroom\/wordpress\/wp-content\/uploads\/2022\/01\/21-40_Geyer_05_K-1024x1536.jpg 1024w, https:\/\/www.pr-neu.de\/newsroom\/wordpress\/wp-content\/uploads\/2022\/01\/21-40_Geyer_05_K-1365x2048.jpg 1365w, https:\/\/www.pr-neu.de\/newsroom\/wordpress\/wp-content\/uploads\/2022\/01\/21-40_Geyer_05_K-73x110.jpg 73w, https:\/\/www.pr-neu.de\/newsroom\/wordpress\/wp-content\/uploads\/2022\/01\/21-40_Geyer_05_K-280x420.jpg 280w, https:\/\/www.pr-neu.de\/newsroom\/wordpress\/wp-content\/uploads\/2022\/01\/21-40_Geyer_05_K-287x430.jpg 287w, https:\/\/www.pr-neu.de\/newsroom\/wordpress\/wp-content\/uploads\/2022\/01\/21-40_Geyer_05_K.jpg 1600w\" sizes=\"auto, (max-width: 200px) 100vw, 200px\" \/><\/a><\/p>\n<p style=\"text-align: center;\">Die differenzierten Rott\u00f6ne der asymmetrischen Glaselemente ergeben sich aus der \u00dcberlagerung verschieden farbiger Gl\u00e4ser und der r\u00fcckseitigen Beschichtung.<\/p>\n<p style=\"text-align: center;\">Fotos: Martin Baitinger, B\u00f6blingen<\/p>\n<p>&nbsp;<\/p>\n<hr \/>\n<p>&nbsp;<\/p>\n<p>Abdruck honorarfrei, Belegexemplar erbeten.<\/p>\n","protected":false},"excerpt":{"rendered":"<p>StoVentec Glass: Au\u00dfergew\u00f6hnliche Fassadengestaltung mit Glaselementen Verkippte Linien, leuchtendes Rot und gl\u00e4nzende Oberfl\u00e4chen: Die Konzeption des B\u00fcros artmix (Konstanz) f\u00fcr ein Optiker-Gesch\u00e4ft pr\u00e4sentiert eine ungew\u00f6hnliche und h\u00f6chst spannende Ladenfassade. Mit dem VHF-System StoVentec Glass kommt dabei der Werkstoff zum Einsatz, mit dem auch der Inhaber arbeitet: Glas. \u201eEs geht darum, einzigartige Ladenkonzepte zu schaffen, die [&hellip;]<\/p>\n","protected":false},"author":6,"featured_media":14696,"comment_status":"closed","ping_status":"open","sticky":false,"template":"","format":"standard","meta":{"footnotes":""},"categories":[15],"tags":[],"class_list":["post-14694","post","type-post","status-publish","format-standard","has-post-thumbnail","hentry","category-sto"],"_links":{"self":[{"href":"https:\/\/www.pr-neu.de\/newsroom\/wp-json\/wp\/v2\/posts\/14694","targetHints":{"allow":["GET"]}}],"collection":[{"href":"https:\/\/www.pr-neu.de\/newsroom\/wp-json\/wp\/v2\/posts"}],"about":[{"href":"https:\/\/www.pr-neu.de\/newsroom\/wp-json\/wp\/v2\/types\/post"}],"author":[{"embeddable":true,"href":"https:\/\/www.pr-neu.de\/newsroom\/wp-json\/wp\/v2\/users\/6"}],"replies":[{"embeddable":true,"href":"https:\/\/www.pr-neu.de\/newsroom\/wp-json\/wp\/v2\/comments?post=14694"}],"version-history":[{"count":5,"href":"https:\/\/www.pr-neu.de\/newsroom\/wp-json\/wp\/v2\/posts\/14694\/revisions"}],"predecessor-version":[{"id":17408,"href":"https:\/\/www.pr-neu.de\/newsroom\/wp-json\/wp\/v2\/posts\/14694\/revisions\/17408"}],"wp:featuredmedia":[{"embeddable":true,"href":"https:\/\/www.pr-neu.de\/newsroom\/wp-json\/wp\/v2\/media\/14696"}],"wp:attachment":[{"href":"https:\/\/www.pr-neu.de\/newsroom\/wp-json\/wp\/v2\/media?parent=14694"}],"wp:term":[{"taxonomy":"category","embeddable":true,"href":"https:\/\/www.pr-neu.de\/newsroom\/wp-json\/wp\/v2\/categories?post=14694"},{"taxonomy":"post_tag","embeddable":true,"href":"https:\/\/www.pr-neu.de\/newsroom\/wp-json\/wp\/v2\/tags?post=14694"}],"curies":[{"name":"wp","href":"https:\/\/api.w.org\/{rel}","templated":true}]}}