{"id":14690,"date":"2022-01-06T09:09:33","date_gmt":"2022-01-06T08:09:33","guid":{"rendered":"https:\/\/www.pr-neu.de\/newsroom\/?p=14690"},"modified":"2022-01-06T09:09:33","modified_gmt":"2022-01-06T08:09:33","slug":"teckentrup-seminare-2022","status":"publish","type":"post","link":"https:\/\/www.pr-neu.de\/newsroom\/teckentrup-seminare-2022\/","title":{"rendered":"Teckentrup-Seminare 2022"},"content":{"rendered":"<p><u>Aktuelles Fachpartner Schulungs-Programm<\/u><\/p>\n<p><!--MBNHE-->Ab Februar 2022 bietet Teckentrup wieder ein umfangreiches Programm praxisnaher Seminare, insbesondere f\u00fcr Vertrieb und Montage. Die erfahrenen Produkttrainer vermitteln effiziente Montagetechniken, Sachkundenachweise f\u00fcr Feststellanlagen oder Pr\u00fcfung \/ Wartung und Verkaufstechniken. Fester Teil des Angebotes sind Online-Formate. \u00dcber diesen Weg gelang es bereits 2021, auch in Zeiten der Pandemie Fachwissen zu vermitteln. Zur einfacheren Seminarbuchung startet Teckentrup zudem im zweiten Quartal eine Online-Plattform, die das Angebot \u00fcbersichtlich zeigt und optional Informationen zu Auffrischungszertifizierungen und der Schulungshistorie der Teilnehmer zeigt. Das Tool entstand mit dem \u201eCustomer Centricity-Ansatz\u201c, also gemeinsam mit Kunden und wird mit deren Feedback weiter entwickelt. Nach coronabedingter Pause plant das Unternehmen auch wieder Pr\u00e4senz-Seminare, wenn es die Rahmenbedingungen zulassen. Programm und weitere Infos: teckentrup.biz\/seminaranmeldung.<\/p>\n<p>&nbsp;<\/p>\n<hr \/>\n<p>&nbsp;<\/p>\n<p><a href=\"http:\/\/www.pr-neu.de\/newsroom\/wordpress\/wp-content\/uploads\/2022\/01\/22-02_Seminare_2022_K.jpg\" target=\"_blank\" rel=\"noopener\"><img loading=\"lazy\" decoding=\"async\" class=\"aligncenter wp-image-14691 size-medium\" src=\"http:\/\/www.pr-neu.de\/newsroom\/wordpress\/wp-content\/uploads\/2022\/01\/22-02_Seminare_2022_K-212x300.jpg\" alt=\"\" width=\"212\" height=\"300\" srcset=\"https:\/\/www.pr-neu.de\/newsroom\/wordpress\/wp-content\/uploads\/2022\/01\/22-02_Seminare_2022_K-212x300.jpg 212w, https:\/\/www.pr-neu.de\/newsroom\/wordpress\/wp-content\/uploads\/2022\/01\/22-02_Seminare_2022_K-724x1024.jpg 724w, https:\/\/www.pr-neu.de\/newsroom\/wordpress\/wp-content\/uploads\/2022\/01\/22-02_Seminare_2022_K-768x1086.jpg 768w, https:\/\/www.pr-neu.de\/newsroom\/wordpress\/wp-content\/uploads\/2022\/01\/22-02_Seminare_2022_K-1086x1536.jpg 1086w, https:\/\/www.pr-neu.de\/newsroom\/wordpress\/wp-content\/uploads\/2022\/01\/22-02_Seminare_2022_K-1448x2048.jpg 1448w, https:\/\/www.pr-neu.de\/newsroom\/wordpress\/wp-content\/uploads\/2022\/01\/22-02_Seminare_2022_K-78x110.jpg 78w, https:\/\/www.pr-neu.de\/newsroom\/wordpress\/wp-content\/uploads\/2022\/01\/22-02_Seminare_2022_K-297x420.jpg 297w, https:\/\/www.pr-neu.de\/newsroom\/wordpress\/wp-content\/uploads\/2022\/01\/22-02_Seminare_2022_K-304x430.jpg 304w, https:\/\/www.pr-neu.de\/newsroom\/wordpress\/wp-content\/uploads\/2022\/01\/22-02_Seminare_2022_K.jpg 1697w\" sizes=\"auto, (max-width: 212px) 100vw, 212px\" \/><\/a><\/p>\n<p style=\"text-align: center;\">2022 bietet Teckentrup ein umfangreiches Angebot an Online- und Pr\u00e4senzseminaren f\u00fcr das Metallhandwerk.<\/p>\n<p style=\"text-align: center;\">Bild: Teckentrup<\/p>\n<p>&nbsp;<\/p>\n<hr \/>\n<p>&nbsp;<\/p>\n<p style=\"text-align: left;\"><strong>Teckentrup: Door Solutions<\/strong><\/p>\n<p style=\"text-align: left;\">Teckentrup z\u00e4hlt mit den Produktionswerken in Verl-S\u00fcrenheide (Hauptsitz, NRW) und Gro\u00dfz\u00f6beritz (Sachsen-Anhalt) zu den gr\u00f6\u00dften Herstellern von T\u00fcren und Toren in Europa. Insgesamt besch\u00e4ftigt das Unternehmen \u00fcber 850 Mitarbeiter, knapp 550 davon in Verl.<\/p>\n<p style=\"text-align: left;\">Das in dritter Generation inhabergef\u00fchrte mittelst\u00e4ndische Familien\u00adunternehmen hat sich insbesondere den Werten Qualit\u00e4t, Design und Service verpflichtet. St\u00e4ndige Verbesserungen der Produkte und die Entwicklung neuer Technologien sind f\u00fcr Teckentrup selbstverst\u00e4nd\u00adlich. F\u00fcr die kontinuierliche Weiterentwicklung wurde im gesamten Unternehmen eine kundenzentrierte Ausrichtung (Customer Centri\u00adcity) implementiert. So sorgt das Unternehmen daf\u00fcr, dass gemein\u00adsam mit den Partnern stets die beste L\u00f6sung gefunden wird \u2013 hinsichtlich Design, Sicherheit und Service. Das Angebot umfasst Produktl\u00f6sungen aus den Bereichen HOME (Garagentore), PROFESSIONAL (Funktionst\u00fcren), INDUSTRIAL (Industrietore).<\/p>\n<p style=\"text-align: left;\">Heute verbindet das 1932 gegr\u00fcndete Unternehmen Tradition mit Fortschritt und das stets \u201emade in Germany\u201c. Zahlreiche internatio\u00adnale Zertifizierungen sind die Basis f\u00fcr einen weltweit erfolgreichen Vertrieb der Produkte.<\/p>\n<p>&nbsp;<\/p>\n<hr \/>\n<p>&nbsp;<\/p>\n<p>Abdruck honorarfrei, Belegexemplar erbeten.<\/p>\n","protected":false},"excerpt":{"rendered":"<p>Aktuelles Fachpartner Schulungs-Programm Ab Februar 2022 bietet Teckentrup wieder ein umfangreiches Programm praxisnaher Seminare, insbesondere f\u00fcr Vertrieb und Montage. Die erfahrenen Produkttrainer vermitteln effiziente Montagetechniken, Sachkundenachweise f\u00fcr Feststellanlagen oder Pr\u00fcfung \/ Wartung und Verkaufstechniken. Fester Teil des Angebotes sind Online-Formate. \u00dcber diesen Weg gelang es bereits 2021, auch in Zeiten der Pandemie Fachwissen zu vermitteln. [&hellip;]<\/p>\n","protected":false},"author":6,"featured_media":14692,"comment_status":"closed","ping_status":"open","sticky":false,"template":"","format":"standard","meta":{"footnotes":""},"categories":[18],"tags":[],"class_list":["post-14690","post","type-post","status-publish","format-standard","has-post-thumbnail","hentry","category-teckentrup"],"_links":{"self":[{"href":"https:\/\/www.pr-neu.de\/newsroom\/wp-json\/wp\/v2\/posts\/14690","targetHints":{"allow":["GET"]}}],"collection":[{"href":"https:\/\/www.pr-neu.de\/newsroom\/wp-json\/wp\/v2\/posts"}],"about":[{"href":"https:\/\/www.pr-neu.de\/newsroom\/wp-json\/wp\/v2\/types\/post"}],"author":[{"embeddable":true,"href":"https:\/\/www.pr-neu.de\/newsroom\/wp-json\/wp\/v2\/users\/6"}],"replies":[{"embeddable":true,"href":"https:\/\/www.pr-neu.de\/newsroom\/wp-json\/wp\/v2\/comments?post=14690"}],"version-history":[{"count":1,"href":"https:\/\/www.pr-neu.de\/newsroom\/wp-json\/wp\/v2\/posts\/14690\/revisions"}],"predecessor-version":[{"id":14693,"href":"https:\/\/www.pr-neu.de\/newsroom\/wp-json\/wp\/v2\/posts\/14690\/revisions\/14693"}],"wp:featuredmedia":[{"embeddable":true,"href":"https:\/\/www.pr-neu.de\/newsroom\/wp-json\/wp\/v2\/media\/14692"}],"wp:attachment":[{"href":"https:\/\/www.pr-neu.de\/newsroom\/wp-json\/wp\/v2\/media?parent=14690"}],"wp:term":[{"taxonomy":"category","embeddable":true,"href":"https:\/\/www.pr-neu.de\/newsroom\/wp-json\/wp\/v2\/categories?post=14690"},{"taxonomy":"post_tag","embeddable":true,"href":"https:\/\/www.pr-neu.de\/newsroom\/wp-json\/wp\/v2\/tags?post=14690"}],"curies":[{"name":"wp","href":"https:\/\/api.w.org\/{rel}","templated":true}]}}