{"id":14688,"date":"2022-01-05T08:34:23","date_gmt":"2022-01-05T07:34:23","guid":{"rendered":"https:\/\/www.pr-neu.de\/newsroom\/?p=14688"},"modified":"2022-01-04T12:58:08","modified_gmt":"2022-01-04T11:58:08","slug":"neue-kanaele-fuer-die-schoeppenstedter-strasse","status":"publish","type":"post","link":"https:\/\/www.pr-neu.de\/newsroom\/neue-kanaele-fuer-die-schoeppenstedter-strasse\/","title":{"rendered":"Neue Kan\u00e4le f\u00fcr die Sch\u00f6ppenstedter Stra\u00dfe"},"content":{"rendered":"<p><!--MBNHE--><\/p>\n<p><strong><u>Braunschweig, 5.\u00a0Januar 2022<\/u>.<\/strong> Ab dem 10. Januar erneuert die Stadtentw\u00e4sserung Braunschweig GmbH (SE|BS) die Entw\u00e4sserungskan\u00e4le in der Sch\u00f6ppenstedter Stra\u00dfe. Die Einfahrt von der Fallersleber ist dann nicht mehr m\u00f6glich. Eine Umleitung wird ausgewiesen.<\/p>\n<p>Radfahrer auf der Fallersleber Stra\u00dfe in Richtung Botanischer Garten\/Humboldtstra\u00dfe m\u00fcssen die Stra\u00dfe an der Einm\u00fcndung Sch\u00f6ppenstedter Stra\u00dfe \u00fcber die Ampeln queren, da der Kanal auch im Einm\u00fcndungsbereich erneuert wird.<\/p>\n<p>Um die Einschr\u00e4nkungen so gering wie m\u00f6glich zu halten, erfolgt die Sanierung in f\u00fcnf Abschnitten, zum Start von der Fallerslebener Stra\u00dfe bis zur Mauernstra\u00dfe. Die weiteren Abschnitte orientieren sich an den Einm\u00fcndungen der Querstra\u00dfen und werden jeweils voll gesperrt, der Fu\u00dfverkehr wird gesichert am Baufeld vorbeigef\u00fchrt.<\/p>\n<p>Mit Baubeginn wird die Einbahnstra\u00dfenregelung Mauernstra\u00dfe gedreht. Die Bauarbeiten dauern voraussichtlich bis November 2022.<\/p>\n<p>Die SE|BS bittet die Verkehrsteilnehmer um Verst\u00e4ndnis.<\/p>\n<p>&nbsp;<\/p>\n<hr \/>\n<p>&nbsp;<\/p>\n<p><strong>SE|BS-Pressestelle<\/strong><br \/>\npr neu &#8211; gedacht<\/p>\n<p>Telefon: 05307 80093 \u2013 80<br \/>\nFax: 05307 80093 \u2013 69<br \/>\nE-Mail: i&#110;&#x66;&#x6f;&#64;&#112;&#114;&#x2d;&#x6e;e&#117;&#x2e;&#x64;e<br \/>\nInternet: www.pr-neu.de<\/p>\n","protected":false},"excerpt":{"rendered":"<p>Braunschweig, 5.\u00a0Januar 2022. Ab dem 10. Januar erneuert die Stadtentw\u00e4sserung Braunschweig GmbH (SE|BS) die Entw\u00e4sserungskan\u00e4le in der Sch\u00f6ppenstedter Stra\u00dfe. Die Einfahrt von der Fallersleber ist dann nicht mehr m\u00f6glich. Eine Umleitung wird ausgewiesen. Radfahrer auf der Fallersleber Stra\u00dfe in Richtung Botanischer Garten\/Humboldtstra\u00dfe m\u00fcssen die Stra\u00dfe an der Einm\u00fcndung Sch\u00f6ppenstedter Stra\u00dfe \u00fcber die Ampeln queren, da [&hellip;]<\/p>\n","protected":false},"author":6,"featured_media":8697,"comment_status":"closed","ping_status":"open","sticky":false,"template":"","format":"standard","meta":{"footnotes":""},"categories":[1517],"tags":[],"class_list":["post-14688","post","type-post","status-publish","format-standard","has-post-thumbnail","hentry","category-sebs"],"_links":{"self":[{"href":"https:\/\/www.pr-neu.de\/newsroom\/wp-json\/wp\/v2\/posts\/14688","targetHints":{"allow":["GET"]}}],"collection":[{"href":"https:\/\/www.pr-neu.de\/newsroom\/wp-json\/wp\/v2\/posts"}],"about":[{"href":"https:\/\/www.pr-neu.de\/newsroom\/wp-json\/wp\/v2\/types\/post"}],"author":[{"embeddable":true,"href":"https:\/\/www.pr-neu.de\/newsroom\/wp-json\/wp\/v2\/users\/6"}],"replies":[{"embeddable":true,"href":"https:\/\/www.pr-neu.de\/newsroom\/wp-json\/wp\/v2\/comments?post=14688"}],"version-history":[{"count":1,"href":"https:\/\/www.pr-neu.de\/newsroom\/wp-json\/wp\/v2\/posts\/14688\/revisions"}],"predecessor-version":[{"id":14689,"href":"https:\/\/www.pr-neu.de\/newsroom\/wp-json\/wp\/v2\/posts\/14688\/revisions\/14689"}],"wp:featuredmedia":[{"embeddable":true,"href":"https:\/\/www.pr-neu.de\/newsroom\/wp-json\/wp\/v2\/media\/8697"}],"wp:attachment":[{"href":"https:\/\/www.pr-neu.de\/newsroom\/wp-json\/wp\/v2\/media?parent=14688"}],"wp:term":[{"taxonomy":"category","embeddable":true,"href":"https:\/\/www.pr-neu.de\/newsroom\/wp-json\/wp\/v2\/categories?post=14688"},{"taxonomy":"post_tag","embeddable":true,"href":"https:\/\/www.pr-neu.de\/newsroom\/wp-json\/wp\/v2\/tags?post=14688"}],"curies":[{"name":"wp","href":"https:\/\/api.w.org\/{rel}","templated":true}]}}