{"id":14673,"date":"2021-12-21T15:26:05","date_gmt":"2021-12-21T14:26:05","guid":{"rendered":"https:\/\/www.pr-neu.de\/newsroom\/?p=14673"},"modified":"2022-03-17T10:57:23","modified_gmt":"2022-03-17T09:57:23","slug":"zukunftsfest-aufgestellt","status":"publish","type":"post","link":"https:\/\/www.pr-neu.de\/newsroom\/zukunftsfest-aufgestellt\/","title":{"rendered":"Zukunftsfest aufgestellt"},"content":{"rendered":"<p><u>Nieders\u00e4chsisches Wirtschaftsministerium zeichnet Hanno f\u00fcr digitales Engagement aus<\/u><\/p>\n<p><strong>Hanno nimmt die Zukunft selbst in die Hand \u2013 und meistert die Herausforderungen von Digitalisierung und Demografie. Daf\u00fcr erhielt der Dicht- und D\u00e4mmexperte nun das Zertifikat \u201eZukunftsfest\u201c vom Nieders\u00e4chsischen Wirtschaftsministerium.<\/strong><\/p>\n<p>Hanno erh\u00e4lt den Preis in der Kategorie \u201eSozialpartnerschaftlich die Digitalisierung gestalten\u201c: Hier stehen digitale Prozesse und Ziele im Fokus, die sozialpartnerschaftlich gepr\u00e4gt und landesweit beispielgebend sind f\u00fcr zukunftsfeste Betriebe. Die \u00dcbergabe erfolgte im vergangenen November durch das Ministerium und die \u201eDemografieagentur\u201c. Carmen Scholz, Leiterin der Personalabteilung bei Hanno, freut sich: \u201eAls Unternehmen mit Herz und Vielfalt gestalten wir unsere Zukunft bereits seit vielen Jahren aktiv. Dazu geh\u00f6rt zum Beispiel, die Digitalisierung gemeinsam mit allen Mitarbeitenden zu entwickeln \u2013 und sie nicht von oben aufzusetzen.\u201c<\/p>\n<p>Der erste Schritt war ein umfassender \u201eZukunfts-Check\u201c: Gemeinsam mit der Demografieagentur untersuchten Hanno-Vertreter aktuelle Ma\u00dfnahmen und Aktivit\u00e4ten im Unternehmen und leiteten daraus konkrete Ziele ab. Simona Mieles, Betriebsratschefin, ist optimistisch: \u201eGemeinsam haben wir uns auf den Weg gemacht, Hanno zukunftsfest zu ver\u00e4ndern. Bei Hanno sind wir davon \u00fcberzeugt, dass die Digitalisierung ein entscheidender Faktor ist, um langfristig zukunftsf\u00e4hig zu bleiben.\u201c Der Weg ist also erkannt und die Reise hat bereits begonnen. \u201eDer Preis ist nun zus\u00e4tzliche Motivation, unser Unternehmen in die digitale Zukunft zu f\u00fchren\u201c, res\u00fcmiert Hanno-Prokurist und Kaufm\u00e4nnischer Leiter Thomas Konrad.<\/p>\n<p>&nbsp;<\/p>\n<hr \/>\n<p>&nbsp;<\/p>\n<p><a href=\"http:\/\/www.pr-neu.de\/newsroom\/wordpress\/wp-content\/uploads\/2021\/12\/21-19_Zukunftsfest_K.jpg\" target=\"_blank\" rel=\"noopener\"><img loading=\"lazy\" decoding=\"async\" class=\"wp-image-14674 size-medium aligncenter\" src=\"http:\/\/www.pr-neu.de\/newsroom\/wordpress\/wp-content\/uploads\/2021\/12\/21-19_Zukunftsfest_K-300x200.jpg\" alt=\"\" width=\"300\" height=\"200\" srcset=\"https:\/\/www.pr-neu.de\/newsroom\/wordpress\/wp-content\/uploads\/2021\/12\/21-19_Zukunftsfest_K-300x200.jpg 300w, https:\/\/www.pr-neu.de\/newsroom\/wordpress\/wp-content\/uploads\/2021\/12\/21-19_Zukunftsfest_K-1024x683.jpg 1024w, https:\/\/www.pr-neu.de\/newsroom\/wordpress\/wp-content\/uploads\/2021\/12\/21-19_Zukunftsfest_K-768x512.jpg 768w, https:\/\/www.pr-neu.de\/newsroom\/wordpress\/wp-content\/uploads\/2021\/12\/21-19_Zukunftsfest_K-1536x1024.jpg 1536w, https:\/\/www.pr-neu.de\/newsroom\/wordpress\/wp-content\/uploads\/2021\/12\/21-19_Zukunftsfest_K-2048x1365.jpg 2048w, https:\/\/www.pr-neu.de\/newsroom\/wordpress\/wp-content\/uploads\/2021\/12\/21-19_Zukunftsfest_K-110x73.jpg 110w, https:\/\/www.pr-neu.de\/newsroom\/wordpress\/wp-content\/uploads\/2021\/12\/21-19_Zukunftsfest_K-420x280.jpg 420w, https:\/\/www.pr-neu.de\/newsroom\/wordpress\/wp-content\/uploads\/2021\/12\/21-19_Zukunftsfest_K-645x430.jpg 645w\" sizes=\"auto, (max-width: 300px) 100vw, 300px\" \/><\/a><\/p>\n<p style=\"text-align: center;\">Staatssekret\u00e4r Dr. Berend Lindner \u00fcbergab den Preis<br \/>\nvirtuell an Betriebsratsvorsitzende Simona Mieles (links)<br \/>\nund Carmen Scholz, Leiterin der Personalabteilung (rechts).<br \/>\nBild: Jelca Kollatsch \/ Demografieagentur<\/p>\n<p>&nbsp;<\/p>\n<hr \/>\n<p>&nbsp;<\/p>\n<p>Abdruck honorarfrei, Belegexemplar erbeten.<\/p>\n","protected":false},"excerpt":{"rendered":"<p>Nieders\u00e4chsisches Wirtschaftsministerium zeichnet Hanno f\u00fcr digitales Engagement aus Hanno nimmt die Zukunft selbst in die Hand \u2013 und meistert die Herausforderungen von Digitalisierung und Demografie. Daf\u00fcr erhielt der Dicht- und D\u00e4mmexperte nun das Zertifikat \u201eZukunftsfest\u201c vom Nieders\u00e4chsischen Wirtschaftsministerium. Hanno erh\u00e4lt den Preis in der Kategorie \u201eSozialpartnerschaftlich die Digitalisierung gestalten\u201c: Hier stehen digitale Prozesse und Ziele [&hellip;]<\/p>\n","protected":false},"author":10,"featured_media":14674,"comment_status":"closed","ping_status":"open","sticky":false,"template":"","format":"standard","meta":{"footnotes":""},"categories":[655],"tags":[1759,1755,1743,1757],"class_list":["post-14673","post","type-post","status-publish","format-standard","has-post-thumbnail","hentry","category-hanno","tag-auszeichnung","tag-digitalisierung","tag-hanno","tag-unternehmen"],"_links":{"self":[{"href":"https:\/\/www.pr-neu.de\/newsroom\/wp-json\/wp\/v2\/posts\/14673","targetHints":{"allow":["GET"]}}],"collection":[{"href":"https:\/\/www.pr-neu.de\/newsroom\/wp-json\/wp\/v2\/posts"}],"about":[{"href":"https:\/\/www.pr-neu.de\/newsroom\/wp-json\/wp\/v2\/types\/post"}],"author":[{"embeddable":true,"href":"https:\/\/www.pr-neu.de\/newsroom\/wp-json\/wp\/v2\/users\/10"}],"replies":[{"embeddable":true,"href":"https:\/\/www.pr-neu.de\/newsroom\/wp-json\/wp\/v2\/comments?post=14673"}],"version-history":[{"count":2,"href":"https:\/\/www.pr-neu.de\/newsroom\/wp-json\/wp\/v2\/posts\/14673\/revisions"}],"predecessor-version":[{"id":14677,"href":"https:\/\/www.pr-neu.de\/newsroom\/wp-json\/wp\/v2\/posts\/14673\/revisions\/14677"}],"wp:featuredmedia":[{"embeddable":true,"href":"https:\/\/www.pr-neu.de\/newsroom\/wp-json\/wp\/v2\/media\/14674"}],"wp:attachment":[{"href":"https:\/\/www.pr-neu.de\/newsroom\/wp-json\/wp\/v2\/media?parent=14673"}],"wp:term":[{"taxonomy":"category","embeddable":true,"href":"https:\/\/www.pr-neu.de\/newsroom\/wp-json\/wp\/v2\/categories?post=14673"},{"taxonomy":"post_tag","embeddable":true,"href":"https:\/\/www.pr-neu.de\/newsroom\/wp-json\/wp\/v2\/tags?post=14673"}],"curies":[{"name":"wp","href":"https:\/\/api.w.org\/{rel}","templated":true}]}}