{"id":14670,"date":"2021-12-21T15:22:14","date_gmt":"2021-12-21T14:22:14","guid":{"rendered":"https:\/\/www.pr-neu.de\/newsroom\/?p=14670"},"modified":"2021-12-21T15:22:14","modified_gmt":"2021-12-21T14:22:14","slug":"oliver-troska-verstorben","status":"publish","type":"post","link":"https:\/\/www.pr-neu.de\/newsroom\/oliver-troska-verstorben\/","title":{"rendered":"Oliver Troska verstorben"},"content":{"rendered":"<p>Tief betroffen geben wir bekannt, dass Oliver Troska am 16. Dezember 2021 pl\u00f6tzlich und unerwartet im Alter von nur 46 Jahren verstorben ist. Oliver Troska war Leiter der Hanno-Anwendungstechnik. Als Diplom-Ingenieur Holztechnik war er bereits von 2005 bis 2008 f\u00fcr Hanno t\u00e4tig. Nach beruflichen Stationen bei Salamander, Veka und als Institutsleiter beim Pr\u00fcfinstitut Schl\u00f6sser und Beschl\u00e4ge Velbert (PIV) kehrte Troska 2019 zu Hanno zur\u00fcck und entwickelte die Anwendungstechnik bis zuletzt erfolgreich weiter.<\/p>\n<p>Nicht nur beruflich entsteht eine schmerzliche L\u00fccke \u2013 Oliver Troska bleibt im Hause Hanno als loyaler Chef, gesch\u00e4tzter Kollege und guter Freund in Erinnerung. Auch bei Gesch\u00e4ftspartnern hat er fachlich wie menschlich stets gr\u00f6\u00dfte Anerkennung gefunden. Unsere Anteilnahme und unser tiefes Mitgef\u00fchl gelten seiner Familie und seinen Freunden.<\/p>\n<p>&nbsp;<\/p>\n<hr \/>\n<p>&nbsp;<\/p>\n<figure id=\"attachment_14671\" aria-describedby=\"caption-attachment-14671\" style=\"width: 300px\" class=\"wp-caption aligncenter\"><a href=\"http:\/\/www.pr-neu.de\/newsroom\/wordpress\/wp-content\/uploads\/2021\/12\/21-30_Oliver-Troska_K.jpg\" target=\"_blank\" rel=\"noopener\"><img loading=\"lazy\" decoding=\"async\" class=\"wp-image-14671 size-medium\" src=\"http:\/\/www.pr-neu.de\/newsroom\/wordpress\/wp-content\/uploads\/2021\/12\/21-30_Oliver-Troska_K-300x201.jpg\" alt=\"\" width=\"300\" height=\"201\" srcset=\"https:\/\/www.pr-neu.de\/newsroom\/wordpress\/wp-content\/uploads\/2021\/12\/21-30_Oliver-Troska_K-300x201.jpg 300w, https:\/\/www.pr-neu.de\/newsroom\/wordpress\/wp-content\/uploads\/2021\/12\/21-30_Oliver-Troska_K-1024x687.jpg 1024w, https:\/\/www.pr-neu.de\/newsroom\/wordpress\/wp-content\/uploads\/2021\/12\/21-30_Oliver-Troska_K-768x516.jpg 768w, https:\/\/www.pr-neu.de\/newsroom\/wordpress\/wp-content\/uploads\/2021\/12\/21-30_Oliver-Troska_K-1536x1031.jpg 1536w, https:\/\/www.pr-neu.de\/newsroom\/wordpress\/wp-content\/uploads\/2021\/12\/21-30_Oliver-Troska_K-2048x1375.jpg 2048w, https:\/\/www.pr-neu.de\/newsroom\/wordpress\/wp-content\/uploads\/2021\/12\/21-30_Oliver-Troska_K-110x74.jpg 110w, https:\/\/www.pr-neu.de\/newsroom\/wordpress\/wp-content\/uploads\/2021\/12\/21-30_Oliver-Troska_K-420x282.jpg 420w, https:\/\/www.pr-neu.de\/newsroom\/wordpress\/wp-content\/uploads\/2021\/12\/21-30_Oliver-Troska_K-641x430.jpg 641w\" sizes=\"auto, (max-width: 300px) 100vw, 300px\" \/><\/a><figcaption id=\"caption-attachment-14671\" class=\"wp-caption-text\">\u00a0<\/figcaption><\/figure>\n<p style=\"text-align: center;\">Oliver Troska \u2020<br \/>\nBild: Hanno Werk GmbH &amp; Co. KG<\/p>\n<p>&nbsp;<\/p>\n<hr \/>\n<p>&nbsp;<\/p>\n<p>Abdruck honorarfrei, Belegexemplar erbeten.<\/p>\n","protected":false},"excerpt":{"rendered":"<p>Tief betroffen geben wir bekannt, dass Oliver Troska am 16. Dezember 2021 pl\u00f6tzlich und unerwartet im Alter von nur 46 Jahren verstorben ist. Oliver Troska war Leiter der Hanno-Anwendungstechnik. Als Diplom-Ingenieur Holztechnik war er bereits von 2005 bis 2008 f\u00fcr Hanno t\u00e4tig. Nach beruflichen Stationen bei Salamander, Veka und als Institutsleiter beim Pr\u00fcfinstitut Schl\u00f6sser und [&hellip;]<\/p>\n","protected":false},"author":6,"featured_media":14671,"comment_status":"closed","ping_status":"open","sticky":false,"template":"","format":"standard","meta":{"footnotes":""},"categories":[655],"tags":[1743,1753,1751],"class_list":["post-14670","post","type-post","status-publish","format-standard","has-post-thumbnail","hentry","category-hanno","tag-hanno","tag-nachruf","tag-personalie"],"_links":{"self":[{"href":"https:\/\/www.pr-neu.de\/newsroom\/wp-json\/wp\/v2\/posts\/14670","targetHints":{"allow":["GET"]}}],"collection":[{"href":"https:\/\/www.pr-neu.de\/newsroom\/wp-json\/wp\/v2\/posts"}],"about":[{"href":"https:\/\/www.pr-neu.de\/newsroom\/wp-json\/wp\/v2\/types\/post"}],"author":[{"embeddable":true,"href":"https:\/\/www.pr-neu.de\/newsroom\/wp-json\/wp\/v2\/users\/6"}],"replies":[{"embeddable":true,"href":"https:\/\/www.pr-neu.de\/newsroom\/wp-json\/wp\/v2\/comments?post=14670"}],"version-history":[{"count":1,"href":"https:\/\/www.pr-neu.de\/newsroom\/wp-json\/wp\/v2\/posts\/14670\/revisions"}],"predecessor-version":[{"id":14672,"href":"https:\/\/www.pr-neu.de\/newsroom\/wp-json\/wp\/v2\/posts\/14670\/revisions\/14672"}],"wp:featuredmedia":[{"embeddable":true,"href":"https:\/\/www.pr-neu.de\/newsroom\/wp-json\/wp\/v2\/media\/14671"}],"wp:attachment":[{"href":"https:\/\/www.pr-neu.de\/newsroom\/wp-json\/wp\/v2\/media?parent=14670"}],"wp:term":[{"taxonomy":"category","embeddable":true,"href":"https:\/\/www.pr-neu.de\/newsroom\/wp-json\/wp\/v2\/categories?post=14670"},{"taxonomy":"post_tag","embeddable":true,"href":"https:\/\/www.pr-neu.de\/newsroom\/wp-json\/wp\/v2\/tags?post=14670"}],"curies":[{"name":"wp","href":"https:\/\/api.w.org\/{rel}","templated":true}]}}