{"id":1467,"date":"2012-10-19T12:05:22","date_gmt":"2012-10-19T12:05:22","guid":{"rendered":"http:\/\/www.pr-nord.de\/newsroom\/?p=1467"},"modified":"2020-05-29T09:15:11","modified_gmt":"2020-05-29T07:15:11","slug":"abgekoppelt","status":"publish","type":"post","link":"https:\/\/www.pr-neu.de\/newsroom\/abgekoppelt\/","title":{"rendered":"Abgekoppelt"},"content":{"rendered":"<p><u>W\u00e4rmebr\u00fcckenfreie VHF-Unterkonstruktion<\/u><\/p>\n<p><strong>Die neuartige Unterkonstruktion des vorgeh\u00e4ngten hinterl\u00fcfteten Fassadensystems (VHF) StoVentec wurde durch das Darmst\u00e4dter Passivhausinstitut als \u201ew\u00e4rmebr\u00fcckenfrei\u201c eingestuft. Ihr U-Wert von 0,01 W\/m\u00b2K gen\u00fcgt allen Anforderungen einer Passivhauskonstruktion.<\/strong><\/p>\n<p>Frei von W\u00e4rmebr\u00fccken soll die H\u00fclle eines Passivhauses sein, damit die hochged\u00e4mmte Konstruktion ihre Energieeffizienz-Ziele erreicht und die Wohnbehaglichkeit den Komfort anderer Haustypen deutlich \u00fcbersteigt. Das Passivhaus Institut Dr. Feist ist darum recht w\u00e4hlerisch bei der Auswahl der empfohlenen Bauelemente. Nun haben die Darmst\u00e4dter Bauphysiker der verbesserten Unterkonstruktion f\u00fcr das vorgeh\u00e4ngte hinterl\u00fcftete Fassadensystem (VHF) StoVentec bescheinigt, f\u00fcr einen \u201ew\u00e4rmebr\u00fcckenfreien Anschluss\u201c zu sorgen. In der Vergangenheit wies bereits der bisher verbaute Sto-Wandhalter aus Edelstahl deutlich bessere Messwerte auf als vergleichbare Produkte aus Aluminium. Seine Weiterentwicklung erreicht nun einen \u2206UWB-Wert von unter 0,010 W\/(m<sup>2<\/sup>K). M\u00f6glich wird dieser extrem niedrige W\u00e4rmedurchgangswert durch zwei thermische Trennelemente sowie Ausschnitte in der Wandfl\u00e4che der Halter. Das Passivhausinstitut pr\u00fcfte auch das Kriterium \u201eKomfort\u201c. Ma\u00dfgeblich war eine minimale Oberfl\u00e4chentemperatur, die hoch genug ist, \u201eum Schimmelbildung, unbehaglichen Kaltluftabfall und Strahlungsw\u00e4rmeentzug [&#8230;] auszuschlie\u00dfen.\u201c Dieser Kennwert (\u03b8<sub>i,min<\/sub> \u2264 17 \u00b0C) wurde mit einem Wert von 19,45 \u00b0C deutlich \u00fcbererf\u00fcllt.<\/p>\n<p>Die Unterkonstruktion ist f\u00fcr alle Systeme der StoVentec-Fassade zugelassen: Mit ihr lassen sich sowohl fugenlose Putzfassaden als auch Oberfl\u00e4chen mit Glas, Glasmosaik oder Keramik beziehungsweise Paneelfassaden mit Glas, Naturstein oder Photovoltaikmodulen umsetzen. Die Ausladungen der Wandhalter sind von 200 bis 360 Millimetern frei w\u00e4hlbar und damit an die g\u00e4ngigsten D\u00e4mmstoffdicken anpassbar.<\/p>\n<p>&nbsp;<\/p>\n<hr noshade=\"noshade\" size=\"1\" \/>\n<p>&nbsp;<\/p>\n<table style=\"height: 257px;\" border=\"0\" width=\"642\" cellspacing=\"0\" cellpadding=\"0\">\n<tbody>\n<tr>\n<td valign=\"top\" width=\"370\" height=\"25\"><a href=\"http:\/\/www.pr-neu.de\/newsroom\/wordpress\/wp-content\/uploads\/2012\/10\/12-39-VHF-UK_G-1.jpg\"><img loading=\"lazy\" decoding=\"async\" class=\"size-medium wp-image-13356\" src=\"http:\/\/www.pr-neu.de\/newsroom\/wordpress\/wp-content\/uploads\/2012\/10\/12-39-VHF-UK_G-1-300x201.jpg\" alt=\"\" width=\"300\" height=\"201\" srcset=\"https:\/\/www.pr-neu.de\/newsroom\/wordpress\/wp-content\/uploads\/2012\/10\/12-39-VHF-UK_G-1-300x201.jpg 300w, https:\/\/www.pr-neu.de\/newsroom\/wordpress\/wp-content\/uploads\/2012\/10\/12-39-VHF-UK_G-1-1024x687.jpg 1024w, https:\/\/www.pr-neu.de\/newsroom\/wordpress\/wp-content\/uploads\/2012\/10\/12-39-VHF-UK_G-1-768x516.jpg 768w, https:\/\/www.pr-neu.de\/newsroom\/wordpress\/wp-content\/uploads\/2012\/10\/12-39-VHF-UK_G-1-1536x1031.jpg 1536w, https:\/\/www.pr-neu.de\/newsroom\/wordpress\/wp-content\/uploads\/2012\/10\/12-39-VHF-UK_G-1-110x74.jpg 110w, https:\/\/www.pr-neu.de\/newsroom\/wordpress\/wp-content\/uploads\/2012\/10\/12-39-VHF-UK_G-1-420x282.jpg 420w, https:\/\/www.pr-neu.de\/newsroom\/wordpress\/wp-content\/uploads\/2012\/10\/12-39-VHF-UK_G-1-641x430.jpg 641w, https:\/\/www.pr-neu.de\/newsroom\/wordpress\/wp-content\/uploads\/2012\/10\/12-39-VHF-UK_G-1.jpg 1795w\" sizes=\"auto, (max-width: 300px) 100vw, 300px\" \/><\/a><\/td>\n<td colspan=\"3\" height=\"21\">\u201eW\u00e4rmebr\u00fcckenfrei\u201c lautet das Urteil des Darmst\u00e4dter Passivhaus Instituts \u00fcber die neue Unterkonstruktion des vorgeh\u00e4ngten hinterl\u00fcfteten Fassadensystems StoVentec.<\/p>\n<p>Bild: Sto AG<\/td>\n<\/tr>\n<\/tbody>\n<\/table>\n<p>&nbsp;<\/p>\n<hr noshade=\"noshade\" size=\"1\" \/>\n<p>&nbsp;<\/p>\n<p>Abdruck honorarfrei, Belegexemplar erbeten<\/p>\n<p>&nbsp;<\/p>\n","protected":false},"excerpt":{"rendered":"<p>W\u00e4rmebr\u00fcckenfreie VHF-Unterkonstruktion Die neuartige Unterkonstruktion des vorgeh\u00e4ngten hinterl\u00fcfteten Fassadensystems (VHF) StoVentec wurde durch das Darmst\u00e4dter Passivhausinstitut als \u201ew\u00e4rmebr\u00fcckenfrei\u201c eingestuft. Ihr U-Wert von 0,01 W\/m\u00b2K gen\u00fcgt allen Anforderungen einer Passivhauskonstruktion. Frei von W\u00e4rmebr\u00fccken soll die H\u00fclle eines Passivhauses sein, damit die hochged\u00e4mmte Konstruktion ihre Energieeffizienz-Ziele erreicht und die Wohnbehaglichkeit den Komfort anderer Haustypen deutlich \u00fcbersteigt. Das [&hellip;]<\/p>\n","protected":false},"author":6,"featured_media":8247,"comment_status":"closed","ping_status":"open","sticky":false,"template":"","format":"standard","meta":{"footnotes":""},"categories":[3,15],"tags":[],"class_list":["post-1467","post","type-post","status-publish","format-standard","has-post-thumbnail","hentry","category-kundenmeldungen","category-sto"],"_links":{"self":[{"href":"https:\/\/www.pr-neu.de\/newsroom\/wp-json\/wp\/v2\/posts\/1467","targetHints":{"allow":["GET"]}}],"collection":[{"href":"https:\/\/www.pr-neu.de\/newsroom\/wp-json\/wp\/v2\/posts"}],"about":[{"href":"https:\/\/www.pr-neu.de\/newsroom\/wp-json\/wp\/v2\/types\/post"}],"author":[{"embeddable":true,"href":"https:\/\/www.pr-neu.de\/newsroom\/wp-json\/wp\/v2\/users\/6"}],"replies":[{"embeddable":true,"href":"https:\/\/www.pr-neu.de\/newsroom\/wp-json\/wp\/v2\/comments?post=1467"}],"version-history":[{"count":4,"href":"https:\/\/www.pr-neu.de\/newsroom\/wp-json\/wp\/v2\/posts\/1467\/revisions"}],"predecessor-version":[{"id":13357,"href":"https:\/\/www.pr-neu.de\/newsroom\/wp-json\/wp\/v2\/posts\/1467\/revisions\/13357"}],"wp:featuredmedia":[{"embeddable":true,"href":"https:\/\/www.pr-neu.de\/newsroom\/wp-json\/wp\/v2\/media\/8247"}],"wp:attachment":[{"href":"https:\/\/www.pr-neu.de\/newsroom\/wp-json\/wp\/v2\/media?parent=1467"}],"wp:term":[{"taxonomy":"category","embeddable":true,"href":"https:\/\/www.pr-neu.de\/newsroom\/wp-json\/wp\/v2\/categories?post=1467"},{"taxonomy":"post_tag","embeddable":true,"href":"https:\/\/www.pr-neu.de\/newsroom\/wp-json\/wp\/v2\/tags?post=1467"}],"curies":[{"name":"wp","href":"https:\/\/api.w.org\/{rel}","templated":true}]}}