{"id":14665,"date":"2021-12-14T08:52:23","date_gmt":"2021-12-14T07:52:23","guid":{"rendered":"https:\/\/www.pr-neu.de\/newsroom\/?p=14665"},"modified":"2021-12-13T15:15:35","modified_gmt":"2021-12-13T14:15:35","slug":"wiesental-sperrung-verlaengert-bis-februar-2022","status":"publish","type":"post","link":"https:\/\/www.pr-neu.de\/newsroom\/wiesental-sperrung-verlaengert-bis-februar-2022\/","title":{"rendered":"Wiesental: Sperrung verl\u00e4ngert bis Februar 2022"},"content":{"rendered":"<p><!--MBNHE--><\/p>\n<p><strong><u>Braunschweig, 14.\u00a0Dezember 2021<\/u>.<\/strong> Aufgrund pandemiebedingter Lieferschwierigkeiten f\u00fcr Baustoffe verz\u00f6gert sich der Abschluss der Kanalsanierung entlang der Stra\u00dfe Wiesental. Die Sperrung zwischen Schwedenkanzel (K 25 \/ Ortseingang Veltenhof) und Celler Heerstra\u00dfe verl\u00e4ngert sich daher bis voraussichtlich Ende Februar 2022. F\u00fcr den Rad- und Fu\u00dfg\u00e4ngerverkehr wird die Strecke \u00fcber die Feiertage (22.12.2021 bis Mitte Januar 2022) freigegeben, die Umleitung bleibt eingerichtet.<\/p>\n<p>F\u00fcr die Einschr\u00e4nkungen bittet die Stadtentw\u00e4sserung Braunschweig GmbH um Verst\u00e4ndnis.<\/p>\n<p>&nbsp;<\/p>\n<hr \/>\n<p>&nbsp;<\/p>\n<p><strong>SE|BS-Pressestelle<\/strong><br \/>\npr neu &#8211; gedacht<\/p>\n<p>Telefon: 05307 80093 \u2013 80<br \/>\nFax: 05307 80093 \u2013 69<br \/>\nE-Mail: &#x69;&#x6e;&#102;o&#x40;&#x70;&#114;-n&#x65;&#x75;&#46;d&#x65;<br \/>\nInternet: www.pr-neu.de<\/p>\n","protected":false},"excerpt":{"rendered":"<p>Braunschweig, 14.\u00a0Dezember 2021. Aufgrund pandemiebedingter Lieferschwierigkeiten f\u00fcr Baustoffe verz\u00f6gert sich der Abschluss der Kanalsanierung entlang der Stra\u00dfe Wiesental. Die Sperrung zwischen Schwedenkanzel (K 25 \/ Ortseingang Veltenhof) und Celler Heerstra\u00dfe verl\u00e4ngert sich daher bis voraussichtlich Ende Februar 2022. F\u00fcr den Rad- und Fu\u00dfg\u00e4ngerverkehr wird die Strecke \u00fcber die Feiertage (22.12.2021 bis Mitte Januar 2022) freigegeben, [&hellip;]<\/p>\n","protected":false},"author":6,"featured_media":8697,"comment_status":"closed","ping_status":"open","sticky":false,"template":"","format":"standard","meta":{"footnotes":""},"categories":[1517],"tags":[],"class_list":["post-14665","post","type-post","status-publish","format-standard","has-post-thumbnail","hentry","category-sebs"],"_links":{"self":[{"href":"https:\/\/www.pr-neu.de\/newsroom\/wp-json\/wp\/v2\/posts\/14665","targetHints":{"allow":["GET"]}}],"collection":[{"href":"https:\/\/www.pr-neu.de\/newsroom\/wp-json\/wp\/v2\/posts"}],"about":[{"href":"https:\/\/www.pr-neu.de\/newsroom\/wp-json\/wp\/v2\/types\/post"}],"author":[{"embeddable":true,"href":"https:\/\/www.pr-neu.de\/newsroom\/wp-json\/wp\/v2\/users\/6"}],"replies":[{"embeddable":true,"href":"https:\/\/www.pr-neu.de\/newsroom\/wp-json\/wp\/v2\/comments?post=14665"}],"version-history":[{"count":1,"href":"https:\/\/www.pr-neu.de\/newsroom\/wp-json\/wp\/v2\/posts\/14665\/revisions"}],"predecessor-version":[{"id":14666,"href":"https:\/\/www.pr-neu.de\/newsroom\/wp-json\/wp\/v2\/posts\/14665\/revisions\/14666"}],"wp:featuredmedia":[{"embeddable":true,"href":"https:\/\/www.pr-neu.de\/newsroom\/wp-json\/wp\/v2\/media\/8697"}],"wp:attachment":[{"href":"https:\/\/www.pr-neu.de\/newsroom\/wp-json\/wp\/v2\/media?parent=14665"}],"wp:term":[{"taxonomy":"category","embeddable":true,"href":"https:\/\/www.pr-neu.de\/newsroom\/wp-json\/wp\/v2\/categories?post=14665"},{"taxonomy":"post_tag","embeddable":true,"href":"https:\/\/www.pr-neu.de\/newsroom\/wp-json\/wp\/v2\/tags?post=14665"}],"curies":[{"name":"wp","href":"https:\/\/api.w.org\/{rel}","templated":true}]}}