{"id":14638,"date":"2021-11-26T09:16:47","date_gmt":"2021-11-26T08:16:47","guid":{"rendered":"https:\/\/www.pr-neu.de\/newsroom\/?p=14638"},"modified":"2021-11-26T09:16:47","modified_gmt":"2021-11-26T08:16:47","slug":"hannoband-bg1-erneut-europaeisch-zertifiziert","status":"publish","type":"post","link":"https:\/\/www.pr-neu.de\/newsroom\/hannoband-bg1-erneut-europaeisch-zertifiziert\/","title":{"rendered":"Hannoband-BG1 erneut europ\u00e4isch zertifiziert"},"content":{"rendered":"<p><u>European Technical Assessment<\/u><\/p>\n<p>Witterungsbest\u00e4ndig, schlagregendicht, leicht zu verarbeiten: Das Hannoband-BG1 dichtet Fugen an Fassaden und Mauerwerk langfristig und zuverl\u00e4ssig ab. Die Qualit\u00e4t des Fugendichtbandes best\u00e4tigen zahlreiche Pr\u00fcfzeugnisse: Aktuell wurde dem Klassiker erneut der Produkt-Leistungsnachweis einer Europ\u00e4ischen Technischen Bewertung auf der Basis der EAD 32001-00-0605 zuteil. Mit dieser CE-Kennzeichnung entspricht das Band den EU-weiten Anforderungen an Fugendichtungsb\u00e4ndern. Deutlich \u00fcber den Anforderungen an Schlagregendichte, Luftdichte und Witterungsbest\u00e4ndigkeit der DIN 18542 liegend, \u00fcberzeugt das Hannoband-BG1 durch seine ausgepr\u00e4gte Langlebigkeit: Der Dicht- und D\u00e4mmspezialist gew\u00e4hrt Anwendern eine objektbezogene Funktionsgew\u00e4hrleistung von 15 Jahren. Im Vergleich zu herk\u00f6mmlichem Dichtstoff l\u00e4sst sich das Band einfach, schnell und ohne zus\u00e4tzliche Materialien verarbeiten: Band einlegen, Klebeschicht andr\u00fccken, fertig. Weitere verarbeitungstechnische Vorteile ergeben sich durch seine Temperaturbest\u00e4ndigkeit (-30 Grad Celsius bis +100 Grad Celsius), Diffusionsoffenheit, Anstrichvertr\u00e4glichkeit und eine hohe Schalld\u00e4mmung (bis zu 59 Dezibel) sowie den gro\u00dfen Fugentoleranz-Bereichen bis hin zu 35 Millimetern Breite.<\/p>\n<p>&nbsp;<\/p>\n<hr \/>\n<p>&nbsp;<\/p>\n<p>&nbsp;<\/p>\n<figure id=\"attachment_14639\" aria-describedby=\"caption-attachment-14639\" style=\"width: 300px\" class=\"wp-caption aligncenter\"><a href=\"http:\/\/www.pr-neu.de\/newsroom\/wordpress\/wp-content\/uploads\/2021\/11\/21-17_Hannoband-BG1_Blendrahmen_K-1.jpg\" target=\"_blank\" rel=\"noopener\"><img loading=\"lazy\" decoding=\"async\" class=\"wp-image-14639 size-medium\" src=\"http:\/\/www.pr-neu.de\/newsroom\/wordpress\/wp-content\/uploads\/2021\/11\/21-17_Hannoband-BG1_Blendrahmen_K-1-300x200.jpg\" alt=\"\" width=\"300\" height=\"200\" srcset=\"https:\/\/www.pr-neu.de\/newsroom\/wordpress\/wp-content\/uploads\/2021\/11\/21-17_Hannoband-BG1_Blendrahmen_K-1-300x200.jpg 300w, https:\/\/www.pr-neu.de\/newsroom\/wordpress\/wp-content\/uploads\/2021\/11\/21-17_Hannoband-BG1_Blendrahmen_K-1-1024x683.jpg 1024w, https:\/\/www.pr-neu.de\/newsroom\/wordpress\/wp-content\/uploads\/2021\/11\/21-17_Hannoband-BG1_Blendrahmen_K-1-768x512.jpg 768w, https:\/\/www.pr-neu.de\/newsroom\/wordpress\/wp-content\/uploads\/2021\/11\/21-17_Hannoband-BG1_Blendrahmen_K-1-1536x1024.jpg 1536w, https:\/\/www.pr-neu.de\/newsroom\/wordpress\/wp-content\/uploads\/2021\/11\/21-17_Hannoband-BG1_Blendrahmen_K-1-2048x1365.jpg 2048w, https:\/\/www.pr-neu.de\/newsroom\/wordpress\/wp-content\/uploads\/2021\/11\/21-17_Hannoband-BG1_Blendrahmen_K-1-110x73.jpg 110w, https:\/\/www.pr-neu.de\/newsroom\/wordpress\/wp-content\/uploads\/2021\/11\/21-17_Hannoband-BG1_Blendrahmen_K-1-420x280.jpg 420w, https:\/\/www.pr-neu.de\/newsroom\/wordpress\/wp-content\/uploads\/2021\/11\/21-17_Hannoband-BG1_Blendrahmen_K-1-645x430.jpg 645w\" sizes=\"auto, (max-width: 300px) 100vw, 300px\" \/><\/a><figcaption id=\"caption-attachment-14639\" class=\"wp-caption-text\">.<\/figcaption><\/figure>\n<p style=\"text-align: center;\">Das Hannoband-BG1 dichtet Fugen zuverl\u00e4ssig ab \u2013 und erf\u00fcllt zugleich strengste<br \/>\nQualit\u00e4ts- und Sicherheitsbedingungen.<\/p>\n<p style=\"text-align: center;\">Bild: Hanno Werk GmbH &amp; Co. KG<\/p>\n<p>&nbsp;<\/p>\n<p>&nbsp;<\/p>\n<hr \/>\n<p>&nbsp;<\/p>\n<p>Abdruck honorarfrei, Belegexemplar erbeten.<\/p>\n<p>&nbsp;<\/p>\n","protected":false},"excerpt":{"rendered":"<p>European Technical Assessment Witterungsbest\u00e4ndig, schlagregendicht, leicht zu verarbeiten: Das Hannoband-BG1 dichtet Fugen an Fassaden und Mauerwerk langfristig und zuverl\u00e4ssig ab. Die Qualit\u00e4t des Fugendichtbandes best\u00e4tigen zahlreiche Pr\u00fcfzeugnisse: Aktuell wurde dem Klassiker erneut der Produkt-Leistungsnachweis einer Europ\u00e4ischen Technischen Bewertung auf der Basis der EAD 32001-00-0605 zuteil. Mit dieser CE-Kennzeichnung entspricht das Band den EU-weiten Anforderungen an [&hellip;]<\/p>\n","protected":false},"author":6,"featured_media":14639,"comment_status":"closed","ping_status":"open","sticky":false,"template":"","format":"standard","meta":{"footnotes":""},"categories":[655],"tags":[1747,187,1749,1743,1745],"class_list":["post-14638","post","type-post","status-publish","format-standard","has-post-thumbnail","hentry","category-hanno","tag-dichtung","tag-fassade","tag-fugen","tag-hanno","tag-hannoband"],"_links":{"self":[{"href":"https:\/\/www.pr-neu.de\/newsroom\/wp-json\/wp\/v2\/posts\/14638","targetHints":{"allow":["GET"]}}],"collection":[{"href":"https:\/\/www.pr-neu.de\/newsroom\/wp-json\/wp\/v2\/posts"}],"about":[{"href":"https:\/\/www.pr-neu.de\/newsroom\/wp-json\/wp\/v2\/types\/post"}],"author":[{"embeddable":true,"href":"https:\/\/www.pr-neu.de\/newsroom\/wp-json\/wp\/v2\/users\/6"}],"replies":[{"embeddable":true,"href":"https:\/\/www.pr-neu.de\/newsroom\/wp-json\/wp\/v2\/comments?post=14638"}],"version-history":[{"count":2,"href":"https:\/\/www.pr-neu.de\/newsroom\/wp-json\/wp\/v2\/posts\/14638\/revisions"}],"predecessor-version":[{"id":14641,"href":"https:\/\/www.pr-neu.de\/newsroom\/wp-json\/wp\/v2\/posts\/14638\/revisions\/14641"}],"wp:featuredmedia":[{"embeddable":true,"href":"https:\/\/www.pr-neu.de\/newsroom\/wp-json\/wp\/v2\/media\/14639"}],"wp:attachment":[{"href":"https:\/\/www.pr-neu.de\/newsroom\/wp-json\/wp\/v2\/media?parent=14638"}],"wp:term":[{"taxonomy":"category","embeddable":true,"href":"https:\/\/www.pr-neu.de\/newsroom\/wp-json\/wp\/v2\/categories?post=14638"},{"taxonomy":"post_tag","embeddable":true,"href":"https:\/\/www.pr-neu.de\/newsroom\/wp-json\/wp\/v2\/tags?post=14638"}],"curies":[{"name":"wp","href":"https:\/\/api.w.org\/{rel}","templated":true}]}}