{"id":1463,"date":"2012-10-19T06:43:55","date_gmt":"2012-10-19T06:43:55","guid":{"rendered":"http:\/\/www.pr-nord.de\/newsroom\/?p=1463"},"modified":"2020-05-29T09:14:25","modified_gmt":"2020-05-29T07:14:25","slug":"das-garagentor-wird-gestaltungselement","status":"publish","type":"post","link":"https:\/\/www.pr-neu.de\/newsroom\/das-garagentor-wird-gestaltungselement\/","title":{"rendered":"Das Garagentor wird Gestaltungselement"},"content":{"rendered":"<table border=\"0\" width=\"520\" cellspacing=\"0\" cellpadding=\"0\">\n<tbody>\n<tr>\n<td><u>BAU 2013:<br \/>\nGaragentore \u2013 Design bis zur Fernbedienung<\/u><\/p>\n<p><strong>Das Garagentor wird Gestaltungselement<\/strong><\/p>\n<p><strong>Sie bieten Komfort und Sicherheit, sparen Energie und tragen zum Gesamtbild des Hauses bei \u2013 Garagentore. Zur BAU zeigt der Hersteller Teckentrup (Halle B3 Stand 321) die gro\u00dfe Angebots-Variabilit\u00e4t. Farben und Oberfl\u00e4chenstrukturen, Glaseins\u00e4tze, Nebent\u00fcren im gleichen Design oder komfortable Antriebe stehen in vielen Optionen bei der Serie CarTeck zur Wahl. Generell verbessern sie mit ihrem D\u00e4mmstoffkern den W\u00e4rmeschutz. Als Messe-Highlight zeigt das Unternehmen neue Handsender: Die attraktiven Fernbedienung passen ideal zum hochwertigen Design der Tore.<\/strong><\/p>\n<p>Garagentore erf\u00fcllen l\u00e4ngst mehr als nur den Zweck, die Garage zu schlie\u00dfen. Inzwischen bieten sie auch W\u00e4rmeschutz und lassen sich stilsicher in die Architektur des Hauses einf\u00fcgen.<\/p>\n<p><strong>Neue Energieeffizienz<\/strong><\/p>\n<p>W\u00e4hrend Garagentore fr\u00fcher wahre \u201eEnergiel\u00f6cher\u201c waren, nutzt die j\u00fcngste Generation energiesparende D\u00e4mmstoffe im Inneren des Tores. CarTeck-Tore verf\u00fcgen generell \u00fcber einen 40-Millimeter-D\u00e4mmkern aus PUR-Hartschaum. \u201eDieser sch\u00fctzt vor K\u00e4lte und Frost \u2013 das lohnt sich vor allem bei Garagen, die direkt mit dem Haus verbunden sind\u201c sagt Meinolf Funkenmeier, Gesch\u00e4ftsf\u00fchrer von Teckentrup. Die verrottungssichere Gummilippe am Boden sorgt zudem f\u00fcr optimale Abdichtung \u2013 so bleiben K\u00e4lte und Wind, Regen und Schmutz drau\u00dfen.<\/p>\n<p><strong>Komfortabel und sicher<\/strong><\/p>\n<p>Zur Messe zeigt das Unternehmen au\u00dferdem verbesserte Antriebe. Sie sparen im Stand-by-Modus bis zu 75 Prozent Energie gegen\u00fcber herk\u00f6mmlichen Alternativen. Wahlweise sind sie mit Schnelllauffunktion erh\u00e4ltlich und sparen dann auch Zeit. Serienm\u00e4\u00dfig dazu gibt es den neuen Design-Handsender SH4-D in edlem Schwarz, womit sich das Tor bequem aus dem Auto hinaus \u00f6ffnen l\u00e4sst. Die wei\u00dfe Fernbedienung gibt es sogar mit farbigen Wechselh\u00fcllen, den so genannten \u201eSleeves\u201c.<\/p>\n<p>Sectionaltore mit CarTeck Antrieb wirken zus\u00e4tzlich auch einbruchhemmend \u2013 vom T\u00dcV gepr\u00fcft \u2013 so dass auch der Schutz vor Langfingern gewahrt ist.<\/p>\n<p><strong>Robust und pflegleicht mit Stil<\/strong><\/p>\n<p>Mit farbigen, strukturierten Garagentoren lassen sich einfach individuelle Akzente setzen. Besonderer Blickfang sind die neuen Trendfarben (TT 8014, TT 703 und TT 9011) die mit Eisenglimmerpartikeln einen metallischen Effekt erhalten \u2013 Garagentore mit edlem Glanz.<\/p>\n<p>Mit dem \u201eCarTeck-Garagentor-Konfigurator\u201c auf teckentrup.biz kann sich jeder sein Wunsch-Tor zusammenstellen \u2013 einfach Foto hochladen und das selbst gestaltete Tor einf\u00fcgen.<\/p>\n<hr noshade=\"noshade\" size=\"1\" \/>\n<table border=\"0\" width=\"100{ab9cb22b1639c68dfef7c1751c9d63405358944ce3964465eb35eb6b5b6beaaa}\" cellspacing=\"0\" cellpadding=\"0\">\n<tbody>\n<tr>\n<td valign=\"top\" width=\"370\"><a href=\"http:\/\/www.pr-neu.de\/newsroom\/wordpress\/wp-content\/uploads\/2012\/10\/12-24-Garagentor_1_G.jpg\"><img loading=\"lazy\" decoding=\"async\" class=\"size-medium wp-image-13351\" src=\"http:\/\/www.pr-neu.de\/newsroom\/wordpress\/wp-content\/uploads\/2012\/10\/12-24-Garagentor_1_G-300x201.jpg\" alt=\"\" width=\"300\" height=\"201\" srcset=\"https:\/\/www.pr-neu.de\/newsroom\/wordpress\/wp-content\/uploads\/2012\/10\/12-24-Garagentor_1_G-300x201.jpg 300w, https:\/\/www.pr-neu.de\/newsroom\/wordpress\/wp-content\/uploads\/2012\/10\/12-24-Garagentor_1_G-1024x687.jpg 1024w, https:\/\/www.pr-neu.de\/newsroom\/wordpress\/wp-content\/uploads\/2012\/10\/12-24-Garagentor_1_G-768x516.jpg 768w, https:\/\/www.pr-neu.de\/newsroom\/wordpress\/wp-content\/uploads\/2012\/10\/12-24-Garagentor_1_G-1536x1031.jpg 1536w, https:\/\/www.pr-neu.de\/newsroom\/wordpress\/wp-content\/uploads\/2012\/10\/12-24-Garagentor_1_G-110x74.jpg 110w, https:\/\/www.pr-neu.de\/newsroom\/wordpress\/wp-content\/uploads\/2012\/10\/12-24-Garagentor_1_G-420x282.jpg 420w, https:\/\/www.pr-neu.de\/newsroom\/wordpress\/wp-content\/uploads\/2012\/10\/12-24-Garagentor_1_G-641x430.jpg 641w, https:\/\/www.pr-neu.de\/newsroom\/wordpress\/wp-content\/uploads\/2012\/10\/12-24-Garagentor_1_G.jpg 1795w\" sizes=\"auto, (max-width: 300px) 100vw, 300px\" \/><\/a><\/td>\n<td>Funktional und stilvoll: Ein Klapptor w\u00fcrde hier gegen das Auto sto\u00dfen. Das Sectionaltor (hier ein CarTeck GSW 40 in Kasset-ten-Optik) gleitet nach oben unter die Decke und l\u00e4sst sich auch noch \u00f6ffnen, wenn das Fahrzeug unmittelbar davor steht.<\/p>\n<p>Foto: Teckentrup<\/td>\n<\/tr>\n<tr>\n<td valign=\"top\" width=\"370\"><a href=\"http:\/\/www.pr-neu.de\/newsroom\/wordpress\/wp-content\/uploads\/2012\/10\/12-24-Garagentor_2_G.jpg\"><img loading=\"lazy\" decoding=\"async\" class=\"size-medium wp-image-13352\" src=\"http:\/\/www.pr-neu.de\/newsroom\/wordpress\/wp-content\/uploads\/2012\/10\/12-24-Garagentor_2_G-300x201.jpg\" alt=\"\" width=\"300\" height=\"201\" srcset=\"https:\/\/www.pr-neu.de\/newsroom\/wordpress\/wp-content\/uploads\/2012\/10\/12-24-Garagentor_2_G-300x201.jpg 300w, https:\/\/www.pr-neu.de\/newsroom\/wordpress\/wp-content\/uploads\/2012\/10\/12-24-Garagentor_2_G-1024x687.jpg 1024w, https:\/\/www.pr-neu.de\/newsroom\/wordpress\/wp-content\/uploads\/2012\/10\/12-24-Garagentor_2_G-768x516.jpg 768w, https:\/\/www.pr-neu.de\/newsroom\/wordpress\/wp-content\/uploads\/2012\/10\/12-24-Garagentor_2_G-1536x1031.jpg 1536w, https:\/\/www.pr-neu.de\/newsroom\/wordpress\/wp-content\/uploads\/2012\/10\/12-24-Garagentor_2_G-110x74.jpg 110w, https:\/\/www.pr-neu.de\/newsroom\/wordpress\/wp-content\/uploads\/2012\/10\/12-24-Garagentor_2_G-420x282.jpg 420w, https:\/\/www.pr-neu.de\/newsroom\/wordpress\/wp-content\/uploads\/2012\/10\/12-24-Garagentor_2_G-641x430.jpg 641w, https:\/\/www.pr-neu.de\/newsroom\/wordpress\/wp-content\/uploads\/2012\/10\/12-24-Garagentor_2_G.jpg 1795w\" sizes=\"auto, (max-width: 300px) 100vw, 300px\" \/><\/a><\/td>\n<td>Wie aus einem Guss: Das Garagentor f\u00fcgt sich harmonisch in die Gesamtarchitektur ein \u2013 alles wirkt modern und \u00e4sthetisch.<\/p>\n<p>Foto: Teckentrup<\/td>\n<\/tr>\n<tr>\n<td valign=\"top\" width=\"370\"><a href=\"http:\/\/www.pr-neu.de\/newsroom\/wordpress\/wp-content\/uploads\/2012\/10\/12-24-Handsender_G-scaled.jpg\"><img loading=\"lazy\" decoding=\"async\" class=\"size-medium wp-image-13353\" src=\"http:\/\/www.pr-neu.de\/newsroom\/wordpress\/wp-content\/uploads\/2012\/10\/12-24-Handsender_G-300x201.jpg\" alt=\"\" width=\"300\" height=\"201\" srcset=\"https:\/\/www.pr-neu.de\/newsroom\/wordpress\/wp-content\/uploads\/2012\/10\/12-24-Handsender_G-300x201.jpg 300w, https:\/\/www.pr-neu.de\/newsroom\/wordpress\/wp-content\/uploads\/2012\/10\/12-24-Handsender_G-1024x687.jpg 1024w, https:\/\/www.pr-neu.de\/newsroom\/wordpress\/wp-content\/uploads\/2012\/10\/12-24-Handsender_G-768x515.jpg 768w, https:\/\/www.pr-neu.de\/newsroom\/wordpress\/wp-content\/uploads\/2012\/10\/12-24-Handsender_G-1536x1031.jpg 1536w, https:\/\/www.pr-neu.de\/newsroom\/wordpress\/wp-content\/uploads\/2012\/10\/12-24-Handsender_G-2048x1374.jpg 2048w, https:\/\/www.pr-neu.de\/newsroom\/wordpress\/wp-content\/uploads\/2012\/10\/12-24-Handsender_G-110x74.jpg 110w, https:\/\/www.pr-neu.de\/newsroom\/wordpress\/wp-content\/uploads\/2012\/10\/12-24-Handsender_G-420x282.jpg 420w, https:\/\/www.pr-neu.de\/newsroom\/wordpress\/wp-content\/uploads\/2012\/10\/12-24-Handsender_G-641x430.jpg 641w\" sizes=\"auto, (max-width: 300px) 100vw, 300px\" \/><\/a><\/td>\n<td>Stilvoller Chic: Die neuen Design-Handsender sind ein modisches Accessoire f\u00fcr den Schl\u00fcsselbund. Zur wei\u00dfen Ausf\u00fchrung geh\u00f6ren farbige \u201eSleeves\u201c, mit denen der Farbton jeden Tag aufs neue passend zum eigenen Outfit gew\u00e4hlt werden kann.<\/p>\n<p>Foto: Teckentrup<\/td>\n<\/tr>\n<\/tbody>\n<\/table>\n<hr noshade=\"noshade\" size=\"1\" \/>\n<p>Abdruck honorarfrei, Belegexemplar erbeten<\/p>\n<p>R\u00fcckfragen beantwortet gern:<\/p>\n<p><strong>Teckentrup<\/strong> GmbH &amp; Co. KG<br \/>\nThomas Moldrickx<br \/>\nTel.: 05246 \/ 5 04-350 \/ Fax: -173<br \/>\nE-Mail: <a href=\"&#x6d;&#x61;&#105;&#108;&#116;o&#x3a;&#x74;&#x68;&#111;&#109;as&#x2e;&#x6d;&#x6f;&#108;&#100;r&#x69;&#x63;&#x6b;&#120;&#64;&#116;e&#x63;&#x6b;&#x65;&#110;&#116;ru&#x70;&#x2e;&#x62;&#105;&#122;\">&#116;&#x68;o&#x6d;&#x61;&#115;&#x2e;m&#x6f;&#x6c;&#100;&#x72;i&#x63;&#x6b;&#120;&#x40;t&#x65;&#x63;&#107;&#x65;n&#x74;&#x72;&#117;&#x70;&#46;&#x62;&#x69;&#122;<\/a><\/td>\n<\/tr>\n<\/tbody>\n<\/table>\n<table border=\"0\" width=\"95{ab9cb22b1639c68dfef7c1751c9d63405358944ce3964465eb35eb6b5b6beaaa}\">\n<tbody>\n<tr>\n<td><\/td>\n<\/tr>\n<\/tbody>\n<\/table>\n","protected":false},"excerpt":{"rendered":"<p>BAU 2013: Garagentore \u2013 Design bis zur Fernbedienung Das Garagentor wird Gestaltungselement Sie bieten Komfort und Sicherheit, sparen Energie und tragen zum Gesamtbild des Hauses bei \u2013 Garagentore. Zur BAU zeigt der Hersteller Teckentrup (Halle B3 Stand 321) die gro\u00dfe Angebots-Variabilit\u00e4t. Farben und Oberfl\u00e4chenstrukturen, Glaseins\u00e4tze, Nebent\u00fcren im gleichen Design oder komfortable Antriebe stehen in vielen [&hellip;]<\/p>\n","protected":false},"author":6,"featured_media":0,"comment_status":"closed","ping_status":"open","sticky":false,"template":"","format":"standard","meta":{"footnotes":""},"categories":[3,6,18],"tags":[73,196,217,577,589],"class_list":["post-1463","post","type-post","status-publish","format-standard","hentry","category-kundenmeldungen","category-messen","category-teckentrup","tag-bau","tag-fernbedienung","tag-garage","tag-tor","tag-tur"],"_links":{"self":[{"href":"https:\/\/www.pr-neu.de\/newsroom\/wp-json\/wp\/v2\/posts\/1463","targetHints":{"allow":["GET"]}}],"collection":[{"href":"https:\/\/www.pr-neu.de\/newsroom\/wp-json\/wp\/v2\/posts"}],"about":[{"href":"https:\/\/www.pr-neu.de\/newsroom\/wp-json\/wp\/v2\/types\/post"}],"author":[{"embeddable":true,"href":"https:\/\/www.pr-neu.de\/newsroom\/wp-json\/wp\/v2\/users\/6"}],"replies":[{"embeddable":true,"href":"https:\/\/www.pr-neu.de\/newsroom\/wp-json\/wp\/v2\/comments?post=1463"}],"version-history":[{"count":5,"href":"https:\/\/www.pr-neu.de\/newsroom\/wp-json\/wp\/v2\/posts\/1463\/revisions"}],"predecessor-version":[{"id":13355,"href":"https:\/\/www.pr-neu.de\/newsroom\/wp-json\/wp\/v2\/posts\/1463\/revisions\/13355"}],"wp:attachment":[{"href":"https:\/\/www.pr-neu.de\/newsroom\/wp-json\/wp\/v2\/media?parent=1463"}],"wp:term":[{"taxonomy":"category","embeddable":true,"href":"https:\/\/www.pr-neu.de\/newsroom\/wp-json\/wp\/v2\/categories?post=1463"},{"taxonomy":"post_tag","embeddable":true,"href":"https:\/\/www.pr-neu.de\/newsroom\/wp-json\/wp\/v2\/tags?post=1463"}],"curies":[{"name":"wp","href":"https:\/\/api.w.org\/{rel}","templated":true}]}}