{"id":14626,"date":"2021-11-25T11:21:17","date_gmt":"2021-11-25T10:21:17","guid":{"rendered":"https:\/\/www.pr-neu.de\/newsroom\/?p=14626"},"modified":"2021-11-25T11:21:17","modified_gmt":"2021-11-25T10:21:17","slug":"brancusis-maiastra-in-zwoelf-meter-hohem-glaskubus","status":"publish","type":"post","link":"https:\/\/www.pr-neu.de\/newsroom\/brancusis-maiastra-in-zwoelf-meter-hohem-glaskubus\/","title":{"rendered":"Br\u00e2ncu\u0219is M\u0103iastra in zw\u00f6lf Meter hohem Glaskubus"},"content":{"rendered":"<p><!--MBNHE--><u>Craiova Art Museum ehrt Bildhauer mit eindrucksvoller Glaskunst<\/u><\/p>\n<p><strong>Wenn das k\u00fcnstlerische Werk eines Bildhauers unter Tage gezeigt wird, braucht es einen umso st\u00e4rkeren oberirdischen Ankerpunkt. Mit dieser Idee entstand der zw\u00f6lf Meter hohe Kubus \u00fcber dem neuen \u201eBr\u00e2ncu\u0219i-Museum\u201c in Craiova, das sich dem Werk des gro\u00dfen rum\u00e4nischen Bildhauers Constantin Br\u00e2ncu\u0219i widmet. Der imposante Ganzglas-Bau ist die weit sichtbare Hommage an den K\u00fcnstler. Mit den geb\u00e4udehohen Gl\u00e4sern (sedak) ist die H\u00fclle dabei genauso beeindruckend, wie der filigrane, ebenfalls aus Glas geschaffene und skulptural wirkende Innenbau, der einem typischen Br\u00e2ncu\u0219i-Werk nachempfunden ist \u2013 dem mythischen Vogel M\u0103iastra.<\/strong><\/p>\n<p>Craiova, sechstgr\u00f6\u00dfte Stadt Rum\u00e4niens (rund 260.000 Einwohner), ehrt einen ihrer ber\u00fchmtesten K\u00fcnstler, den Bildhauer Constantin Br\u00e2ncu\u0219i \u2013 mit dem \u201eConstantin Br\u00e2ncu\u0219i International Art Center\u201c im st\u00e4dtischen Kunstmuseum. Um die Ausstellungsfl\u00e4che daf\u00fcr angemessen zu erweitern, ohne den Altbau als Solit\u00e4r zu ver\u00e4ndern, wuchs das Museum nach unten und erhielt einen unterirdischen Fl\u00fcgel.<\/p>\n<p>Oberirdisch kommt ein Kunstwerk hinzu: Ein Glaspavillon als Werk zwischen Architektur und Bildhauerei, eine &#8222;Op-Art&#8220; wie eine optische T\u00e4uschung verschiedener Formen, wie sie typisch ist f\u00fcr das Werk von Br\u00e2ncu\u0219i, ein Glas-Kubus, in dem ein ovales, fusiformes Volumen scheint und schimmert. So wird das Bau-Kunst-Werk zur Referenz f\u00fcr ein Projekt, das Br\u00e2ncu\u0219i nicht mehr realisierte: den Tempel von Indore.<\/p>\n<p>Beeindruckend sind die Glasscheiben, zw\u00f6lf mal drei Meter gro\u00df, die das Volumen mit quadratischem Grundriss bilden. Innen schaffen horizontal angeordnete Glaslamellen den eif\u00f6rmigen Raum, der die Skulptur &#8222;M\u0103iastra&#8220; als Silhouette andeutet, eine Skulptur im Sinne des Schaffens von Br\u00e2ncu\u0219i. Hier wartet ein v\u00f6llig eigenst\u00e4ndiges Raumerlebnis: Aus dem Untergeschoss f\u00e4hrt ein gl\u00e4serner Aufzug \u2013 mit nur einer einzelnen Person \u2013 in die Mitte des Pavillons. Diese Person kann nun in den wenigen Sekunden der Auffahrt in die Welt von Br\u00e2ncu\u0219i eintauchen und erfahren, was der K\u00fcnstler durch sein Werk vermitteln wollte: Erhabenheit, Frieden und Licht des Geistes.<\/p>\n<p>&nbsp;<\/p>\n<hr \/>\n<p>&nbsp;<\/p>\n<p><em>K A S T E N<\/em><br \/>\n<strong>Ingenieurkunst f\u00fcr Kunst<\/strong><br \/>\nZw\u00f6lf Seitenscheiben (12,50 x 3,00 m) und drei Dachscheiben (9,00 x 3,00 m) bilden die gl\u00e4serne H\u00fclle, acht Glasfins tragen die Seitenscheiben mittels filigraner, einlaminierter Verbindungsst\u00fccke. Innerhalb des Glaskubus definieren weitere acht Glasfins die Silhouette des Vogels \u201eM\u0103iastra\u201c \u2013 hier in wesentlich gr\u00f6\u00dferen Dimensionen als das urspr\u00fcngliche, nur neun Zentimeter hohe Kunstwerk: Der aus Glas umfasste Raum ist fast um den Faktor 100 gr\u00f6\u00dfer. In der Mitte des Konstrukts befindet sich der Glas-Aufzug. Die spezielle Form der Gl\u00e4ser, die die Umrisse der Vogel-Skulptur bilden, war nicht nur in der Glasbearbeitung anspruchsvoll. Vor allem beim Vorspannen und in der Lamination musste auf das richtige Verhalten der Formscheiben im Ofen und auf die Passgenauigkeit an den Kanten geachtet werden.<\/p>\n<p><em>K A S T E N<\/em><br \/>\n<strong>Constantin Br\u00e2ncu\u0219i: Bildhauer, K\u00fcnstler, Kosmopolit<\/strong><br \/>\nConstantin Br\u00e2ncu\u0219i (1876 \u2013 1957) war ein rum\u00e4nisch-franz\u00f6sischer Bildhauer und Fotograf. Ab 1904 lebte er in Paris, er z\u00e4hlt zu den pr\u00e4genden Bildhauern des 20. Jahrhunderts. Nicht die wirklichkeitsgetreue Wiedergabe von Objekten pr\u00e4gte sein Schaffen, vielmehr Reduktion, beeinflusst von afrikanischer und rum\u00e4nischer Volkskunst. Br\u00e2ncu\u0219is Plastiken sind oft eif\u00f6rmige K\u00f6pfe (oder fliegende V\u00f6gel), seine Werke werden der Avantgarde in der Bildenden Kunst zugeschrieben. \u201eM\u0103iastra\u201c steht dabei pars pro toto f\u00fcr die Verbindung, die Darstellung von V\u00f6geln nahe der Ei-Form.<\/p>\n<p>&nbsp;<\/p>\n<hr \/>\n<p>&nbsp;<\/p>\n<p><u>Kurz-Interview mit Architekt Dorin Stefan<\/u><\/p>\n<p><strong>Br\u00e2ncu\u0219i arbeitete mit Bronze, Marmor, Holz und Gips. Warum widmen Sie ihm und seinem Schaffen einen Glaspavillon?<\/strong><br \/>\nDer Pavillon sollte keine Nachbildung eines Objekts oder einer spezifischen Form von Br\u00e2ncu\u0219i werden, sondern eine Hommage \u2013 mit den technischen und ausdrucksstarken Baustoffen unserer Zeit. Mich fasziniert Glas und seine modernen Ausdrucksm\u00f6glichkeiten.<\/p>\n<p><strong>Wo lag die gr\u00f6\u00dfte Herausforderung bei diesem Projekt?<\/strong><br \/>\nAls ich mit dem Projekt begann, gab es noch keine Gl\u00e4ser \u00fcber neun Meter \u2013 ich plante also mit zwei Scheiben, um auf zw\u00f6lf Meter H\u00f6he zu kommen. Gl\u00fccklicherweise brachte uns die Verz\u00f6gerung bei der Ausf\u00fchrung den Vorteil, dass wir in der Zwischenzeit \u00fcber 12,5 Meter lange Gl\u00e4ser einsetzen k\u00f6nnen.<\/p>\n<p>Die Herausforderung bestand darin, einen Spezialisten (Wolfgang Kahlert aus Deutschland) f\u00fcr die statische Gestaltung eines solchen Glasobjekts zu finden; gleichzeitig haben wir einen ganz besonderen Aufzug, der uns in das Innere des Glas-Eies bef\u00f6rdert. Der Aufzug stammt vom rum\u00e4nischen Hersteller ELMAS, der daf\u00fcr international ausgezeichnet wurde.<\/p>\n<p><strong>Welche Bedeutung spielt Glas in Ihrer Architektur?<\/strong><br \/>\nVon allen Baustoffen liebe ich Glas am meisten. Transparenz und Licht bestimmen f\u00fcr mich Architektur.<\/p>\n<p>&nbsp;<\/p>\n<hr \/>\n<p>&nbsp;<\/p>\n<p><strong><u>Bautafel<\/u><\/strong><br \/>\n<strong>Art Museum Craiova, Neubau \u201cBr\u00e2ncu\u0219i Art Center\u201d<\/strong><br \/>\n<strong>Architekt:<\/strong> Dorin Stefan, Bukarest<br \/>\n<strong>Bauherr:<\/strong> Manelli SRL<br \/>\n<strong>Glasveredler:<\/strong> sedak, Gersthofen (D)<\/p>\n<p><strong>Fertigstellung: 2022<\/strong><\/p>\n<p><strong><u>Sedak-Gl\u00e4ser:<\/u><\/strong><\/p>\n<ul>\n<li>23 Dreifach-Laminate aus Wei\u00dfglas, bis 3,00 x 12,5 Meter<\/li>\n<li>8 Glasfins, F\u00fcnffach-Laminate, bis 3,00 x 12,45 Meter<\/li>\n<\/ul>\n<p>&nbsp;<\/p>\n<hr \/>\n<p>&nbsp;<\/p>\n<p><a href=\"http:\/\/www.pr-neu.de\/newsroom\/wordpress\/wp-content\/uploads\/2021\/11\/21-06_Brancusi_2_K-2.jpg\" target=\"_blank\" rel=\"noopener\"><img loading=\"lazy\" decoding=\"async\" class=\"aligncenter wp-image-14628 size-medium\" src=\"http:\/\/www.pr-neu.de\/newsroom\/wordpress\/wp-content\/uploads\/2021\/11\/21-06_Brancusi_2_K-2-258x300.jpg\" alt=\"\" width=\"258\" height=\"300\" srcset=\"https:\/\/www.pr-neu.de\/newsroom\/wordpress\/wp-content\/uploads\/2021\/11\/21-06_Brancusi_2_K-2-258x300.jpg 258w, https:\/\/www.pr-neu.de\/newsroom\/wordpress\/wp-content\/uploads\/2021\/11\/21-06_Brancusi_2_K-2-882x1024.jpg 882w, https:\/\/www.pr-neu.de\/newsroom\/wordpress\/wp-content\/uploads\/2021\/11\/21-06_Brancusi_2_K-2-768x892.jpg 768w, https:\/\/www.pr-neu.de\/newsroom\/wordpress\/wp-content\/uploads\/2021\/11\/21-06_Brancusi_2_K-2-1323x1536.jpg 1323w, https:\/\/www.pr-neu.de\/newsroom\/wordpress\/wp-content\/uploads\/2021\/11\/21-06_Brancusi_2_K-2-1764x2048.jpg 1764w, https:\/\/www.pr-neu.de\/newsroom\/wordpress\/wp-content\/uploads\/2021\/11\/21-06_Brancusi_2_K-2-95x110.jpg 95w, https:\/\/www.pr-neu.de\/newsroom\/wordpress\/wp-content\/uploads\/2021\/11\/21-06_Brancusi_2_K-2-362x420.jpg 362w, https:\/\/www.pr-neu.de\/newsroom\/wordpress\/wp-content\/uploads\/2021\/11\/21-06_Brancusi_2_K-2-370x430.jpg 370w\" sizes=\"auto, (max-width: 258px) 100vw, 258px\" \/><\/a><\/p>\n<p><a href=\"http:\/\/www.pr-neu.de\/newsroom\/wordpress\/wp-content\/uploads\/2021\/11\/21-06_Brancusi_3_K-2.jpg\" target=\"_blank\" rel=\"noopener\"><img loading=\"lazy\" decoding=\"async\" class=\"aligncenter wp-image-14629 size-medium\" src=\"http:\/\/www.pr-neu.de\/newsroom\/wordpress\/wp-content\/uploads\/2021\/11\/21-06_Brancusi_3_K-2-300x208.jpg\" alt=\"\" width=\"300\" height=\"208\" srcset=\"https:\/\/www.pr-neu.de\/newsroom\/wordpress\/wp-content\/uploads\/2021\/11\/21-06_Brancusi_3_K-2-300x208.jpg 300w, https:\/\/www.pr-neu.de\/newsroom\/wordpress\/wp-content\/uploads\/2021\/11\/21-06_Brancusi_3_K-2-1024x709.jpg 1024w, https:\/\/www.pr-neu.de\/newsroom\/wordpress\/wp-content\/uploads\/2021\/11\/21-06_Brancusi_3_K-2-768x532.jpg 768w, https:\/\/www.pr-neu.de\/newsroom\/wordpress\/wp-content\/uploads\/2021\/11\/21-06_Brancusi_3_K-2-1536x1063.jpg 1536w, https:\/\/www.pr-neu.de\/newsroom\/wordpress\/wp-content\/uploads\/2021\/11\/21-06_Brancusi_3_K-2-2048x1417.jpg 2048w, https:\/\/www.pr-neu.de\/newsroom\/wordpress\/wp-content\/uploads\/2021\/11\/21-06_Brancusi_3_K-2-110x76.jpg 110w, https:\/\/www.pr-neu.de\/newsroom\/wordpress\/wp-content\/uploads\/2021\/11\/21-06_Brancusi_3_K-2-420x291.jpg 420w, https:\/\/www.pr-neu.de\/newsroom\/wordpress\/wp-content\/uploads\/2021\/11\/21-06_Brancusi_3_K-2-621x430.jpg 621w\" sizes=\"auto, (max-width: 300px) 100vw, 300px\" \/><\/a><\/p>\n<p style=\"text-align: center;\">Bei Tag und bei Nacht ein Ereignis: Das zw\u00f6lf Meter hohe Glas-Kunstwerk als Hommage an das Schaffen des Bildhauers Constantin Br\u00e2ncu\u0219i. Das Kunstwerk steht neben dem Art-Museum in Craiova (Rum\u00e4nien). Unterirdisch erweitert, zeigt es nun die Kunst Br\u00e2ncu\u0219is, der aus Craiova stammt.<br \/>\nBilder: Andrei Pandele<\/p>\n<p>&nbsp;<\/p>\n<p><a href=\"http:\/\/www.pr-neu.de\/newsroom\/wordpress\/wp-content\/uploads\/2021\/11\/21-06_Brancusi_4_K-2.jpg\" target=\"_blank\" rel=\"noopener\"><img loading=\"lazy\" decoding=\"async\" class=\"aligncenter wp-image-14630 size-medium\" src=\"http:\/\/www.pr-neu.de\/newsroom\/wordpress\/wp-content\/uploads\/2021\/11\/21-06_Brancusi_4_K-2-300x212.jpg\" alt=\"\" width=\"300\" height=\"212\" srcset=\"https:\/\/www.pr-neu.de\/newsroom\/wordpress\/wp-content\/uploads\/2021\/11\/21-06_Brancusi_4_K-2-300x212.jpg 300w, https:\/\/www.pr-neu.de\/newsroom\/wordpress\/wp-content\/uploads\/2021\/11\/21-06_Brancusi_4_K-2-1024x725.jpg 1024w, https:\/\/www.pr-neu.de\/newsroom\/wordpress\/wp-content\/uploads\/2021\/11\/21-06_Brancusi_4_K-2-768x544.jpg 768w, https:\/\/www.pr-neu.de\/newsroom\/wordpress\/wp-content\/uploads\/2021\/11\/21-06_Brancusi_4_K-2-1536x1087.jpg 1536w, https:\/\/www.pr-neu.de\/newsroom\/wordpress\/wp-content\/uploads\/2021\/11\/21-06_Brancusi_4_K-2-2048x1450.jpg 2048w, https:\/\/www.pr-neu.de\/newsroom\/wordpress\/wp-content\/uploads\/2021\/11\/21-06_Brancusi_4_K-2-110x78.jpg 110w, https:\/\/www.pr-neu.de\/newsroom\/wordpress\/wp-content\/uploads\/2021\/11\/21-06_Brancusi_4_K-2-420x297.jpg 420w, https:\/\/www.pr-neu.de\/newsroom\/wordpress\/wp-content\/uploads\/2021\/11\/21-06_Brancusi_4_K-2-607x430.jpg 607w\" sizes=\"auto, (max-width: 300px) 100vw, 300px\" \/><\/a><\/p>\n<p style=\"text-align: center;\">M\u0103iastra, ein mythischer Vogel, ist von Brancusi h\u00e4ufiger als Skulptur gestaltet worden \u2013 reduziert auf eine minimalistische Form und oft nur einige Zentimeter hoch. Diese wiederum diente als Vorlage f\u00fcr das beeindruckende Glaskunstwerk im Gro\u00dfformat.<br \/>\nBild: Dorin Stefan, DSBA<\/p>\n<p>&nbsp;<\/p>\n<p><a href=\"http:\/\/www.pr-neu.de\/newsroom\/wordpress\/wp-content\/uploads\/2021\/11\/21-06_Brancusi_1_K-2.jpg\" target=\"_blank\" rel=\"noopener\"><img loading=\"lazy\" decoding=\"async\" class=\"wp-image-14627 size-medium aligncenter\" src=\"http:\/\/www.pr-neu.de\/newsroom\/wordpress\/wp-content\/uploads\/2021\/11\/21-06_Brancusi_1_K-2-300x169.jpg\" alt=\"\" width=\"300\" height=\"169\" srcset=\"https:\/\/www.pr-neu.de\/newsroom\/wordpress\/wp-content\/uploads\/2021\/11\/21-06_Brancusi_1_K-2-300x169.jpg 300w, https:\/\/www.pr-neu.de\/newsroom\/wordpress\/wp-content\/uploads\/2021\/11\/21-06_Brancusi_1_K-2-1024x576.jpg 1024w, https:\/\/www.pr-neu.de\/newsroom\/wordpress\/wp-content\/uploads\/2021\/11\/21-06_Brancusi_1_K-2-768x432.jpg 768w, https:\/\/www.pr-neu.de\/newsroom\/wordpress\/wp-content\/uploads\/2021\/11\/21-06_Brancusi_1_K-2-1536x864.jpg 1536w, https:\/\/www.pr-neu.de\/newsroom\/wordpress\/wp-content\/uploads\/2021\/11\/21-06_Brancusi_1_K-2-2048x1152.jpg 2048w, https:\/\/www.pr-neu.de\/newsroom\/wordpress\/wp-content\/uploads\/2021\/11\/21-06_Brancusi_1_K-2-110x62.jpg 110w, https:\/\/www.pr-neu.de\/newsroom\/wordpress\/wp-content\/uploads\/2021\/11\/21-06_Brancusi_1_K-2-420x236.jpg 420w, https:\/\/www.pr-neu.de\/newsroom\/wordpress\/wp-content\/uploads\/2021\/11\/21-06_Brancusi_1_K-2-770x430.jpg 770w, https:\/\/www.pr-neu.de\/newsroom\/wordpress\/wp-content\/uploads\/2021\/11\/21-06_Brancusi_1_K-2-764x430.jpg 764w\" sizes=\"auto, (max-width: 300px) 100vw, 300px\" \/><\/a><\/p>\n<p style=\"text-align: center;\">Skizze der unterirdischen Erweiterung inklusive des oberirdischen Ausrufezeichens.<br \/>\nBild: Dorin Stefan, DSBA<\/p>\n<p>&nbsp;<\/p>\n<p><a href=\"http:\/\/www.pr-neu.de\/newsroom\/wordpress\/wp-content\/uploads\/2021\/11\/21-06_Brancusi_5_K.jpg\" target=\"_blank\" rel=\"noopener\"><img loading=\"lazy\" decoding=\"async\" class=\"aligncenter wp-image-14631 size-medium\" src=\"http:\/\/www.pr-neu.de\/newsroom\/wordpress\/wp-content\/uploads\/2021\/11\/21-06_Brancusi_5_K-300x244.jpg\" alt=\"\" width=\"300\" height=\"244\" srcset=\"https:\/\/www.pr-neu.de\/newsroom\/wordpress\/wp-content\/uploads\/2021\/11\/21-06_Brancusi_5_K-300x244.jpg 300w, https:\/\/www.pr-neu.de\/newsroom\/wordpress\/wp-content\/uploads\/2021\/11\/21-06_Brancusi_5_K-1024x832.jpg 1024w, https:\/\/www.pr-neu.de\/newsroom\/wordpress\/wp-content\/uploads\/2021\/11\/21-06_Brancusi_5_K-768x624.jpg 768w, https:\/\/www.pr-neu.de\/newsroom\/wordpress\/wp-content\/uploads\/2021\/11\/21-06_Brancusi_5_K-1536x1247.jpg 1536w, https:\/\/www.pr-neu.de\/newsroom\/wordpress\/wp-content\/uploads\/2021\/11\/21-06_Brancusi_5_K-2048x1663.jpg 2048w, https:\/\/www.pr-neu.de\/newsroom\/wordpress\/wp-content\/uploads\/2021\/11\/21-06_Brancusi_5_K-110x89.jpg 110w, https:\/\/www.pr-neu.de\/newsroom\/wordpress\/wp-content\/uploads\/2021\/11\/21-06_Brancusi_5_K-420x341.jpg 420w, https:\/\/www.pr-neu.de\/newsroom\/wordpress\/wp-content\/uploads\/2021\/11\/21-06_Brancusi_5_K-530x430.jpg 530w\" sizes=\"auto, (max-width: 300px) 100vw, 300px\" \/><\/a><\/p>\n<p style=\"text-align: center;\">Das Rendering zeigt den Bestand, das Art Museum Craiova, und den Glasbau als neuen Blickfang. So beh\u00e4lt der klassizistische Bau seine Wirkung \u2013 trotz der erweiterten Ausstellungsfl\u00e4che: Diese wurde unter der Erde geschaffen.<br \/>\nBild: Dorin Stefan, DSBA<\/p>\n<p>&nbsp;<\/p>\n<hr \/>\n<p>&nbsp;<\/p>\n<p><strong>sedak \u2013 leading glass <\/strong><strong>\u00a0<\/strong><\/p>\n<p>Mit Pioniergeist hat sich der Glasveredler sedak (Gersthofen) seit der Gr\u00fcndung 2007 zum Premiumhersteller f\u00fcr gro\u00dfformatige Isolier- und Sicherheitsgl\u00e4ser entwickelt und Glas als Baustoff f\u00fcr Ganzglasfassaden und -d\u00e4cher weitergedacht. Dank innovativer Produkte in h\u00f6chster Qualit\u00e4t werden ikonische Fassaden und Bauwerke mit einer bislang unerreichten Transparenz realisiert.<\/p>\n<p>Monogl\u00e4ser, Mehrfachgl\u00e4ser und Funktions-Isoliergl\u00e4ser in Formaten bis 3,6 x 20 Meter fertigt sedak hochautomatisiert und effizient. Auf einer Fertigungsfl\u00e4che von 35.000 Quadratmetern und mit einem einzigartigen Maschinenpark wird das Rohglas bearbeitet, vorgespannt, laminiert, bedruckt und laminationsgebogen und zu Isolierglas gebaut. Mit der Integration des Glasspezialisten f\u00fcr gebogenes Glas, Sunglass Industry srl (Italien), geh\u00f6rt nun auch das thermische Glasbiegen zu den Kernkompetenzen. Au\u00dfergew\u00f6hnliche L\u00f6sungen liefert der Spezialist zudem f\u00fcr Luxus-Jachten mit Gl\u00e4sern, optimiert f\u00fcr den Einsatz auf hoher See.<\/p>\n<p>Insbesondere bei Sonderkonstruktionen beweist der Glasveredler l\u00f6sungsorientierte Kompetenz. Mit Forschungs- und Entwicklungsgeist, neuen Technologien sowie der Expertise von 190 Mitarbeitern treibt sedak Innovationen der Glasveredelung stetig voran und versteht sich als Partner von Architekten, Bauherren, Fassaden- und Metallbauern. Als Spezialist f\u00fcr \u00fcbergro\u00dfe und extrem schwere Gl\u00e4ser entwickelt das Unternehmen zukunftsorientierte L\u00f6sungen, um Kundenvisionen flexibel zu verwirklichen. Vom Auftrag bis zur Lieferung agiert der Glasveredler dabei als Full-Service-Supplier. So leistet sedak schon heute einen Beitrag f\u00fcr die vision\u00e4re Architektur von morgen.<\/p>\n<p>Herausragende Referenzen belegen die eindrucksvolle Kompetenz. Dazu geh\u00f6ren u.a.: Laktha Center, St. Petersburg \/ Haus der Europ\u00e4ischen Geschichte, Br\u00fcssel \/ medizinische Fakult\u00e4t, Montpellier \/ Torre Europa, Madrid \/ Iconsiam, Bangkok \/ Apple Park, Cupertino \/ Apple-Cube, New York \/ Experimenta, Heilbronn \/ zahlreiche Premium-Flagship-Stores.<\/p>\n<p><strong>Anwendungsgebiete <\/strong><\/p>\n<table>\n<tbody>\n<tr>\n<td width=\"278\">\u00b7\u00a0\u00a0\u00a0\u00a0\u00a0\u00a0\u00a0\u00a0 Glasfassaden<\/p>\n<p>\u00b7\u00a0\u00a0\u00a0\u00a0\u00a0\u00a0\u00a0\u00a0 Glasd\u00e4cher<\/p>\n<p>\u00b7\u00a0\u00a0\u00a0\u00a0\u00a0\u00a0\u00a0\u00a0 Glastreppen<\/p>\n<p>\u00b7\u00a0\u00a0\u00a0\u00a0\u00a0\u00a0\u00a0\u00a0 Glasbr\u00fcstungen<\/p>\n<p>\u00b7\u00a0\u00a0\u00a0\u00a0\u00a0\u00a0\u00a0\u00a0 Jachtverglasungen<\/td>\n<td width=\"278\">\u00b7\u00a0\u00a0\u00a0\u00a0\u00a0\u00a0\u00a0\u00a0 Poolverglasungen<\/p>\n<p>\u00b7\u00a0\u00a0\u00a0\u00a0\u00a0\u00a0\u00a0\u00a0 Sicherheitsverglasungen<\/p>\n<p>\u00b7\u00a0\u00a0\u00a0\u00a0\u00a0\u00a0\u00a0\u00a0 Ganzglaskonstruktionen<\/p>\n<p>\u00b7\u00a0\u00a0\u00a0\u00a0\u00a0\u00a0\u00a0\u00a0 Innenarchitektur<\/p>\n<p>\u00b7\u00a0\u00a0\u00a0\u00a0\u00a0\u00a0\u00a0\u00a0 Sonderanfertigung<\/td>\n<\/tr>\n<\/tbody>\n<\/table>\n<p>&nbsp;<\/p>\n<hr \/>\n<p>&nbsp;<\/p>\n<p>Abdruck honorarfrei, Belegexemplar erbeten.<\/p>\n","protected":false},"excerpt":{"rendered":"<p>Craiova Art Museum ehrt Bildhauer mit eindrucksvoller Glaskunst Wenn das k\u00fcnstlerische Werk eines Bildhauers unter Tage gezeigt wird, braucht es einen umso st\u00e4rkeren oberirdischen Ankerpunkt. Mit dieser Idee entstand der zw\u00f6lf Meter hohe Kubus \u00fcber dem neuen \u201eBr\u00e2ncu\u0219i-Museum\u201c in Craiova, das sich dem Werk des gro\u00dfen rum\u00e4nischen Bildhauers Constantin Br\u00e2ncu\u0219i widmet. Der imposante Ganzglas-Bau ist [&hellip;]<\/p>\n","protected":false},"author":6,"featured_media":14629,"comment_status":"closed","ping_status":"open","sticky":false,"template":"","format":"standard","meta":{"footnotes":""},"categories":[12],"tags":[],"class_list":["post-14626","post","type-post","status-publish","format-standard","has-post-thumbnail","hentry","category-sedak"],"_links":{"self":[{"href":"https:\/\/www.pr-neu.de\/newsroom\/wp-json\/wp\/v2\/posts\/14626","targetHints":{"allow":["GET"]}}],"collection":[{"href":"https:\/\/www.pr-neu.de\/newsroom\/wp-json\/wp\/v2\/posts"}],"about":[{"href":"https:\/\/www.pr-neu.de\/newsroom\/wp-json\/wp\/v2\/types\/post"}],"author":[{"embeddable":true,"href":"https:\/\/www.pr-neu.de\/newsroom\/wp-json\/wp\/v2\/users\/6"}],"replies":[{"embeddable":true,"href":"https:\/\/www.pr-neu.de\/newsroom\/wp-json\/wp\/v2\/comments?post=14626"}],"version-history":[{"count":2,"href":"https:\/\/www.pr-neu.de\/newsroom\/wp-json\/wp\/v2\/posts\/14626\/revisions"}],"predecessor-version":[{"id":14633,"href":"https:\/\/www.pr-neu.de\/newsroom\/wp-json\/wp\/v2\/posts\/14626\/revisions\/14633"}],"wp:featuredmedia":[{"embeddable":true,"href":"https:\/\/www.pr-neu.de\/newsroom\/wp-json\/wp\/v2\/media\/14629"}],"wp:attachment":[{"href":"https:\/\/www.pr-neu.de\/newsroom\/wp-json\/wp\/v2\/media?parent=14626"}],"wp:term":[{"taxonomy":"category","embeddable":true,"href":"https:\/\/www.pr-neu.de\/newsroom\/wp-json\/wp\/v2\/categories?post=14626"},{"taxonomy":"post_tag","embeddable":true,"href":"https:\/\/www.pr-neu.de\/newsroom\/wp-json\/wp\/v2\/tags?post=14626"}],"curies":[{"name":"wp","href":"https:\/\/api.w.org\/{rel}","templated":true}]}}