{"id":14608,"date":"2021-11-16T09:11:03","date_gmt":"2021-11-16T08:11:03","guid":{"rendered":"https:\/\/www.pr-neu.de\/newsroom\/?p=14608"},"modified":"2021-11-16T09:13:03","modified_gmt":"2021-11-16T08:13:03","slug":"19-november-welt-toiletten-tag","status":"publish","type":"post","link":"https:\/\/www.pr-neu.de\/newsroom\/19-november-welt-toiletten-tag\/","title":{"rendered":"19. November: Welt-Toiletten-Tag"},"content":{"rendered":"<p><!--MBNHE--><\/p>\n<p><u>2,5 Milliarden Menschen leben ohne gute Sanit\u00e4rversorgung<\/u><\/p>\n<p><!--MBNHE--><\/p>\n<p><strong><u>Braunschweig, 16.\u00a0November 2021<\/u>.<\/strong> Falter, Kn\u00fcller, Stapler: Bei der Verwendung von Toilettenpapier konkurrieren die Techniken: Angeblich sind es mehrheitlich M\u00e4nner, die das Papier vor dem Benutzen falten. \u00c4ltere Leute sollen es dagegen oft sorgf\u00e4ltig Blatt f\u00fcr Blatt aufeinanderlegen \u2013 und von j\u00fcngeren Frauen hei\u00dft es, sie neigten dazu, es sich um die Hand zu wickeln. Egal welche Technik bevorzugt wird: die Diskussion ist Beleg daf\u00fcr, dass der Gang zur Toilette f\u00fcr uns Alltag ist (auch wenn dar\u00fcber zumeist geschwiegen wird). Weil das l\u00e4ngst nicht \u00fcberall auf der Welt gilt, haben die Vereinten Nationen den 19. November zum \u201eWelt-Toiletten-Tag\u201c erkl\u00e4rt. Tats\u00e4chlich ist der Zugang zu sanit\u00e4ren Anlagen eines der dr\u00e4ngendsten Probleme auf dem Globus: Rund 2,5 Milliarden Menschen leben ohne ausreichende Sanit\u00e4rversorgung (UN-Angabe), vor allem \u00e4rmere Bev\u00f6lkerungsschichten auf dem Land und die Bewohner in den Slums der Mega-St\u00e4dte. Der Welttoilettentag will an diese prek\u00e4ren Zust\u00e4nde erinnern.<\/p>\n<p align=\"left\">Vor diesem Hintergrund sollten wir in Deutschland das WC mehr wertsch\u00e4tzen. Dazu geh\u00f6rt auch, das Klo nicht als M\u00fclleimer zu benutzen \u2013 sonst drohen Verstopfungen und wenn Giftstoffe in das Abwasser gelangen Sch\u00e4den f\u00fcr die Umwelt. Feuchtt\u00fccher, Medikamente, Farben und Lacke, Hygieneartikel wie Damenbinden, Slipeinlagen oder Wattest\u00e4bchen, \u00d6l oder Speisereste: All dies geh\u00f6rt in den M\u00fcll und nicht ins Klo. \u201eSchon Taschent\u00fccher oder K\u00fcchenpapier k\u00f6nnen zum Problem werden: Sie sind oft biologisch schwer abbaubar und k\u00f6nnen die Leitung verstopfen. Rei\u00dffeste Feuchtt\u00fccher sind besonders problematisch\u201c, erkl\u00e4rt Andreas Hartmann, Gesch\u00e4ftsf\u00fchrer der Stadtentw\u00e4sserung Braunschweig GmbH (SE|BS). Und was passiert, wenn das Klo verstopft ist, kann sich jeder einfach vorstellen \u2026<\/p>\n<p>&nbsp;<\/p>\n<hr \/>\n<p>&nbsp;<\/p>\n<p><a href=\"http:\/\/www.pr-neu.de\/newsroom\/wordpress\/wp-content\/uploads\/2021\/11\/21-28_Latrine_K.jpg\" target=\"_blank\" rel=\"noopener\"><img loading=\"lazy\" decoding=\"async\" class=\"aligncenter wp-image-14609 size-medium\" src=\"http:\/\/www.pr-neu.de\/newsroom\/wordpress\/wp-content\/uploads\/2021\/11\/21-28_Latrine_K-300x196.jpg\" alt=\"\" width=\"300\" height=\"196\" srcset=\"https:\/\/www.pr-neu.de\/newsroom\/wordpress\/wp-content\/uploads\/2021\/11\/21-28_Latrine_K-300x196.jpg 300w, https:\/\/www.pr-neu.de\/newsroom\/wordpress\/wp-content\/uploads\/2021\/11\/21-28_Latrine_K-1024x669.jpg 1024w, https:\/\/www.pr-neu.de\/newsroom\/wordpress\/wp-content\/uploads\/2021\/11\/21-28_Latrine_K-768x502.jpg 768w, https:\/\/www.pr-neu.de\/newsroom\/wordpress\/wp-content\/uploads\/2021\/11\/21-28_Latrine_K-1536x1004.jpg 1536w, https:\/\/www.pr-neu.de\/newsroom\/wordpress\/wp-content\/uploads\/2021\/11\/21-28_Latrine_K-2048x1338.jpg 2048w, https:\/\/www.pr-neu.de\/newsroom\/wordpress\/wp-content\/uploads\/2021\/11\/21-28_Latrine_K-110x72.jpg 110w, https:\/\/www.pr-neu.de\/newsroom\/wordpress\/wp-content\/uploads\/2021\/11\/21-28_Latrine_K-420x274.jpg 420w, https:\/\/www.pr-neu.de\/newsroom\/wordpress\/wp-content\/uploads\/2021\/11\/21-28_Latrine_K-658x430.jpg 658w\" sizes=\"auto, (max-width: 300px) 100vw, 300px\" \/><\/a><\/p>\n<p style=\"text-align: center;\" align=\"left\"><!--MBNHE-->Bereits die R\u00f6mer kannten sanit\u00e4re Einrichtungen: Die Latrinen waren mit Sitzbrett ausgestattet, an Abwasserkan\u00e4le angeschlossen und im \u00f6ffentlichen Raum zu finden. Heute erfolgt der Toilettengang etwas intimer.<\/p>\n<p style=\"text-align: center;\" align=\"left\">Foto: shutterstock<\/p>\n<p>&nbsp;<\/p>\n<hr \/>\n<p>&nbsp;<\/p>\n<p><strong>SE|BS-Pressestelle<\/strong><br \/>\npr neu &#8211; gedacht<\/p>\n<p>Telefon: 05307 80093 \u2013 80<br \/>\nFax: 05307 80093 \u2013 69<br \/>\nE-Mail: &#x69;n&#x66;o&#x40;&#112;&#x72;&#45;n&#x65;u&#x2e;&#100;&#x65;<br \/>\nInternet: www.pr-neu.de<\/p>\n","protected":false},"excerpt":{"rendered":"<p>2,5 Milliarden Menschen leben ohne gute Sanit\u00e4rversorgung Braunschweig, 16.\u00a0November 2021. Falter, Kn\u00fcller, Stapler: Bei der Verwendung von Toilettenpapier konkurrieren die Techniken: Angeblich sind es mehrheitlich M\u00e4nner, die das Papier vor dem Benutzen falten. \u00c4ltere Leute sollen es dagegen oft sorgf\u00e4ltig Blatt f\u00fcr Blatt aufeinanderlegen \u2013 und von j\u00fcngeren Frauen hei\u00dft es, sie neigten dazu, es [&hellip;]<\/p>\n","protected":false},"author":6,"featured_media":14609,"comment_status":"closed","ping_status":"open","sticky":false,"template":"","format":"standard","meta":{"footnotes":""},"categories":[1517],"tags":[],"class_list":["post-14608","post","type-post","status-publish","format-standard","has-post-thumbnail","hentry","category-sebs"],"_links":{"self":[{"href":"https:\/\/www.pr-neu.de\/newsroom\/wp-json\/wp\/v2\/posts\/14608","targetHints":{"allow":["GET"]}}],"collection":[{"href":"https:\/\/www.pr-neu.de\/newsroom\/wp-json\/wp\/v2\/posts"}],"about":[{"href":"https:\/\/www.pr-neu.de\/newsroom\/wp-json\/wp\/v2\/types\/post"}],"author":[{"embeddable":true,"href":"https:\/\/www.pr-neu.de\/newsroom\/wp-json\/wp\/v2\/users\/6"}],"replies":[{"embeddable":true,"href":"https:\/\/www.pr-neu.de\/newsroom\/wp-json\/wp\/v2\/comments?post=14608"}],"version-history":[{"count":3,"href":"https:\/\/www.pr-neu.de\/newsroom\/wp-json\/wp\/v2\/posts\/14608\/revisions"}],"predecessor-version":[{"id":14613,"href":"https:\/\/www.pr-neu.de\/newsroom\/wp-json\/wp\/v2\/posts\/14608\/revisions\/14613"}],"wp:featuredmedia":[{"embeddable":true,"href":"https:\/\/www.pr-neu.de\/newsroom\/wp-json\/wp\/v2\/media\/14609"}],"wp:attachment":[{"href":"https:\/\/www.pr-neu.de\/newsroom\/wp-json\/wp\/v2\/media?parent=14608"}],"wp:term":[{"taxonomy":"category","embeddable":true,"href":"https:\/\/www.pr-neu.de\/newsroom\/wp-json\/wp\/v2\/categories?post=14608"},{"taxonomy":"post_tag","embeddable":true,"href":"https:\/\/www.pr-neu.de\/newsroom\/wp-json\/wp\/v2\/tags?post=14608"}],"curies":[{"name":"wp","href":"https:\/\/api.w.org\/{rel}","templated":true}]}}