{"id":14586,"date":"2021-11-12T08:30:08","date_gmt":"2021-11-12T07:30:08","guid":{"rendered":"https:\/\/www.pr-neu.de\/newsroom\/?p=14586"},"modified":"2021-11-16T09:10:08","modified_gmt":"2021-11-16T08:10:08","slug":"oker-wird-abgesenkt","status":"publish","type":"post","link":"https:\/\/www.pr-neu.de\/newsroom\/oker-wird-abgesenkt\/","title":{"rendered":"Oker wird abgesenkt"},"content":{"rendered":"<p align=\"left\"><strong><u>Braunschweig, 12. November 2021<\/u>.<\/strong> Vom 15. bis 19.11.2021 senkt die Stadtentw\u00e4sserung Braunschweig GmbH (SE|BS) die Oker um etwa einen Meter ab. Grund ist die Sanierung eines Regenwasserkanals in der Jasperallee. F\u00fcr die fachgerechte Durchf\u00fchrung muss der Kanal frei von Wasser sein, dies geht nur bei einem niedrigen Wasserstad der Oker. Parallel baut der Wasserverband Mittlere Oker (WVMO) ein Ger\u00fcsts am Petriwehr ab. Durch das koordinierte Vorgehen von SE|BS und WVMO gen\u00fcgt somit das einmalige Absenken, um beide Ma\u00dfnahmen durchzuf\u00fchren.<\/p>\n<p>&nbsp;<\/p>\n<hr \/>\n<p>&nbsp;<\/p>\n<p><strong>SE|BS-Pressestelle<\/strong><br \/>\npr neu &#8211; gedacht<\/p>\n<p>Telefon: 05307 80093 \u2013 80<br \/>\nFax: 05307 80093 \u2013 69<br \/>\nE-Mail: i&#110;&#x66;&#x6f;&#64;&#112;&#x72;&#x2d;n&#101;&#x75;&#x2e;d&#101;<br \/>\nInternet: www.pr-neu.de<\/p>\n","protected":false},"excerpt":{"rendered":"<p>Braunschweig, 12. November 2021. Vom 15. bis 19.11.2021 senkt die Stadtentw\u00e4sserung Braunschweig GmbH (SE|BS) die Oker um etwa einen Meter ab. Grund ist die Sanierung eines Regenwasserkanals in der Jasperallee. F\u00fcr die fachgerechte Durchf\u00fchrung muss der Kanal frei von Wasser sein, dies geht nur bei einem niedrigen Wasserstad der Oker. Parallel baut der Wasserverband Mittlere [&hellip;]<\/p>\n","protected":false},"author":6,"featured_media":8697,"comment_status":"closed","ping_status":"open","sticky":false,"template":"","format":"standard","meta":{"footnotes":""},"categories":[1517],"tags":[],"class_list":["post-14586","post","type-post","status-publish","format-standard","has-post-thumbnail","hentry","category-sebs"],"_links":{"self":[{"href":"https:\/\/www.pr-neu.de\/newsroom\/wp-json\/wp\/v2\/posts\/14586","targetHints":{"allow":["GET"]}}],"collection":[{"href":"https:\/\/www.pr-neu.de\/newsroom\/wp-json\/wp\/v2\/posts"}],"about":[{"href":"https:\/\/www.pr-neu.de\/newsroom\/wp-json\/wp\/v2\/types\/post"}],"author":[{"embeddable":true,"href":"https:\/\/www.pr-neu.de\/newsroom\/wp-json\/wp\/v2\/users\/6"}],"replies":[{"embeddable":true,"href":"https:\/\/www.pr-neu.de\/newsroom\/wp-json\/wp\/v2\/comments?post=14586"}],"version-history":[{"count":5,"href":"https:\/\/www.pr-neu.de\/newsroom\/wp-json\/wp\/v2\/posts\/14586\/revisions"}],"predecessor-version":[{"id":14610,"href":"https:\/\/www.pr-neu.de\/newsroom\/wp-json\/wp\/v2\/posts\/14586\/revisions\/14610"}],"wp:featuredmedia":[{"embeddable":true,"href":"https:\/\/www.pr-neu.de\/newsroom\/wp-json\/wp\/v2\/media\/8697"}],"wp:attachment":[{"href":"https:\/\/www.pr-neu.de\/newsroom\/wp-json\/wp\/v2\/media?parent=14586"}],"wp:term":[{"taxonomy":"category","embeddable":true,"href":"https:\/\/www.pr-neu.de\/newsroom\/wp-json\/wp\/v2\/categories?post=14586"},{"taxonomy":"post_tag","embeddable":true,"href":"https:\/\/www.pr-neu.de\/newsroom\/wp-json\/wp\/v2\/tags?post=14586"}],"curies":[{"name":"wp","href":"https:\/\/api.w.org\/{rel}","templated":true}]}}