{"id":14575,"date":"2021-11-09T09:04:31","date_gmt":"2021-11-09T08:04:31","guid":{"rendered":"https:\/\/www.pr-neu.de\/newsroom\/?p=14575"},"modified":"2021-11-10T09:11:20","modified_gmt":"2021-11-10T08:11:20","slug":"kosten-der-fassadendaemmung-auf-wohnwert-steigern-de-ermitteln","status":"publish","type":"post","link":"https:\/\/www.pr-neu.de\/newsroom\/kosten-der-fassadendaemmung-auf-wohnwert-steigern-de-ermitteln\/","title":{"rendered":"Kosten der Fassadend\u00e4mmung auf wohnwert-steigern.de ermitteln"},"content":{"rendered":"<p><u>Viele F\u00f6rderprogramme f\u00fcr energetische Sanierung<\/u><\/p>\n<p><b>Der Klimawandel ist so sp\u00fcrbar wie noch nie und unumstritten ist, dass der Energiebedarf auf allen Ebenen zu senken ist, um dem entgegen zu wirken. Daher f\u00f6rdert die Politik (partei\u00fcbergreifend) unter anderem das D\u00e4mmen von Geb\u00e4uden \u2013 schlie\u00dflich geht rund ein Drittel der CO2-Emissionen in Deutschland auf das Konto von Warmwasser und Heizung. Bund, L\u00e4nder und Kommunen stellen \u00fcber die unterschiedlichen F\u00f6rderprogramme so viel F\u00f6rdergeld wie nie zuvor bereit. Das Portal \u201ewohnwert-steigern.de\u201c bietet mit einer Postleitzahl-F\u00f6rderprogramm-Suche eine gute Orientierung, um die Programme der \u00f6ffentlichen Hand f\u00fcr das eigene Bauprojekt zu finden.<\/b><\/p>\n<p>Hauseigent\u00fcmern ist zu raten, sich umfassend zu informieren und beraten zu lassen, die Sanierung mit Profis durchzuf\u00fchren und die F\u00f6rderangebote genau zu analysieren \u2013 dann amortisiert sich die Investition im Regelfall relativ schnell. Positive Nebeneffekte: Der Altbau sieht wieder attraktiver aus und das Wohnklima verbessert sich.<\/p>\n<p>Ein einfaches Projekt ist eine Haussanierung allerdings nicht. Eigent\u00fcmer sollten daher bei Planung, Ausf\u00fchrung und Finanzierung Fachleute hinzuziehen. Energieberater kennen sich auf allen drei Feldern aus und helfen auch bei der Antragstellung f\u00fcr die Zusch\u00fcsse. Oft lassen sich Angebote von Bund, Land und Kommune kombinieren \u2013 wodurch die Wirtschaftlichkeit der Investition noch steigt. Die Krux: jedes Programm hat seine eigenen Rahmenvorgaben und die regionalen F\u00f6rderinitiativen unterscheiden sich oft erheblich. Es geht also darum, f\u00fcr ein bestimmtes Objekt an einem bestimmten Standort die optimale F\u00f6rderstrategie zusammenzustellen.<\/p>\n<p>Gute Hilfe leisten dabei Internet-Portale wie \u201ewohnwert-steigern.de\u201c. Sie zeigen privaten Hauseigent\u00fcmern als neutrale Plattform, welche F\u00f6rderung infrage kommt und weisen so den ersten Weg durch den F\u00f6rderdschungel.<br \/>\nZur energetischen Sanierung geh\u00f6rt fast immer die D\u00e4mmung der Fassade: W\u00e4rmed\u00e4mm-Verbundsysteme (WDVS) senken seit mehr als 60 Jahren effektiv den Energiebedarf\u2013 \u00fcber unged\u00e4mmte Au\u00dfenw\u00e4nde verliert ein Haus sonst besonders viel Heizw\u00e4rme. Bei Geb\u00e4uden, die \u00e4lter als 40 Jahre sind, sind oft mehr als 100 Euro Heizkostenersparnis pro Monat drin \u2013 und die Umwelt wird dauerhaft von CO2-Emissionen entlastet. Zudem verbessert sich durch die D\u00e4mmung auch das Wohnraumklima.<\/p>\n<p>Weitere Infos: <a href=\"http:\/\/www.wohnwert-steigern.de\" target=\"_blank\" rel=\"noopener\">www.wohnwert-steigern.de<\/a><\/p>\n<p>&nbsp;<\/p>\n<hr \/>\n<p>&nbsp;<\/p>\n<p><a href=\"http:\/\/www.pr-neu.de\/newsroom\/wordpress\/wp-content\/uploads\/2021\/11\/21-22_wohnwert-steigern_K.jpg\" target=\"_blank\" rel=\"noopener\"><img loading=\"lazy\" decoding=\"async\" class=\"aligncenter wp-image-14576 size-medium\" src=\"http:\/\/www.pr-neu.de\/newsroom\/wordpress\/wp-content\/uploads\/2021\/11\/21-22_wohnwert-steigern_K-300x162.jpg\" alt=\"\" width=\"300\" height=\"162\" srcset=\"https:\/\/www.pr-neu.de\/newsroom\/wordpress\/wp-content\/uploads\/2021\/11\/21-22_wohnwert-steigern_K-300x162.jpg 300w, https:\/\/www.pr-neu.de\/newsroom\/wordpress\/wp-content\/uploads\/2021\/11\/21-22_wohnwert-steigern_K-1024x553.jpg 1024w, https:\/\/www.pr-neu.de\/newsroom\/wordpress\/wp-content\/uploads\/2021\/11\/21-22_wohnwert-steigern_K-768x415.jpg 768w, https:\/\/www.pr-neu.de\/newsroom\/wordpress\/wp-content\/uploads\/2021\/11\/21-22_wohnwert-steigern_K-1536x829.jpg 1536w, https:\/\/www.pr-neu.de\/newsroom\/wordpress\/wp-content\/uploads\/2021\/11\/21-22_wohnwert-steigern_K-110x59.jpg 110w, https:\/\/www.pr-neu.de\/newsroom\/wordpress\/wp-content\/uploads\/2021\/11\/21-22_wohnwert-steigern_K-420x227.jpg 420w, https:\/\/www.pr-neu.de\/newsroom\/wordpress\/wp-content\/uploads\/2021\/11\/21-22_wohnwert-steigern_K-770x416.jpg 770w, https:\/\/www.pr-neu.de\/newsroom\/wordpress\/wp-content\/uploads\/2021\/11\/21-22_wohnwert-steigern_K.jpg 2000w\" sizes=\"auto, (max-width: 300px) 100vw, 300px\" \/><\/a><\/p>\n<p style=\"text-align: center;\">Wohnwert gesteigert, Fassade versch\u00f6nert, Heizkosten gesenkt und Umwelt entlastet:<br \/>\nEnergetische Geb\u00e4udesanierung rechnet sich nicht nur wirtschaftlich f\u00fcr Hauseigent\u00fcmer.<br \/>\n\u00dcber die vielen F\u00f6rderprogramme informiert das Portal \u201ewohnwert-steigern.de\u201c.<br \/>\nBild: Sto SE &amp; Co. KGaA<\/p>\n<p>&nbsp;<\/p>\n<hr \/>\n<p>Abdruck honorarfrei, Belegexemplar erbeten.<\/p>\n","protected":false},"excerpt":{"rendered":"<p>Viele F\u00f6rderprogramme f\u00fcr energetische Sanierung Der Klimawandel ist so sp\u00fcrbar wie noch nie und unumstritten ist, dass der Energiebedarf auf allen Ebenen zu senken ist, um dem entgegen zu wirken. Daher f\u00f6rdert die Politik (partei\u00fcbergreifend) unter anderem das D\u00e4mmen von Geb\u00e4uden \u2013 schlie\u00dflich geht rund ein Drittel der CO2-Emissionen in Deutschland auf das Konto von [&hellip;]<\/p>\n","protected":false},"author":6,"featured_media":14577,"comment_status":"closed","ping_status":"open","sticky":false,"template":"","format":"standard","meta":{"footnotes":""},"categories":[15],"tags":[1738,1736,1575,439,1732,1734],"class_list":["post-14575","post","type-post","status-publish","format-standard","has-post-thumbnail","hentry","category-sto","tag-eigentum","tag-foerderung","tag-haus","tag-sanierung","tag-wohnen","tag-wohnwert"],"_links":{"self":[{"href":"https:\/\/www.pr-neu.de\/newsroom\/wp-json\/wp\/v2\/posts\/14575","targetHints":{"allow":["GET"]}}],"collection":[{"href":"https:\/\/www.pr-neu.de\/newsroom\/wp-json\/wp\/v2\/posts"}],"about":[{"href":"https:\/\/www.pr-neu.de\/newsroom\/wp-json\/wp\/v2\/types\/post"}],"author":[{"embeddable":true,"href":"https:\/\/www.pr-neu.de\/newsroom\/wp-json\/wp\/v2\/users\/6"}],"replies":[{"embeddable":true,"href":"https:\/\/www.pr-neu.de\/newsroom\/wp-json\/wp\/v2\/comments?post=14575"}],"version-history":[{"count":1,"href":"https:\/\/www.pr-neu.de\/newsroom\/wp-json\/wp\/v2\/posts\/14575\/revisions"}],"predecessor-version":[{"id":14578,"href":"https:\/\/www.pr-neu.de\/newsroom\/wp-json\/wp\/v2\/posts\/14575\/revisions\/14578"}],"wp:featuredmedia":[{"embeddable":true,"href":"https:\/\/www.pr-neu.de\/newsroom\/wp-json\/wp\/v2\/media\/14577"}],"wp:attachment":[{"href":"https:\/\/www.pr-neu.de\/newsroom\/wp-json\/wp\/v2\/media?parent=14575"}],"wp:term":[{"taxonomy":"category","embeddable":true,"href":"https:\/\/www.pr-neu.de\/newsroom\/wp-json\/wp\/v2\/categories?post=14575"},{"taxonomy":"post_tag","embeddable":true,"href":"https:\/\/www.pr-neu.de\/newsroom\/wp-json\/wp\/v2\/tags?post=14575"}],"curies":[{"name":"wp","href":"https:\/\/api.w.org\/{rel}","templated":true}]}}