{"id":14556,"date":"2021-10-28T09:18:22","date_gmt":"2021-10-28T07:18:22","guid":{"rendered":"https:\/\/www.pr-neu.de\/newsroom\/?p=14556"},"modified":"2021-12-01T09:24:25","modified_gmt":"2021-12-01T08:24:25","slug":"makelloser-wirksamer-schneller","status":"publish","type":"post","link":"https:\/\/www.pr-neu.de\/newsroom\/makelloser-wirksamer-schneller\/","title":{"rendered":"Makelloser, wirksamer, schneller"},"content":{"rendered":"<p><u>Neues Akustikdeckensystem: StoSilent Distance C<\/u><\/p>\n<p><strong>Mit einem neuartigen, patentierten Befestigungssystem \u00fcberwindet StoSilent Distance C gleich mehrere Schw\u00e4chen bisheriger fugenloser Akustikdeckensysteme. Es steigert die Ergebnissicherheit (keine Sto\u00df- oder Schraubpunkt-Abzeichnungen), verl\u00e4ngert die Sanierungsintervalle (keine selektive Staubablagerung) und verbessert die akustische Wirkung.<\/strong><\/p>\n<p>In unserer schnellen und lauten Welt kommen immer mehr akustisch wirksame Decken- und Wandbekleidungen zum Einsatz. Die h\u00e4ufigste Variante: fugenlose Akustikdecken, bei denen entweder perforierte Holz-, Gips- oder Metallplatten beziehungsweise monolithische Baustoffe Schall absorbieren. W\u00e4hrend die Lochplatten mit dem Problem ringen, dass sp\u00e4testens bei 27 Prozent Lochanteil die Grenzen der Stabilit\u00e4t erreicht sind, muss man bei den drei Hauptvertretern der monolithischen Variante genauer hinsehen. Geht es um Faserplatten, stehen vor allem die Verarbeitungseigenschaften im Vordergrund; eine wirklich planebene Fl\u00e4che ist mit ihnen kaum herstellbar. Dazu kommt: Platten aus k\u00fcnstlichen Mineralfasern m\u00fcssen schwer sein, damit sie ausreichend stabil sind, was aber im Widerspruch zu einer hohen Schallabsorptionsf\u00e4higkeit steht. Hier scheinen die stabileren Mineral(faser)platten, die im sogenannten wet-felt-Verfahren hergestellt wurden, im Vorteil, was aber dadurch zunichte gemacht wird, dass diese auch nach der Montage und Beschichtung wegen ihrer Feuchteempfindlichkeit quellen und eine komplett planebene Oberfl\u00e4che ebenfalls kaum m\u00f6glich machen. Lediglich die dritte Variante der monolithischen Absorber, die Bl\u00e4hglasgranulatplatte, besticht durch eine homogene Struktur, hohe Steifigkeit und eine minimale Feuchte- und W\u00e4rmeausdehnung.<\/p>\n<p>Abgeh\u00e4ngte fugenlose Akustikdecken mit monolithischen Absorbern wurden bislang auf sehr vergleichbare Weise montiert, weswegen sie auch einige Schw\u00e4chen gemeinsam haben. Die Platten werden auf einer Unterkonstruktion mechanisch befestigt. Um eine m\u00f6glichst planebene Fl\u00e4che zu erzielen, werden dabei Plattenst\u00f6\u00dfe, Schraubpunkte und sonstige Unregelm\u00e4\u00dfigkeiten verspachtelt. Doch die feinen Spachtelmassen bilden eine luftdichte Schicht und senken die Schallabsorption in diesen Bereichen auf Null. Es steht also nur noch ein Teil der Deckenfl\u00e4che f\u00fcr die akustische Wirkung zur Verf\u00fcgung. Die nach der Fl\u00e4che berechneten Akustik-Werte sind Makulatur. Nach dem Spachteln muss geschliffen werden \u2013 und zwar absolut akkurat. Ist die Schlussbeschichtung erfolgt, droht weiteres Ungemach. Durch verborgene Perforierungen, aber auch durch Fl\u00e4chen mit unterschiedlichem Str\u00f6mungswiderstand (verspachtelt vs. nicht verspachtelt) findet aufgrund der Druckdifferenz zwischen Raum und Deckenhohlraum ein Luftaustausch statt. Und dieser kann durch partielle Staubablagerungen deutlich sichtbar werden. Da das Problem bekannt ist, werden viele Akustikdecken r\u00fcckseitig luftdicht kaschiert. Das l\u00f6st das Problem mit den Staubabzeichnungen, mindert aber die akustische Wirksamkeit der Decke erheblich. Und wieder existieren die berechneten Akustik-Werte nur noch auf dem Papier. Fazit: Fugenlose Akustikdecken stecken in einem Dilemma fest: Sind sie langlebig und bleiben sie unverschmutzt, besitzen sie eine eingeschr\u00e4nkte akustische Wirkung und umgekehrt.<\/p>\n<p>Manchmal beseitigt eine einzige gute Idee gleich mehrere Schwierigkeiten: Kleben statt schrauben. StoSilent Distance C kann schneller und damit g\u00fcnstiger montiert werden. Ohne zu schrauben lassen sich die Platten pr\u00e4ziser dreidimensional ausrichten. Die nivellierende Spachtelung der Plattenst\u00f6\u00dfe sowie der Schraubpunkte entf\u00e4llt, was auch die Gesamttrocknungszeit verk\u00fcrzt. Schleifen ist nicht mehr n\u00f6tig. Ohne gespachtelte Fl\u00e4chenanteile gibt es keine unterschiedlichen Str\u00f6mungswiderst\u00e4nde und somit keine sichtbaren Staubablagerungen mehr.<\/p>\n<p>Um in den Genuss all dieser Vorteile zu kommen, m\u00fcssen Fachhandwerker lediglich f\u00fcr akkurate Zuschnitte sorgen, bevor sie die Platten an der niveaugleichen Metall-Unterkonstruktion fixieren. Das System kann fugenlos bis 200 Quadratmeter verlegt werden und ist nichtbrennbar nach DIN 4102 (A2-s1, d0 nach EN 13501-1).<\/p>\n<p>Doch StoSilent Distance C \u00fcberzeugt auch akustisch: Es sorgt f\u00fcr eine breitbandige Schallabsorption und bietet gute Werte auch im tieffrequenten Bereich. Zwei Varianten der beidseitig vlieskaschierten Bl\u00e4hglasgranulatplatte \u2013 einmal gesintert und einmal organisch gebunden, beide mit hohem Recyclinganteil \u2013 sowie eine Auswahl von Beschichtungsaufbauten erm\u00f6glichen Kombinationen, mit denen eine gro\u00dfe Bandbreite an raumakustischen Anforderungen f\u00fcr R\u00e4ume verschiedener Nutzung erf\u00fcllt werden k\u00f6nnen. Es werden Absorptionswerte mit sehr flachem und harmonischem Frequenzgang erreicht. Der gro\u00dfe Wertebereich von \u03b1w = 0,55 (L) bis zu \u03b1w = 0,95 l\u00e4sst sich gezielt durch die Kombination aus Plattentyp und Beschichtungsvariante bautauglich und reproduzierbar einstellen.<\/p>\n<p>F\u00fcr die Platten aus Bl\u00e4hglasgranulat spricht zudem, dass sie eine bautaugliche und einfache, dabei sehr pr\u00e4zise Verarbeitung erm\u00f6glichen. Das patentierte Klebeverfahren erlaubt eine extrem genaue Ausrichtung und Nivellierung der Platten, was eine sehr glatte und ebene Deckenfl\u00e4che erm\u00f6glicht. Sonst \u00fcbliche Nachteile, wie selektive Absorption, Schlagschatten im Streiflicht und unvollkommene Oberfl\u00e4che werden vermieden.<\/p>\n<p>&nbsp;<\/p>\n<hr \/>\n<p><a href=\"http:\/\/www.pr-neu.de\/newsroom\/wordpress\/wp-content\/uploads\/2021\/12\/21-34_arch_Schallabsorption_1_K.jpg\" target=\"_blank\" rel=\"noopener\"><img loading=\"lazy\" decoding=\"async\" class=\"aligncenter wp-image-14646 size-medium\" src=\"http:\/\/www.pr-neu.de\/newsroom\/wordpress\/wp-content\/uploads\/2021\/12\/21-34_arch_Schallabsorption_1_K-300x237.jpg\" alt=\"\" width=\"300\" height=\"237\" srcset=\"https:\/\/www.pr-neu.de\/newsroom\/wordpress\/wp-content\/uploads\/2021\/12\/21-34_arch_Schallabsorption_1_K-300x237.jpg 300w, https:\/\/www.pr-neu.de\/newsroom\/wordpress\/wp-content\/uploads\/2021\/12\/21-34_arch_Schallabsorption_1_K-1024x807.jpg 1024w, https:\/\/www.pr-neu.de\/newsroom\/wordpress\/wp-content\/uploads\/2021\/12\/21-34_arch_Schallabsorption_1_K-768x605.jpg 768w, https:\/\/www.pr-neu.de\/newsroom\/wordpress\/wp-content\/uploads\/2021\/12\/21-34_arch_Schallabsorption_1_K-1536x1211.jpg 1536w, https:\/\/www.pr-neu.de\/newsroom\/wordpress\/wp-content\/uploads\/2021\/12\/21-34_arch_Schallabsorption_1_K-2048x1615.jpg 2048w, https:\/\/www.pr-neu.de\/newsroom\/wordpress\/wp-content\/uploads\/2021\/12\/21-34_arch_Schallabsorption_1_K-110x87.jpg 110w, https:\/\/www.pr-neu.de\/newsroom\/wordpress\/wp-content\/uploads\/2021\/12\/21-34_arch_Schallabsorption_1_K-420x331.jpg 420w, https:\/\/www.pr-neu.de\/newsroom\/wordpress\/wp-content\/uploads\/2021\/12\/21-34_arch_Schallabsorption_1_K-545x430.jpg 545w\" sizes=\"auto, (max-width: 300px) 100vw, 300px\" \/><\/a><\/p>\n<p style=\"text-align: center;\">Schallabsorption nach EN ISO 354 Aufbau E-200,<br \/>\n25 mm gesinterte Platte; niedrigste Werte mit<br \/>\ngespachteltem Putz, h\u00f6chste Werte mit Spritzputz.<br \/>\nMessung: Sto SE &amp; Co. KGaA<\/p>\n<p>&nbsp;<\/p>\n<p><a href=\"http:\/\/www.pr-neu.de\/newsroom\/wordpress\/wp-content\/uploads\/2021\/12\/21-34_arch_Schallabsorption_2_K.jpg\" target=\"_blank\" rel=\"noopener\"><img loading=\"lazy\" decoding=\"async\" class=\"aligncenter wp-image-14645 size-medium\" src=\"http:\/\/www.pr-neu.de\/newsroom\/wordpress\/wp-content\/uploads\/2021\/12\/21-34_arch_Schallabsorption_2_K-300x236.jpg\" alt=\"\" width=\"300\" height=\"236\" srcset=\"https:\/\/www.pr-neu.de\/newsroom\/wordpress\/wp-content\/uploads\/2021\/12\/21-34_arch_Schallabsorption_2_K-300x236.jpg 300w, https:\/\/www.pr-neu.de\/newsroom\/wordpress\/wp-content\/uploads\/2021\/12\/21-34_arch_Schallabsorption_2_K-1024x807.jpg 1024w, https:\/\/www.pr-neu.de\/newsroom\/wordpress\/wp-content\/uploads\/2021\/12\/21-34_arch_Schallabsorption_2_K-768x605.jpg 768w, https:\/\/www.pr-neu.de\/newsroom\/wordpress\/wp-content\/uploads\/2021\/12\/21-34_arch_Schallabsorption_2_K-1536x1210.jpg 1536w, https:\/\/www.pr-neu.de\/newsroom\/wordpress\/wp-content\/uploads\/2021\/12\/21-34_arch_Schallabsorption_2_K-2048x1614.jpg 2048w, https:\/\/www.pr-neu.de\/newsroom\/wordpress\/wp-content\/uploads\/2021\/12\/21-34_arch_Schallabsorption_2_K-110x87.jpg 110w, https:\/\/www.pr-neu.de\/newsroom\/wordpress\/wp-content\/uploads\/2021\/12\/21-34_arch_Schallabsorption_2_K-420x331.jpg 420w, https:\/\/www.pr-neu.de\/newsroom\/wordpress\/wp-content\/uploads\/2021\/12\/21-34_arch_Schallabsorption_2_K-546x430.jpg 546w\" sizes=\"auto, (max-width: 300px) 100vw, 300px\" \/><\/a><\/p>\n<p style=\"text-align: center;\">Schallabsorption nach EN ISO 354 Aufbau E-200,<br \/>\n19 mm organisch gebundene Platte; niedrigste Werte<br \/>\nmit gespachteltem Putz, h\u00f6chste Werte mit Spritzputz.<br \/>\nMessung: Sto SE &amp; Co. KGaA<\/p>\n<p>&nbsp;<\/p>\n<p><a href=\"http:\/\/www.pr-neu.de\/newsroom\/wordpress\/wp-content\/uploads\/2021\/10\/21-34_arch_Unilever_K.jpg\" target=\"_blank\" rel=\"noopener\"><img loading=\"lazy\" decoding=\"async\" class=\"aligncenter wp-image-14560 size-medium\" src=\"http:\/\/www.pr-neu.de\/newsroom\/wordpress\/wp-content\/uploads\/2021\/10\/21-34_arch_Unilever_K-300x200.jpg\" alt=\"\" width=\"300\" height=\"200\" srcset=\"https:\/\/www.pr-neu.de\/newsroom\/wordpress\/wp-content\/uploads\/2021\/10\/21-34_arch_Unilever_K-300x200.jpg 300w, https:\/\/www.pr-neu.de\/newsroom\/wordpress\/wp-content\/uploads\/2021\/10\/21-34_arch_Unilever_K-1024x683.jpg 1024w, https:\/\/www.pr-neu.de\/newsroom\/wordpress\/wp-content\/uploads\/2021\/10\/21-34_arch_Unilever_K-768x512.jpg 768w, https:\/\/www.pr-neu.de\/newsroom\/wordpress\/wp-content\/uploads\/2021\/10\/21-34_arch_Unilever_K-1536x1025.jpg 1536w, https:\/\/www.pr-neu.de\/newsroom\/wordpress\/wp-content\/uploads\/2021\/10\/21-34_arch_Unilever_K-2048x1366.jpg 2048w, https:\/\/www.pr-neu.de\/newsroom\/wordpress\/wp-content\/uploads\/2021\/10\/21-34_arch_Unilever_K-110x73.jpg 110w, https:\/\/www.pr-neu.de\/newsroom\/wordpress\/wp-content\/uploads\/2021\/10\/21-34_arch_Unilever_K-420x280.jpg 420w, https:\/\/www.pr-neu.de\/newsroom\/wordpress\/wp-content\/uploads\/2021\/10\/21-34_arch_Unilever_K-645x430.jpg 645w\" sizes=\"auto, (max-width: 300px) 100vw, 300px\" \/><\/a><\/p>\n<p style=\"text-align: center;\">Fugenlose Sto-Akustikdeckensysteme \u2013 wie hier bei<br \/>\nUnilever in Indonesien (Aedas, Singapur) \u2013 k\u00f6nnen dank<br \/>\neines neuen patentierten Montageverfahrens k\u00fcnftig noch<br \/>\nergebnissicherer ausgef\u00fchrt werden.<br \/>\nFoto: Owen Ragget, Architeuthis Asia, Singapore<\/p>\n<p>&nbsp;<\/p>\n<p><a href=\"http:\/\/www.pr-neu.de\/newsroom\/wordpress\/wp-content\/uploads\/2021\/10\/21-34_arch_Systemaufbau_K.jpg\" target=\"_blank\" rel=\"noopener\"><img loading=\"lazy\" decoding=\"async\" class=\"aligncenter wp-image-14559 size-medium\" src=\"http:\/\/www.pr-neu.de\/newsroom\/wordpress\/wp-content\/uploads\/2021\/10\/21-34_arch_Systemaufbau_K-222x300.jpg\" alt=\"\" width=\"222\" height=\"300\" srcset=\"https:\/\/www.pr-neu.de\/newsroom\/wordpress\/wp-content\/uploads\/2021\/10\/21-34_arch_Systemaufbau_K-222x300.jpg 222w, https:\/\/www.pr-neu.de\/newsroom\/wordpress\/wp-content\/uploads\/2021\/10\/21-34_arch_Systemaufbau_K-758x1024.jpg 758w, https:\/\/www.pr-neu.de\/newsroom\/wordpress\/wp-content\/uploads\/2021\/10\/21-34_arch_Systemaufbau_K-768x1038.jpg 768w, https:\/\/www.pr-neu.de\/newsroom\/wordpress\/wp-content\/uploads\/2021\/10\/21-34_arch_Systemaufbau_K-1137x1536.jpg 1137w, https:\/\/www.pr-neu.de\/newsroom\/wordpress\/wp-content\/uploads\/2021\/10\/21-34_arch_Systemaufbau_K-1516x2048.jpg 1516w, https:\/\/www.pr-neu.de\/newsroom\/wordpress\/wp-content\/uploads\/2021\/10\/21-34_arch_Systemaufbau_K-81x110.jpg 81w, https:\/\/www.pr-neu.de\/newsroom\/wordpress\/wp-content\/uploads\/2021\/10\/21-34_arch_Systemaufbau_K-311x420.jpg 311w, https:\/\/www.pr-neu.de\/newsroom\/wordpress\/wp-content\/uploads\/2021\/10\/21-34_arch_Systemaufbau_K-318x430.jpg 318w, https:\/\/www.pr-neu.de\/newsroom\/wordpress\/wp-content\/uploads\/2021\/10\/21-34_arch_Systemaufbau_K.jpg 1776w\" sizes=\"auto, (max-width: 222px) 100vw, 222px\" \/><\/a><\/p>\n<p style=\"text-align: center;\">Systemaufbau<br \/>\nGrafik: Sto SE &amp; Co. KGaA<\/p>\n<hr \/>\n<p>Abdruck honorarfrei, Belegexemplar erbeten.<\/p>\n","protected":false},"excerpt":{"rendered":"<p>Neues Akustikdeckensystem: StoSilent Distance C Mit einem neuartigen, patentierten Befestigungssystem \u00fcberwindet StoSilent Distance C gleich mehrere Schw\u00e4chen bisheriger fugenloser Akustikdeckensysteme. Es steigert die Ergebnissicherheit (keine Sto\u00df- oder Schraubpunkt-Abzeichnungen), verl\u00e4ngert die Sanierungsintervalle (keine selektive Staubablagerung) und verbessert die akustische Wirkung. In unserer schnellen und lauten Welt kommen immer mehr akustisch wirksame Decken- und Wandbekleidungen zum Einsatz. [&hellip;]<\/p>\n","protected":false},"author":6,"featured_media":14560,"comment_status":"closed","ping_status":"open","sticky":false,"template":"","format":"standard","meta":{"footnotes":""},"categories":[15],"tags":[],"class_list":["post-14556","post","type-post","status-publish","format-standard","has-post-thumbnail","hentry","category-sto"],"_links":{"self":[{"href":"https:\/\/www.pr-neu.de\/newsroom\/wp-json\/wp\/v2\/posts\/14556","targetHints":{"allow":["GET"]}}],"collection":[{"href":"https:\/\/www.pr-neu.de\/newsroom\/wp-json\/wp\/v2\/posts"}],"about":[{"href":"https:\/\/www.pr-neu.de\/newsroom\/wp-json\/wp\/v2\/types\/post"}],"author":[{"embeddable":true,"href":"https:\/\/www.pr-neu.de\/newsroom\/wp-json\/wp\/v2\/users\/6"}],"replies":[{"embeddable":true,"href":"https:\/\/www.pr-neu.de\/newsroom\/wp-json\/wp\/v2\/comments?post=14556"}],"version-history":[{"count":5,"href":"https:\/\/www.pr-neu.de\/newsroom\/wp-json\/wp\/v2\/posts\/14556\/revisions"}],"predecessor-version":[{"id":14649,"href":"https:\/\/www.pr-neu.de\/newsroom\/wp-json\/wp\/v2\/posts\/14556\/revisions\/14649"}],"wp:featuredmedia":[{"embeddable":true,"href":"https:\/\/www.pr-neu.de\/newsroom\/wp-json\/wp\/v2\/media\/14560"}],"wp:attachment":[{"href":"https:\/\/www.pr-neu.de\/newsroom\/wp-json\/wp\/v2\/media?parent=14556"}],"wp:term":[{"taxonomy":"category","embeddable":true,"href":"https:\/\/www.pr-neu.de\/newsroom\/wp-json\/wp\/v2\/categories?post=14556"},{"taxonomy":"post_tag","embeddable":true,"href":"https:\/\/www.pr-neu.de\/newsroom\/wp-json\/wp\/v2\/tags?post=14556"}],"curies":[{"name":"wp","href":"https:\/\/api.w.org\/{rel}","templated":true}]}}