{"id":14547,"date":"2021-10-27T09:10:30","date_gmt":"2021-10-27T07:10:30","guid":{"rendered":"https:\/\/www.pr-neu.de\/newsroom\/?p=14547"},"modified":"2022-02-08T11:59:55","modified_gmt":"2022-02-08T10:59:55","slug":"leichter-schneller-makelloser","status":"publish","type":"post","link":"https:\/\/www.pr-neu.de\/newsroom\/leichter-schneller-makelloser\/","title":{"rendered":"Leichter, schneller, makelloser"},"content":{"rendered":"<p><u>Neues Akustikdeckensystem: StoSilent Distance C<\/u><\/p>\n<p><strong>Mit einem neuartigen, patentierten Befestigungssystem \u00fcberwindet StoSilent Distance C gleich mehrere Schw\u00e4chen bisheriger fugenloser Akustikdeckensysteme. Es ist einfacher zu montieren (kleben statt schrauben), spart Zeit (weder spachteln noch schleifen) und steigert die Ergebnissicherheit.<\/strong><\/p>\n<p>In unserer schnellen und lauten Welt kommen immer mehr akustisch wirksame Decken- und Wandbekleidungen zum Einsatz. Die h\u00e4ufigste Variante: fugenlose Akustikdecken, bei denen entweder perforierte Holz-, Gips- oder Metallplatten beziehungsweise monolithische Baustoffe Schall absorbieren. W\u00e4hrend die Lochplatten mit dem Problem ringen, dass sp\u00e4testens bei 27 Prozent Lochanteil die Grenzen der Stabilit\u00e4t erreicht sind, muss man bei den drei Hauptvertretern der monolithischen Variante genauer hinsehen. Geht es um Faserplatten, stehen vor allem die Verarbeitungseigenschaften im Vordergrund; eine wirklich planebene Fl\u00e4che ist mit ihnen kaum herstellbar. Dazu kommt: Platten aus k\u00fcnstlichen Mineralfasern m\u00fcssen schwer sein, damit sie ausreichend stabil sind, was aber im Widerspruch zu einer hohen Schallabsorptionsf\u00e4higkeit steht. Hier scheinen die stabileren Mineral(faser)platten, die im sogenannten wet-felt-Verfahren hergestellt wurden, im Vorteil, was aber dadurch zunichte gemacht wird, dass diese auch nach der Montage und Beschichtung wegen ihrer Feuchteempfindlichkeit quellen und eine komplett planebene Oberfl\u00e4che ebenfalls kaum m\u00f6glich machen. Lediglich die dritte Variante der monolithischen Absorber, die Bl\u00e4hglasgranulatplatte, besticht durch eine homogene Struktur, hohe Steifigkeit und eine minimale Feuchte- und W\u00e4rmeausdehnung.<\/p>\n<p>Abgeh\u00e4ngte fugenlose Akustikdecken mit monolithischen Absorbern wurden bislang auf sehr vergleichbare Weise montiert, weswegen sie auch einige Schw\u00e4chen gemeinsam haben. Die Platten werden auf einer Unterkonstruktion mechanisch befestigt. Um eine m\u00f6glichst planebene Fl\u00e4che zu erzielen, werden dabei Plattenst\u00f6\u00dfe, Schraubpunkte und sonstige Unregelm\u00e4\u00dfigkeiten verspachtelt. Doch die feinen Spachtelmassen bilden eine luftdichte Schicht und senken die Schallabsorption in diesen Bereichen auf Null. Es steht also nur noch ein Teil der Deckenfl\u00e4che f\u00fcr die akustische Wirkung zur Verf\u00fcgung. Die nach der Fl\u00e4che berechneten Akustik-Werte werden nicht erreicht. Nach dem Spachteln muss geschliffen werden \u2013 und zwar absolut akkurat. Ist die Schlussbeschichtung erfolgt, droht weiteres Ungemach. Durch verborgene Perforierungen, aber auch durch Fl\u00e4chen mit unterschiedlichem Str\u00f6mungswiderstand (verspachtelt vs. nicht verspachtelt) findet aufgrund der Druckdifferenz zwischen Raum und Deckenhohlraum ein Luftaustausch statt. Und dieser kann durch partielle Staubablagerungen deutlich sichtbar werden. Da das Problem bekannt ist, werden viele Akustikdecken r\u00fcckseitig luftdicht kaschiert. Das l\u00f6st das Problem mit den Staubabzeichnungen, mindert aber die akustische Wirksamkeit der Decke erheblich. Und wieder existieren die berechneten Akustik-Werte nur noch auf dem Papier. Fazit: Fugenlose Akustikdecken stecken in einem Dilemma fest: Sind sie langlebig und bleiben sie unverschmutzt, besitzen sie eine eingeschr\u00e4nkte akustische Wirkung und umgekehrt.<\/p>\n<p>Manchmal beseitigt eine einzige gute Idee gleich mehrere Schwierigkeiten: Kleben statt schrauben. StoSilent Distance C kann schneller und damit g\u00fcnstiger und theoretisch sogar von nur einer Person montiert werden. Ohne zu schrauben lassen sich die Platten pr\u00e4ziser dreidimensional ausrichten. Die nivellierende Spachtelung der Plattenst\u00f6\u00dfe sowie der Schraubpunkte entf\u00e4llt, was auch die Gesamttrocknungszeit verk\u00fcrzt. Schleifen ist nicht mehr n\u00f6tig. Ohne gespachtelte Fl\u00e4chenanteile gibt es keine unterschiedlichen Str\u00f6mungswiderst\u00e4nde und somit keine sichtbaren Staubablagerungen mehr.<\/p>\n<p>Um in den Genuss all dieser Vorteile zu kommen, m\u00fcssen Fachhandwerker lediglich f\u00fcr akkurate Zuschnitte sorgen, bevor sie die Platten an die niveaugleiche Metall-Unterkonstruktion mit dem Rasterma\u00df 600 x 800 oder 600 x 625 Millimeter kleben. Sowohl das weite Rasterma\u00df als auch das Einsparen von Fugenb\u00e4ndern, Klebern und Spachtelmassen sind deutliche wirtschaftliche Vorteile gegen\u00fcber \u00e4lteren Varianten. Das System kann fugenlos bis 200 Quadratmeter verlegt werden und ist nichtbrennbar nach DIN 4102 (A2-s1, d0 nach EN 13501-1).<\/p>\n<p>Doch StoSilent Distance C \u00fcberzeugt auch akustisch: Es sorgt f\u00fcr eine breitbandige Schallabsorption und bietet gute Werte auch im tieffrequenten Bereich. Zwei Varianten der beidseitig vlieskaschierten Bl\u00e4hglasgranulatplatte \u2013 einmal gesintert und einmal organisch gebunden, beide mit hohem Recyclinganteil \u2013 sowie eine Auswahl von unterschiedlichen Beschichtungsaufbauten erm\u00f6glichen Kombinationen, mit denen eine gro\u00dfe Bandbreite an raumakustischen Anforderungen f\u00fcr R\u00e4ume verschiedener Nutzung erf\u00fcllt werden k\u00f6nnen. Hinzu kommt, dass die sichtbare Oberfl\u00e4chenqualit\u00e4t durch das patentierte Klebeverfahren deutlich erh\u00f6ht wird. Die Verarbeitung wird einfacher, pr\u00e4ziser und schneller.<\/p>\n<p>&nbsp;<\/p>\n<hr \/>\n<p style=\"text-align: center;\"><a href=\"http:\/\/www.pr-neu.de\/newsroom\/wordpress\/wp-content\/uploads\/2021\/10\/21-34_hw_1_Abmessen_K.jpg\" target=\"_blank\" rel=\"noopener\"><img loading=\"lazy\" decoding=\"async\" class=\"aligncenter wp-image-14548 size-medium\" src=\"http:\/\/www.pr-neu.de\/newsroom\/wordpress\/wp-content\/uploads\/2021\/10\/21-34_hw_1_Abmessen_K-300x169.jpg\" alt=\"\" width=\"300\" height=\"169\" srcset=\"https:\/\/www.pr-neu.de\/newsroom\/wordpress\/wp-content\/uploads\/2021\/10\/21-34_hw_1_Abmessen_K-300x169.jpg 300w, https:\/\/www.pr-neu.de\/newsroom\/wordpress\/wp-content\/uploads\/2021\/10\/21-34_hw_1_Abmessen_K-1024x576.jpg 1024w, https:\/\/www.pr-neu.de\/newsroom\/wordpress\/wp-content\/uploads\/2021\/10\/21-34_hw_1_Abmessen_K-768x432.jpg 768w, https:\/\/www.pr-neu.de\/newsroom\/wordpress\/wp-content\/uploads\/2021\/10\/21-34_hw_1_Abmessen_K-1536x864.jpg 1536w, https:\/\/www.pr-neu.de\/newsroom\/wordpress\/wp-content\/uploads\/2021\/10\/21-34_hw_1_Abmessen_K-2048x1152.jpg 2048w, https:\/\/www.pr-neu.de\/newsroom\/wordpress\/wp-content\/uploads\/2021\/10\/21-34_hw_1_Abmessen_K-110x62.jpg 110w, https:\/\/www.pr-neu.de\/newsroom\/wordpress\/wp-content\/uploads\/2021\/10\/21-34_hw_1_Abmessen_K-420x236.jpg 420w, https:\/\/www.pr-neu.de\/newsroom\/wordpress\/wp-content\/uploads\/2021\/10\/21-34_hw_1_Abmessen_K-770x430.jpg 770w, https:\/\/www.pr-neu.de\/newsroom\/wordpress\/wp-content\/uploads\/2021\/10\/21-34_hw_1_Abmessen_K-764x430.jpg 764w\" sizes=\"auto, (max-width: 300px) 100vw, 300px\" \/><\/a><\/p>\n<p style=\"text-align: center;\">Da bei StoSilent Distance C nicht gespachtelt wird, \u2026<\/p>\n<p style=\"text-align: center;\"><a href=\"http:\/\/www.pr-neu.de\/newsroom\/wordpress\/wp-content\/uploads\/2021\/10\/21-34_hw_2_Zuschneiden_K.jpg\" target=\"_blank\" rel=\"noopener\"><img loading=\"lazy\" decoding=\"async\" class=\"aligncenter wp-image-14549 size-medium\" src=\"http:\/\/www.pr-neu.de\/newsroom\/wordpress\/wp-content\/uploads\/2021\/10\/21-34_hw_2_Zuschneiden_K-300x169.jpg\" alt=\"\" width=\"300\" height=\"169\" srcset=\"https:\/\/www.pr-neu.de\/newsroom\/wordpress\/wp-content\/uploads\/2021\/10\/21-34_hw_2_Zuschneiden_K-300x169.jpg 300w, https:\/\/www.pr-neu.de\/newsroom\/wordpress\/wp-content\/uploads\/2021\/10\/21-34_hw_2_Zuschneiden_K-1024x576.jpg 1024w, https:\/\/www.pr-neu.de\/newsroom\/wordpress\/wp-content\/uploads\/2021\/10\/21-34_hw_2_Zuschneiden_K-768x432.jpg 768w, https:\/\/www.pr-neu.de\/newsroom\/wordpress\/wp-content\/uploads\/2021\/10\/21-34_hw_2_Zuschneiden_K-1536x864.jpg 1536w, https:\/\/www.pr-neu.de\/newsroom\/wordpress\/wp-content\/uploads\/2021\/10\/21-34_hw_2_Zuschneiden_K-2048x1152.jpg 2048w, https:\/\/www.pr-neu.de\/newsroom\/wordpress\/wp-content\/uploads\/2021\/10\/21-34_hw_2_Zuschneiden_K-110x62.jpg 110w, https:\/\/www.pr-neu.de\/newsroom\/wordpress\/wp-content\/uploads\/2021\/10\/21-34_hw_2_Zuschneiden_K-420x236.jpg 420w, https:\/\/www.pr-neu.de\/newsroom\/wordpress\/wp-content\/uploads\/2021\/10\/21-34_hw_2_Zuschneiden_K-770x430.jpg 770w, https:\/\/www.pr-neu.de\/newsroom\/wordpress\/wp-content\/uploads\/2021\/10\/21-34_hw_2_Zuschneiden_K-764x430.jpg 764w\" sizes=\"auto, (max-width: 300px) 100vw, 300px\" \/><\/a><\/p>\n<p style=\"text-align: center;\">\u2026 m\u00fcssen die Zuschnitte exakt erfolgen.<\/p>\n<p style=\"text-align: center;\"><a href=\"http:\/\/www.pr-neu.de\/newsroom\/wordpress\/wp-content\/uploads\/2021\/10\/21-34_hw_3_Saegen_K.jpg\" target=\"_blank\" rel=\"noopener\"><img loading=\"lazy\" decoding=\"async\" class=\"aligncenter wp-image-14550 size-medium\" src=\"http:\/\/www.pr-neu.de\/newsroom\/wordpress\/wp-content\/uploads\/2021\/10\/21-34_hw_3_Saegen_K-300x169.jpg\" alt=\"\" width=\"300\" height=\"169\" srcset=\"https:\/\/www.pr-neu.de\/newsroom\/wordpress\/wp-content\/uploads\/2021\/10\/21-34_hw_3_Saegen_K-300x169.jpg 300w, https:\/\/www.pr-neu.de\/newsroom\/wordpress\/wp-content\/uploads\/2021\/10\/21-34_hw_3_Saegen_K-1024x576.jpg 1024w, https:\/\/www.pr-neu.de\/newsroom\/wordpress\/wp-content\/uploads\/2021\/10\/21-34_hw_3_Saegen_K-768x432.jpg 768w, https:\/\/www.pr-neu.de\/newsroom\/wordpress\/wp-content\/uploads\/2021\/10\/21-34_hw_3_Saegen_K-1536x864.jpg 1536w, https:\/\/www.pr-neu.de\/newsroom\/wordpress\/wp-content\/uploads\/2021\/10\/21-34_hw_3_Saegen_K-2048x1152.jpg 2048w, https:\/\/www.pr-neu.de\/newsroom\/wordpress\/wp-content\/uploads\/2021\/10\/21-34_hw_3_Saegen_K-110x62.jpg 110w, https:\/\/www.pr-neu.de\/newsroom\/wordpress\/wp-content\/uploads\/2021\/10\/21-34_hw_3_Saegen_K-420x236.jpg 420w, https:\/\/www.pr-neu.de\/newsroom\/wordpress\/wp-content\/uploads\/2021\/10\/21-34_hw_3_Saegen_K-770x430.jpg 770w, https:\/\/www.pr-neu.de\/newsroom\/wordpress\/wp-content\/uploads\/2021\/10\/21-34_hw_3_Saegen_K-764x430.jpg 764w\" sizes=\"auto, (max-width: 300px) 100vw, 300px\" \/><\/a><\/p>\n<p style=\"text-align: center;\">Die Bl\u00e4hglasgranulatplatten lassen sich schneiden oder s\u00e4gen.<\/p>\n<p style=\"text-align: center;\"><a href=\"http:\/\/www.pr-neu.de\/newsroom\/wordpress\/wp-content\/uploads\/2021\/10\/21-34_hw_4_Kleben_K.jpg\" target=\"_blank\" rel=\"noopener\"><img loading=\"lazy\" decoding=\"async\" class=\"aligncenter wp-image-14551 size-medium\" src=\"http:\/\/www.pr-neu.de\/newsroom\/wordpress\/wp-content\/uploads\/2021\/10\/21-34_hw_4_Kleben_K-300x169.jpg\" alt=\"\" width=\"300\" height=\"169\" srcset=\"https:\/\/www.pr-neu.de\/newsroom\/wordpress\/wp-content\/uploads\/2021\/10\/21-34_hw_4_Kleben_K-300x169.jpg 300w, https:\/\/www.pr-neu.de\/newsroom\/wordpress\/wp-content\/uploads\/2021\/10\/21-34_hw_4_Kleben_K-1024x576.jpg 1024w, https:\/\/www.pr-neu.de\/newsroom\/wordpress\/wp-content\/uploads\/2021\/10\/21-34_hw_4_Kleben_K-768x432.jpg 768w, https:\/\/www.pr-neu.de\/newsroom\/wordpress\/wp-content\/uploads\/2021\/10\/21-34_hw_4_Kleben_K-1536x864.jpg 1536w, https:\/\/www.pr-neu.de\/newsroom\/wordpress\/wp-content\/uploads\/2021\/10\/21-34_hw_4_Kleben_K-2048x1152.jpg 2048w, https:\/\/www.pr-neu.de\/newsroom\/wordpress\/wp-content\/uploads\/2021\/10\/21-34_hw_4_Kleben_K-110x62.jpg 110w, https:\/\/www.pr-neu.de\/newsroom\/wordpress\/wp-content\/uploads\/2021\/10\/21-34_hw_4_Kleben_K-420x236.jpg 420w, https:\/\/www.pr-neu.de\/newsroom\/wordpress\/wp-content\/uploads\/2021\/10\/21-34_hw_4_Kleben_K-770x430.jpg 770w, https:\/\/www.pr-neu.de\/newsroom\/wordpress\/wp-content\/uploads\/2021\/10\/21-34_hw_4_Kleben_K-764x430.jpg 764w\" sizes=\"auto, (max-width: 300px) 100vw, 300px\" \/><\/a><\/p>\n<p style=\"text-align: center;\">Der Kleber wird direkt auf die Unterkonstruktion aufgetragen.<\/p>\n<p style=\"text-align: center;\"><a href=\"http:\/\/www.pr-neu.de\/newsroom\/wordpress\/wp-content\/uploads\/2021\/10\/21-34_hw_5_Platzieren_K.jpg\" target=\"_blank\" rel=\"noopener\"><img loading=\"lazy\" decoding=\"async\" class=\"aligncenter wp-image-14552 size-medium\" src=\"http:\/\/www.pr-neu.de\/newsroom\/wordpress\/wp-content\/uploads\/2021\/10\/21-34_hw_5_Platzieren_K-300x169.jpg\" alt=\"\" width=\"300\" height=\"169\" srcset=\"https:\/\/www.pr-neu.de\/newsroom\/wordpress\/wp-content\/uploads\/2021\/10\/21-34_hw_5_Platzieren_K-300x169.jpg 300w, https:\/\/www.pr-neu.de\/newsroom\/wordpress\/wp-content\/uploads\/2021\/10\/21-34_hw_5_Platzieren_K-1024x576.jpg 1024w, https:\/\/www.pr-neu.de\/newsroom\/wordpress\/wp-content\/uploads\/2021\/10\/21-34_hw_5_Platzieren_K-768x432.jpg 768w, https:\/\/www.pr-neu.de\/newsroom\/wordpress\/wp-content\/uploads\/2021\/10\/21-34_hw_5_Platzieren_K-1536x864.jpg 1536w, https:\/\/www.pr-neu.de\/newsroom\/wordpress\/wp-content\/uploads\/2021\/10\/21-34_hw_5_Platzieren_K-2048x1152.jpg 2048w, https:\/\/www.pr-neu.de\/newsroom\/wordpress\/wp-content\/uploads\/2021\/10\/21-34_hw_5_Platzieren_K-110x62.jpg 110w, https:\/\/www.pr-neu.de\/newsroom\/wordpress\/wp-content\/uploads\/2021\/10\/21-34_hw_5_Platzieren_K-420x236.jpg 420w, https:\/\/www.pr-neu.de\/newsroom\/wordpress\/wp-content\/uploads\/2021\/10\/21-34_hw_5_Platzieren_K-770x430.jpg 770w, https:\/\/www.pr-neu.de\/newsroom\/wordpress\/wp-content\/uploads\/2021\/10\/21-34_hw_5_Platzieren_K-764x430.jpg 764w\" sizes=\"auto, (max-width: 300px) 100vw, 300px\" \/><\/a><\/p>\n<p style=\"text-align: center;\">Die Platte wird in das Kleberbett gedr\u00fcckt und kann pr\u00e4zise<br \/>\ndreidimensional ausgerichtet werden. Kein Verkleben der<br \/>\nSt\u00f6\u00dfe, kein Spachteln, kein Schleifen.<\/p>\n<p style=\"text-align: center;\">Fotos: Sto SE &amp; Co. KGaA<\/p>\n<p style=\"text-align: center;\"><a href=\"http:\/\/www.pr-neu.de\/newsroom\/wordpress\/wp-content\/uploads\/2021\/10\/21-34_hw_Systemaufbau_K.jpg\" target=\"_blank\" rel=\"noopener\"><img loading=\"lazy\" decoding=\"async\" class=\"aligncenter wp-image-14553 size-medium\" src=\"http:\/\/www.pr-neu.de\/newsroom\/wordpress\/wp-content\/uploads\/2021\/10\/21-34_hw_Systemaufbau_K-222x300.jpg\" alt=\"\" width=\"222\" height=\"300\" srcset=\"https:\/\/www.pr-neu.de\/newsroom\/wordpress\/wp-content\/uploads\/2021\/10\/21-34_hw_Systemaufbau_K-222x300.jpg 222w, https:\/\/www.pr-neu.de\/newsroom\/wordpress\/wp-content\/uploads\/2021\/10\/21-34_hw_Systemaufbau_K-758x1024.jpg 758w, https:\/\/www.pr-neu.de\/newsroom\/wordpress\/wp-content\/uploads\/2021\/10\/21-34_hw_Systemaufbau_K-768x1038.jpg 768w, https:\/\/www.pr-neu.de\/newsroom\/wordpress\/wp-content\/uploads\/2021\/10\/21-34_hw_Systemaufbau_K-1137x1536.jpg 1137w, https:\/\/www.pr-neu.de\/newsroom\/wordpress\/wp-content\/uploads\/2021\/10\/21-34_hw_Systemaufbau_K-1516x2048.jpg 1516w, https:\/\/www.pr-neu.de\/newsroom\/wordpress\/wp-content\/uploads\/2021\/10\/21-34_hw_Systemaufbau_K-81x110.jpg 81w, https:\/\/www.pr-neu.de\/newsroom\/wordpress\/wp-content\/uploads\/2021\/10\/21-34_hw_Systemaufbau_K-311x420.jpg 311w, https:\/\/www.pr-neu.de\/newsroom\/wordpress\/wp-content\/uploads\/2021\/10\/21-34_hw_Systemaufbau_K-318x430.jpg 318w, https:\/\/www.pr-neu.de\/newsroom\/wordpress\/wp-content\/uploads\/2021\/10\/21-34_hw_Systemaufbau_K.jpg 1776w\" sizes=\"auto, (max-width: 222px) 100vw, 222px\" \/><\/a><\/p>\n<p style=\"text-align: center;\">Systemaufbau<br \/>\nGrafik: Sto SE &amp; Co. KGaA<\/p>\n<hr \/>\n<p>&nbsp;<\/p>\n<p>Abdruck honorarfrei, Belegexemplar erbeten.<\/p>\n<p>&nbsp;<\/p>\n","protected":false},"excerpt":{"rendered":"<p>Neues Akustikdeckensystem: StoSilent Distance C Mit einem neuartigen, patentierten Befestigungssystem \u00fcberwindet StoSilent Distance C gleich mehrere Schw\u00e4chen bisheriger fugenloser Akustikdeckensysteme. Es ist einfacher zu montieren (kleben statt schrauben), spart Zeit (weder spachteln noch schleifen) und steigert die Ergebnissicherheit. In unserer schnellen und lauten Welt kommen immer mehr akustisch wirksame Decken- und Wandbekleidungen zum Einsatz. Die [&hellip;]<\/p>\n","protected":false},"author":6,"featured_media":14552,"comment_status":"closed","ping_status":"open","sticky":false,"template":"","format":"standard","meta":{"footnotes":""},"categories":[15],"tags":[1719,1721,283,1729,1727],"class_list":["post-14547","post","type-post","status-publish","format-standard","has-post-thumbnail","hentry","category-sto","tag-akustik","tag-decke","tag-innenraum","tag-kleben","tag-platten"],"_links":{"self":[{"href":"https:\/\/www.pr-neu.de\/newsroom\/wp-json\/wp\/v2\/posts\/14547","targetHints":{"allow":["GET"]}}],"collection":[{"href":"https:\/\/www.pr-neu.de\/newsroom\/wp-json\/wp\/v2\/posts"}],"about":[{"href":"https:\/\/www.pr-neu.de\/newsroom\/wp-json\/wp\/v2\/types\/post"}],"author":[{"embeddable":true,"href":"https:\/\/www.pr-neu.de\/newsroom\/wp-json\/wp\/v2\/users\/6"}],"replies":[{"embeddable":true,"href":"https:\/\/www.pr-neu.de\/newsroom\/wp-json\/wp\/v2\/comments?post=14547"}],"version-history":[{"count":3,"href":"https:\/\/www.pr-neu.de\/newsroom\/wp-json\/wp\/v2\/posts\/14547\/revisions"}],"predecessor-version":[{"id":14738,"href":"https:\/\/www.pr-neu.de\/newsroom\/wp-json\/wp\/v2\/posts\/14547\/revisions\/14738"}],"wp:featuredmedia":[{"embeddable":true,"href":"https:\/\/www.pr-neu.de\/newsroom\/wp-json\/wp\/v2\/media\/14552"}],"wp:attachment":[{"href":"https:\/\/www.pr-neu.de\/newsroom\/wp-json\/wp\/v2\/media?parent=14547"}],"wp:term":[{"taxonomy":"category","embeddable":true,"href":"https:\/\/www.pr-neu.de\/newsroom\/wp-json\/wp\/v2\/categories?post=14547"},{"taxonomy":"post_tag","embeddable":true,"href":"https:\/\/www.pr-neu.de\/newsroom\/wp-json\/wp\/v2\/tags?post=14547"}],"curies":[{"name":"wp","href":"https:\/\/api.w.org\/{rel}","templated":true}]}}