{"id":14537,"date":"2021-10-26T14:26:59","date_gmt":"2021-10-26T12:26:59","guid":{"rendered":"https:\/\/www.pr-neu.de\/newsroom\/?p=14537"},"modified":"2021-10-26T14:27:39","modified_gmt":"2021-10-26T12:27:39","slug":"maler-praxis-grundierung-einer-kassettendecke","status":"publish","type":"post","link":"https:\/\/www.pr-neu.de\/newsroom\/maler-praxis-grundierung-einer-kassettendecke\/","title":{"rendered":"Maler-Praxis: Grundierung einer Kassettendecke"},"content":{"rendered":"<p><u>S\u00fcdwest AquaVision All-Grund: Bew\u00e4hrt bei denkmalschutzgerechter Sanierung<\/u><\/p>\n<p>Anspruchsvolle Sanierung: Verwinkelt durch viele Kassetten, forderte die Decke im Theatersaal des Kinder- und Jugend\u00adtheaters Speyer erfahrene Handwerksarbeit. Der Untergrund der Decke des denkmalgesch\u00fctzten Geb\u00e4udes (Baujahr 1887) war zudem nicht einheitlich \u2013 an manchen Stellen war der Altlack bereits verschwunden. Auch die Arbeiten in zw\u00f6lf Meter H\u00f6he waren nicht allt\u00e4glich. Hohe Anforderungen, die Maler\u00admeister Thorsten Knispel und sein Team hervorragend l\u00f6sten. Als Grundierung setzte er auf AquaVision All-Grund (S\u00fcdwest), da sich dieser universell einsetzen l\u00e4sst \u2013 sowohl auf den noch lackierten, als auch auf den freien Deckenfl\u00e4chen. Ebenso einfach lie\u00dfen sich die n\u00e4chsten Schritte umsetzen. \u201eDirekt nach zwei Arbeitsg\u00e4ngen mit dem All-Grund als Grundierung konnten wir diesen Lack auch als Schlussbeschichtung im Doppel-Kreuzgang auftragen. Die Arbeiten gingen dadurch sehr leicht von der Hand\u201c, erkl\u00e4rt Knispel. Aufw\u00e4ndig war dagegen der Arbeitsort: \u201eWir mussten das Ger\u00fcst immer wieder durch den Raum bewegen\u201c, schmunzelt Knispel. Wichtig bei der Materialwahl war au\u00dferdem, einen Lack zu finden, der die Raumluft nicht belastet \u2013 insbesondere, weil das Theater f\u00fcr Kinder ist. Auch diese Vorgabe erf\u00fcllt der wasserbasierende Lack ausgezeichnet.<\/p>\n<p>Das Ergebnis kann sich sehen lassen: Die warmen Farbt\u00f6ne des historischen Bauwerks schm\u00fccken heute wieder die Theater-Decke.<\/p>\n<p>&nbsp;<\/p>\n<hr \/>\n<p>&nbsp;<\/p>\n<p><a href=\"http:\/\/www.pr-neu.de\/newsroom\/wordpress\/wp-content\/uploads\/2021\/10\/21-10_Deckensanierung_2_K.jpg\" target=\"_blank\" rel=\"noopener\"><img loading=\"lazy\" decoding=\"async\" class=\"aligncenter wp-image-14539 size-medium\" src=\"http:\/\/www.pr-neu.de\/newsroom\/wordpress\/wp-content\/uploads\/2021\/10\/21-10_Deckensanierung_2_K-300x200.jpg\" alt=\"\" width=\"300\" height=\"200\" srcset=\"https:\/\/www.pr-neu.de\/newsroom\/wordpress\/wp-content\/uploads\/2021\/10\/21-10_Deckensanierung_2_K-300x200.jpg 300w, https:\/\/www.pr-neu.de\/newsroom\/wordpress\/wp-content\/uploads\/2021\/10\/21-10_Deckensanierung_2_K-1024x683.jpg 1024w, https:\/\/www.pr-neu.de\/newsroom\/wordpress\/wp-content\/uploads\/2021\/10\/21-10_Deckensanierung_2_K-768x512.jpg 768w, https:\/\/www.pr-neu.de\/newsroom\/wordpress\/wp-content\/uploads\/2021\/10\/21-10_Deckensanierung_2_K-1536x1024.jpg 1536w, https:\/\/www.pr-neu.de\/newsroom\/wordpress\/wp-content\/uploads\/2021\/10\/21-10_Deckensanierung_2_K-2048x1365.jpg 2048w, https:\/\/www.pr-neu.de\/newsroom\/wordpress\/wp-content\/uploads\/2021\/10\/21-10_Deckensanierung_2_K-110x73.jpg 110w, https:\/\/www.pr-neu.de\/newsroom\/wordpress\/wp-content\/uploads\/2021\/10\/21-10_Deckensanierung_2_K-420x280.jpg 420w, https:\/\/www.pr-neu.de\/newsroom\/wordpress\/wp-content\/uploads\/2021\/10\/21-10_Deckensanierung_2_K-645x430.jpg 645w\" sizes=\"auto, (max-width: 300px) 100vw, 300px\" \/><\/a><\/p>\n<p style=\"text-align: center;\">H\u00f6he und Konstruktion der Decke (mit vielen Kassetten) forderten die Handwerker bei der Sanierung.<\/p>\n<p style=\"text-align: center;\">Bild: S\u00fcdwest Lacke + Farben GmbH &amp; Co. KG<\/p>\n<p>&nbsp;<\/p>\n<p><a href=\"http:\/\/www.pr-neu.de\/newsroom\/wordpress\/wp-content\/uploads\/2021\/10\/21-10_Deckensanierung_1_K.jpg\" target=\"_blank\" rel=\"noopener\"><img loading=\"lazy\" decoding=\"async\" class=\"aligncenter wp-image-14538 size-medium\" src=\"http:\/\/www.pr-neu.de\/newsroom\/wordpress\/wp-content\/uploads\/2021\/10\/21-10_Deckensanierung_1_K-300x200.jpg\" alt=\"\" width=\"300\" height=\"200\" srcset=\"https:\/\/www.pr-neu.de\/newsroom\/wordpress\/wp-content\/uploads\/2021\/10\/21-10_Deckensanierung_1_K-300x200.jpg 300w, https:\/\/www.pr-neu.de\/newsroom\/wordpress\/wp-content\/uploads\/2021\/10\/21-10_Deckensanierung_1_K-1024x683.jpg 1024w, https:\/\/www.pr-neu.de\/newsroom\/wordpress\/wp-content\/uploads\/2021\/10\/21-10_Deckensanierung_1_K-768x512.jpg 768w, https:\/\/www.pr-neu.de\/newsroom\/wordpress\/wp-content\/uploads\/2021\/10\/21-10_Deckensanierung_1_K-1536x1024.jpg 1536w, https:\/\/www.pr-neu.de\/newsroom\/wordpress\/wp-content\/uploads\/2021\/10\/21-10_Deckensanierung_1_K-2048x1365.jpg 2048w, https:\/\/www.pr-neu.de\/newsroom\/wordpress\/wp-content\/uploads\/2021\/10\/21-10_Deckensanierung_1_K-110x73.jpg 110w, https:\/\/www.pr-neu.de\/newsroom\/wordpress\/wp-content\/uploads\/2021\/10\/21-10_Deckensanierung_1_K-420x280.jpg 420w, https:\/\/www.pr-neu.de\/newsroom\/wordpress\/wp-content\/uploads\/2021\/10\/21-10_Deckensanierung_1_K-645x430.jpg 645w\" sizes=\"auto, (max-width: 300px) 100vw, 300px\" \/><\/a><\/p>\n<p style=\"text-align: center;\">Malermeister Thorsten Knispel leitet seinen Fachbetrieb ins St. Leon-Rot. Bei der Sanierung des historischen Theaters setzte er ganzheitlich auf S\u00fcdwest-Beschichtungen.<\/p>\n<p style=\"text-align: center;\">Bild: S\u00fcdwest Lacke + Farben GmbH &amp; Co. KG<\/p>\n<p>&nbsp;<\/p>\n<hr \/>\n<p>&nbsp;<\/p>\n<p><strong>\u00dcber S\u00fcdwest Lacke + Farben<\/strong><\/p>\n<p>Die S\u00fcdwest Lacke + Farben GmbH &amp; Co. KG ist ein in der Pfalz beheimateter Hersteller von Lacken und Farben. Sein Produktsortiment reicht von der Bodenbeschichtung \u00fcber Holzschutz bis zur Dachfarbe, von der Innenfarbe \u00fcber Lacke bis zum W\u00e4rmed\u00e4mmverbundsystem (WDVS). Das Unternehmen steht f\u00fcr Produkte von h\u00f6chster Qualit\u00e4t, Funktionalit\u00e4t und Umweltvertr\u00e4glichkeit im Profi-Segment und z\u00e4hlt zu den f\u00fchrenden mittelst\u00e4ndischen Lackherstellern in Deutschland und Zentraleuropa.<\/p>\n<p>&nbsp;<\/p>\n<hr \/>\n<p>&nbsp;<\/p>\n<p>Abdruck honorarfrei, Belegexemplar erbeten.<\/p>\n","protected":false},"excerpt":{"rendered":"<p>S\u00fcdwest AquaVision All-Grund: Bew\u00e4hrt bei denkmalschutzgerechter Sanierung Anspruchsvolle Sanierung: Verwinkelt durch viele Kassetten, forderte die Decke im Theatersaal des Kinder- und Jugend\u00adtheaters Speyer erfahrene Handwerksarbeit. Der Untergrund der Decke des denkmalgesch\u00fctzten Geb\u00e4udes (Baujahr 1887) war zudem nicht einheitlich \u2013 an manchen Stellen war der Altlack bereits verschwunden. Auch die Arbeiten in zw\u00f6lf Meter H\u00f6he waren [&hellip;]<\/p>\n","protected":false},"author":6,"featured_media":14539,"comment_status":"closed","ping_status":"open","sticky":false,"template":"","format":"standard","meta":{"footnotes":""},"categories":[17],"tags":[],"class_list":["post-14537","post","type-post","status-publish","format-standard","has-post-thumbnail","hentry","category-sudwest"],"_links":{"self":[{"href":"https:\/\/www.pr-neu.de\/newsroom\/wp-json\/wp\/v2\/posts\/14537","targetHints":{"allow":["GET"]}}],"collection":[{"href":"https:\/\/www.pr-neu.de\/newsroom\/wp-json\/wp\/v2\/posts"}],"about":[{"href":"https:\/\/www.pr-neu.de\/newsroom\/wp-json\/wp\/v2\/types\/post"}],"author":[{"embeddable":true,"href":"https:\/\/www.pr-neu.de\/newsroom\/wp-json\/wp\/v2\/users\/6"}],"replies":[{"embeddable":true,"href":"https:\/\/www.pr-neu.de\/newsroom\/wp-json\/wp\/v2\/comments?post=14537"}],"version-history":[{"count":3,"href":"https:\/\/www.pr-neu.de\/newsroom\/wp-json\/wp\/v2\/posts\/14537\/revisions"}],"predecessor-version":[{"id":14542,"href":"https:\/\/www.pr-neu.de\/newsroom\/wp-json\/wp\/v2\/posts\/14537\/revisions\/14542"}],"wp:featuredmedia":[{"embeddable":true,"href":"https:\/\/www.pr-neu.de\/newsroom\/wp-json\/wp\/v2\/media\/14539"}],"wp:attachment":[{"href":"https:\/\/www.pr-neu.de\/newsroom\/wp-json\/wp\/v2\/media?parent=14537"}],"wp:term":[{"taxonomy":"category","embeddable":true,"href":"https:\/\/www.pr-neu.de\/newsroom\/wp-json\/wp\/v2\/categories?post=14537"},{"taxonomy":"post_tag","embeddable":true,"href":"https:\/\/www.pr-neu.de\/newsroom\/wp-json\/wp\/v2\/tags?post=14537"}],"curies":[{"name":"wp","href":"https:\/\/api.w.org\/{rel}","templated":true}]}}