{"id":14530,"date":"2021-10-25T10:55:11","date_gmt":"2021-10-25T08:55:11","guid":{"rendered":"https:\/\/www.pr-neu.de\/newsroom\/?p=14530"},"modified":"2021-12-22T12:19:29","modified_gmt":"2021-12-22T11:19:29","slug":"wintergarten-know-how-fuer-planer-und-monteure","status":"publish","type":"post","link":"https:\/\/www.pr-neu.de\/newsroom\/wintergarten-know-how-fuer-planer-und-monteure\/","title":{"rendered":"Wintergarten-Know-how f\u00fcr Planer und Monteure"},"content":{"rendered":"<p><u>Seminare von TS-Aluminium: informativ, praxisnah, pr\u00e4sent<\/u><\/p>\n<p>Im Januar und Februar 2022 teilt TS-Aluminium sein Fachwissen rund um die Themen Sommergarten-, Wintergarten- und Terrassendachbau: Der f\u00fchrende Profil-Hersteller veranstaltet an acht Terminen Seminare in Gro\u00dfefehn und Burgst\u00e4dt \u2013 jeweils zugeschnitten auf die Anforderungen von Planern beziehungsweise Monteuren.<\/p>\n<p>Das Seminar f\u00fcr Planer umfasst Grundlagen zur Planung von Sommerg\u00e4rten, Winterg\u00e4rten und Terrassend\u00e4chern, inklusive hilfreicher Tools wie dem Online-Konfigurator und der Konstruktionssoftware WiGaCAD. Der Workshop f\u00fcr Montage-Teams vermittelt kompaktes Wissen zum fachgerechten Bau der Profil-Konstruktionen. Dabei kombiniert TS-Aluminium relevantes Basiswissen \u2013 von der Statik bis hin zur D\u00fcbelbefestigung \u2013 mit Beispielen aus der Praxis.<\/p>\n<p>Teilnahmegeb\u00fchr: 98 Euro zzgl. MwSt.<br \/>\nAnmeldung: <a href=\"https:\/\/www.ts-alu.de\/news\/item\/432-einladung-seminare-2022.html\">https:\/\/www.ts-alu.de\/news\/item\/432-einladung-seminare-2022.html<\/a><\/p>\n<p>&nbsp;<\/p>\n<hr \/>\n<p>&nbsp;<\/p>\n<p><strong><u>Die Seminar-Termine<\/u><\/strong><\/p>\n<p><strong>TS Seminar Planung 2022 f\u00fcr Winterg\u00e4rten und Terrassend\u00e4cher<\/strong><\/p>\n<p>Dienstag, 25.01.2022, 9:00 bis 15:30 Uhr, Burgst\u00e4dt<br \/>\nDonnerstag, 27.01.2022, 9:00 bis 15:30 Uhr, Burgst\u00e4dt<br \/>\nDonnerstag, 10.02.2022, 9:00 bis 15:30 Uhr, Gro\u00dfefehn<br \/>\nDonnerstag, 17.02.2022, 9:00 bis 15:30 Uhr, Gro\u00dfefehn<\/p>\n<p>&nbsp;<\/p>\n<p><strong>TS Seminar Montage 2022 f\u00fcr Winterg\u00e4rten und Terrassend\u00e4cher<\/strong><\/p>\n<p>Mittwoch, 26.01.2022, 9:00 bis 15:00 Uhr, Burgst\u00e4dt<br \/>\nFreitag, 28.01.2022, 9:00 bis 15:00 Uhr, Burgst\u00e4dt<br \/>\nFreitag, 11.02.2022, 9:00 bis 15:00 Uhr, Gro\u00dfefehn<br \/>\nFreitag, 18.02.2022, 9:00 bis 15:00 Uhr, Gro\u00dfefehn<\/p>\n<p>&nbsp;<\/p>\n<hr \/>\n<p>&nbsp;<\/p>\n<p>Abdruck honorarfrei, Belegexemplar erbeten.<\/p>\n","protected":false},"excerpt":{"rendered":"<p>Seminare von TS-Aluminium: informativ, praxisnah, pr\u00e4sent Im Januar und Februar 2022 teilt TS-Aluminium sein Fachwissen rund um die Themen Sommergarten-, Wintergarten- und Terrassendachbau: Der f\u00fchrende Profil-Hersteller veranstaltet an acht Terminen Seminare in Gro\u00dfefehn und Burgst\u00e4dt \u2013 jeweils zugeschnitten auf die Anforderungen von Planern beziehungsweise Monteuren. Das Seminar f\u00fcr Planer umfasst Grundlagen zur Planung von Sommerg\u00e4rten, [&hellip;]<\/p>\n","protected":false},"author":6,"featured_media":13939,"comment_status":"closed","ping_status":"open","sticky":false,"template":"","format":"standard","meta":{"footnotes":""},"categories":[1761],"tags":[],"class_list":["post-14530","post","type-post","status-publish","format-standard","has-post-thumbnail","hentry","category-ts-aluminium"],"_links":{"self":[{"href":"https:\/\/www.pr-neu.de\/newsroom\/wp-json\/wp\/v2\/posts\/14530","targetHints":{"allow":["GET"]}}],"collection":[{"href":"https:\/\/www.pr-neu.de\/newsroom\/wp-json\/wp\/v2\/posts"}],"about":[{"href":"https:\/\/www.pr-neu.de\/newsroom\/wp-json\/wp\/v2\/types\/post"}],"author":[{"embeddable":true,"href":"https:\/\/www.pr-neu.de\/newsroom\/wp-json\/wp\/v2\/users\/6"}],"replies":[{"embeddable":true,"href":"https:\/\/www.pr-neu.de\/newsroom\/wp-json\/wp\/v2\/comments?post=14530"}],"version-history":[{"count":1,"href":"https:\/\/www.pr-neu.de\/newsroom\/wp-json\/wp\/v2\/posts\/14530\/revisions"}],"predecessor-version":[{"id":14531,"href":"https:\/\/www.pr-neu.de\/newsroom\/wp-json\/wp\/v2\/posts\/14530\/revisions\/14531"}],"wp:featuredmedia":[{"embeddable":true,"href":"https:\/\/www.pr-neu.de\/newsroom\/wp-json\/wp\/v2\/media\/13939"}],"wp:attachment":[{"href":"https:\/\/www.pr-neu.de\/newsroom\/wp-json\/wp\/v2\/media?parent=14530"}],"wp:term":[{"taxonomy":"category","embeddable":true,"href":"https:\/\/www.pr-neu.de\/newsroom\/wp-json\/wp\/v2\/categories?post=14530"},{"taxonomy":"post_tag","embeddable":true,"href":"https:\/\/www.pr-neu.de\/newsroom\/wp-json\/wp\/v2\/tags?post=14530"}],"curies":[{"name":"wp","href":"https:\/\/api.w.org\/{rel}","templated":true}]}}