{"id":14516,"date":"2021-10-18T11:34:49","date_gmt":"2021-10-18T09:34:49","guid":{"rendered":"https:\/\/www.pr-neu.de\/newsroom\/?p=14516"},"modified":"2021-10-18T11:35:30","modified_gmt":"2021-10-18T09:35:30","slug":"berliner-moderne","status":"publish","type":"post","link":"https:\/\/www.pr-neu.de\/newsroom\/berliner-moderne\/","title":{"rendered":"Berliner Moderne"},"content":{"rendered":"<p><u>Sto SE &amp; Co. KGaA: <\/u><u>Wohnanlage in Berlin mit DGNB-Auszeichnung<\/u><\/p>\n<p><strong>Attraktive Optik, umweltfreundliche Bauweise: In Berlin-Dahlem zeigt eine neue Anlage mit 79 Wohneinheiten, wie zeitgem\u00e4\u00dfer Wohnungsbau in den 2020er Jahren aussehen kann. Aufgelockerte Kubatur, die der dichten Bebauung eine leichte Anmutung gibt, hochwertige Fassadengestaltung als klares Architektur-Bekenntnis \u2013 in einer \u00f6kologisch bewussten Bauweise, die die DGNB neutral best\u00e4tigt. Dazu tr\u00e4gt unter anderem das Fassadend\u00e4mmsystem StoTherm Vario bei, hier ausgef\u00fchrt mit einer Oberfl\u00e4che aus Klinkerriemchen (StoBrick).<\/strong><\/p>\n<p>Die Zahl F\u00fcnf stand Pate bei der Quartiersentwicklung\u2013 es sind f\u00fcnf Bauk\u00f6rper, die im Berliner Ortsteil Dahlem angrenzend an einen See mit f\u00fcnf Wasserarmen zu einem Ensemble gruppiert wurden. Zusammen ergeben sie eine Art idyllisches Dorf in der Stadt, von der Natur gerahmt. So hei\u00dft die Anlage dann auch \u201eF\u00fcnf Morgen Apartments\u201c.<\/p>\n<p>Insgesamt entstanden hier 79 Wohneinheiten auf 4.940 Quadratmeter Wohnfl\u00e4che und neun Gewerbeeinheiten \u2013 eine davon als Kindertagesst\u00e4tte genutzt. Die drei- bis vier-geschossigen H\u00e4user werden jeweils durch ein nach zwei Seiten zur\u00fcckspringendes Staffelgeschoss erg\u00e4nzt. Beigefarbene Klinkerriemchen f\u00fcr die Regelgeschosse, Travertinverkleidung im Erdgeschoss und horizontale, wei\u00dfe Gesimsb\u00e4nder auf H\u00f6he der Geschossdecken sorgen f\u00fcr eine klare Strukturierung und Akzentuierung der hellen Fassaden.<\/p>\n<p>Das Quartier ist Teil der Gesamtentwicklung \u201eF\u00fcnf Morgen Dahlem Urban Village\u201c, die auf einem rund 53.000 Quadratmeter gro\u00dfen Areal entlang der Clayallee nach einem Entwurf des Architekturb\u00fcros KSP Engel zwischen 2015 und 2019 realisiert wurde. Es ist das erste Wohnprojekt, das in Berlin von der Deutschen Gesellschaft f\u00fcr Nachhaltiges Bauen (DGNB) mit einem Zertifikat f\u00fcr umweltfreundliches Bauen ausgezeichnet worden ist.<\/p>\n<p>&nbsp;<\/p>\n<hr \/>\n<p>&nbsp;<\/p>\n<p><strong><u>Bautafel<\/u><\/strong><\/p>\n<p><strong>Bauherr: <\/strong>Stofanel Investment AG, Berlin<\/p>\n<p><strong>Standort: <\/strong>Clayallee, Berlin<\/p>\n<p><strong>Architekten: <\/strong>KSP Engel GmbH, Berlin (Entwurf)<br \/>\nBollinger + Fehlig Architekten GmbH BDA, Berlin (LPH 5\u20139)<\/p>\n<p><strong>Sto-Leistungen: <\/strong>Fassadend\u00e4mmsystem (StoTherm Vario) mit Klinker (StoBrick)<\/p>\n<p><strong>Fachhandwerker: <\/strong>Atlas Fassadenbau GmbH, Berlin<\/p>\n<p>&nbsp;<\/p>\n<hr \/>\n<p>&nbsp;<\/p>\n<p><a href=\"http:\/\/www.pr-neu.de\/newsroom\/wordpress\/wp-content\/uploads\/2021\/10\/21_33_Fuenf_01_K.jpg\" target=\"_blank\" rel=\"noopener\"><img loading=\"lazy\" decoding=\"async\" class=\"wp-image-14517 size-medium aligncenter\" src=\"http:\/\/www.pr-neu.de\/newsroom\/wordpress\/wp-content\/uploads\/2021\/10\/21_33_Fuenf_01_K-300x200.jpg\" alt=\"\" width=\"300\" height=\"200\" srcset=\"https:\/\/www.pr-neu.de\/newsroom\/wordpress\/wp-content\/uploads\/2021\/10\/21_33_Fuenf_01_K-300x200.jpg 300w, https:\/\/www.pr-neu.de\/newsroom\/wordpress\/wp-content\/uploads\/2021\/10\/21_33_Fuenf_01_K-1024x683.jpg 1024w, https:\/\/www.pr-neu.de\/newsroom\/wordpress\/wp-content\/uploads\/2021\/10\/21_33_Fuenf_01_K-768x512.jpg 768w, https:\/\/www.pr-neu.de\/newsroom\/wordpress\/wp-content\/uploads\/2021\/10\/21_33_Fuenf_01_K-1536x1024.jpg 1536w, https:\/\/www.pr-neu.de\/newsroom\/wordpress\/wp-content\/uploads\/2021\/10\/21_33_Fuenf_01_K-2048x1365.jpg 2048w, https:\/\/www.pr-neu.de\/newsroom\/wordpress\/wp-content\/uploads\/2021\/10\/21_33_Fuenf_01_K-110x73.jpg 110w, https:\/\/www.pr-neu.de\/newsroom\/wordpress\/wp-content\/uploads\/2021\/10\/21_33_Fuenf_01_K-420x280.jpg 420w, https:\/\/www.pr-neu.de\/newsroom\/wordpress\/wp-content\/uploads\/2021\/10\/21_33_Fuenf_01_K-645x430.jpg 645w\" sizes=\"auto, (max-width: 300px) 100vw, 300px\" \/><\/a><\/p>\n<p><a href=\"http:\/\/www.pr-neu.de\/newsroom\/wordpress\/wp-content\/uploads\/2021\/10\/21_33_Fuenf_02_K.jpg\" target=\"_blank\" rel=\"noopener\"><img loading=\"lazy\" decoding=\"async\" class=\"wp-image-14519 size-medium aligncenter\" src=\"http:\/\/www.pr-neu.de\/newsroom\/wordpress\/wp-content\/uploads\/2021\/10\/21_33_Fuenf_02_K-300x200.jpg\" alt=\"\" width=\"300\" height=\"200\" srcset=\"https:\/\/www.pr-neu.de\/newsroom\/wordpress\/wp-content\/uploads\/2021\/10\/21_33_Fuenf_02_K-300x200.jpg 300w, https:\/\/www.pr-neu.de\/newsroom\/wordpress\/wp-content\/uploads\/2021\/10\/21_33_Fuenf_02_K-1024x683.jpg 1024w, https:\/\/www.pr-neu.de\/newsroom\/wordpress\/wp-content\/uploads\/2021\/10\/21_33_Fuenf_02_K-768x512.jpg 768w, https:\/\/www.pr-neu.de\/newsroom\/wordpress\/wp-content\/uploads\/2021\/10\/21_33_Fuenf_02_K-1536x1024.jpg 1536w, https:\/\/www.pr-neu.de\/newsroom\/wordpress\/wp-content\/uploads\/2021\/10\/21_33_Fuenf_02_K-2048x1365.jpg 2048w, https:\/\/www.pr-neu.de\/newsroom\/wordpress\/wp-content\/uploads\/2021\/10\/21_33_Fuenf_02_K-110x73.jpg 110w, https:\/\/www.pr-neu.de\/newsroom\/wordpress\/wp-content\/uploads\/2021\/10\/21_33_Fuenf_02_K-420x280.jpg 420w, https:\/\/www.pr-neu.de\/newsroom\/wordpress\/wp-content\/uploads\/2021\/10\/21_33_Fuenf_02_K-645x430.jpg 645w\" sizes=\"auto, (max-width: 300px) 100vw, 300px\" \/><\/a><\/p>\n<p><a href=\"http:\/\/www.pr-neu.de\/newsroom\/wordpress\/wp-content\/uploads\/2021\/10\/21_33_Fuenf_03_K.jpg\" target=\"_blank\" rel=\"noopener\"><img loading=\"lazy\" decoding=\"async\" class=\"aligncenter wp-image-14520 size-medium\" src=\"http:\/\/www.pr-neu.de\/newsroom\/wordpress\/wp-content\/uploads\/2021\/10\/21_33_Fuenf_03_K-200x300.jpg\" alt=\"\" width=\"200\" height=\"300\" srcset=\"https:\/\/www.pr-neu.de\/newsroom\/wordpress\/wp-content\/uploads\/2021\/10\/21_33_Fuenf_03_K-200x300.jpg 200w, https:\/\/www.pr-neu.de\/newsroom\/wordpress\/wp-content\/uploads\/2021\/10\/21_33_Fuenf_03_K-683x1024.jpg 683w, https:\/\/www.pr-neu.de\/newsroom\/wordpress\/wp-content\/uploads\/2021\/10\/21_33_Fuenf_03_K-768x1152.jpg 768w, https:\/\/www.pr-neu.de\/newsroom\/wordpress\/wp-content\/uploads\/2021\/10\/21_33_Fuenf_03_K-1024x1536.jpg 1024w, https:\/\/www.pr-neu.de\/newsroom\/wordpress\/wp-content\/uploads\/2021\/10\/21_33_Fuenf_03_K-1365x2048.jpg 1365w, https:\/\/www.pr-neu.de\/newsroom\/wordpress\/wp-content\/uploads\/2021\/10\/21_33_Fuenf_03_K-73x110.jpg 73w, https:\/\/www.pr-neu.de\/newsroom\/wordpress\/wp-content\/uploads\/2021\/10\/21_33_Fuenf_03_K-280x420.jpg 280w, https:\/\/www.pr-neu.de\/newsroom\/wordpress\/wp-content\/uploads\/2021\/10\/21_33_Fuenf_03_K-287x430.jpg 287w, https:\/\/www.pr-neu.de\/newsroom\/wordpress\/wp-content\/uploads\/2021\/10\/21_33_Fuenf_03_K.jpg 1600w\" sizes=\"auto, (max-width: 200px) 100vw, 200px\" \/><\/a><\/p>\n<p><a href=\"http:\/\/www.pr-neu.de\/newsroom\/wordpress\/wp-content\/uploads\/2021\/10\/21_33_Fuenf_04_K.jpg\" target=\"_blank\" rel=\"noopener\"><img loading=\"lazy\" decoding=\"async\" class=\"wp-image-14521 size-medium aligncenter\" src=\"http:\/\/www.pr-neu.de\/newsroom\/wordpress\/wp-content\/uploads\/2021\/10\/21_33_Fuenf_04_K-300x200.jpg\" alt=\"\" width=\"300\" height=\"200\" srcset=\"https:\/\/www.pr-neu.de\/newsroom\/wordpress\/wp-content\/uploads\/2021\/10\/21_33_Fuenf_04_K-300x200.jpg 300w, https:\/\/www.pr-neu.de\/newsroom\/wordpress\/wp-content\/uploads\/2021\/10\/21_33_Fuenf_04_K-1024x683.jpg 1024w, https:\/\/www.pr-neu.de\/newsroom\/wordpress\/wp-content\/uploads\/2021\/10\/21_33_Fuenf_04_K-768x512.jpg 768w, https:\/\/www.pr-neu.de\/newsroom\/wordpress\/wp-content\/uploads\/2021\/10\/21_33_Fuenf_04_K-1536x1024.jpg 1536w, https:\/\/www.pr-neu.de\/newsroom\/wordpress\/wp-content\/uploads\/2021\/10\/21_33_Fuenf_04_K-2048x1365.jpg 2048w, https:\/\/www.pr-neu.de\/newsroom\/wordpress\/wp-content\/uploads\/2021\/10\/21_33_Fuenf_04_K-110x73.jpg 110w, https:\/\/www.pr-neu.de\/newsroom\/wordpress\/wp-content\/uploads\/2021\/10\/21_33_Fuenf_04_K-420x280.jpg 420w, https:\/\/www.pr-neu.de\/newsroom\/wordpress\/wp-content\/uploads\/2021\/10\/21_33_Fuenf_04_K-645x430.jpg 645w\" sizes=\"auto, (max-width: 300px) 100vw, 300px\" \/><\/a><\/p>\n<p style=\"text-align: center;\"><em>Berliner Wohnanlage \u201eF\u00fcnf Morgen Apartments\u201c: Attraktive Architektur mit DGNB-Auszeichnung.<\/em><\/p>\n<p style=\"text-align: center;\">Bilder: Norman Radon \/ Sto SE &amp; Co. KGaA<\/p>\n<p>&nbsp;<\/p>\n<hr \/>\n<p>&nbsp;<\/p>\n<p>Abdruck honorarfrei, Belegexemplar erbeten.<\/p>\n<p>&nbsp;<\/p>\n<p>&nbsp;<\/p>\n","protected":false},"excerpt":{"rendered":"<p>Sto SE &amp; Co. KGaA: Wohnanlage in Berlin mit DGNB-Auszeichnung Attraktive Optik, umweltfreundliche Bauweise: In Berlin-Dahlem zeigt eine neue Anlage mit 79 Wohneinheiten, wie zeitgem\u00e4\u00dfer Wohnungsbau in den 2020er Jahren aussehen kann. Aufgelockerte Kubatur, die der dichten Bebauung eine leichte Anmutung gibt, hochwertige Fassadengestaltung als klares Architektur-Bekenntnis \u2013 in einer \u00f6kologisch bewussten Bauweise, die die [&hellip;]<\/p>\n","protected":false},"author":6,"featured_media":14517,"comment_status":"closed","ping_status":"open","sticky":false,"template":"","format":"standard","meta":{"footnotes":""},"categories":[15],"tags":[187,1725,1723],"class_list":["post-14516","post","type-post","status-publish","format-standard","has-post-thumbnail","hentry","category-sto","tag-fassade","tag-umweltfreundlich","tag-wohnanlage"],"_links":{"self":[{"href":"https:\/\/www.pr-neu.de\/newsroom\/wp-json\/wp\/v2\/posts\/14516","targetHints":{"allow":["GET"]}}],"collection":[{"href":"https:\/\/www.pr-neu.de\/newsroom\/wp-json\/wp\/v2\/posts"}],"about":[{"href":"https:\/\/www.pr-neu.de\/newsroom\/wp-json\/wp\/v2\/types\/post"}],"author":[{"embeddable":true,"href":"https:\/\/www.pr-neu.de\/newsroom\/wp-json\/wp\/v2\/users\/6"}],"replies":[{"embeddable":true,"href":"https:\/\/www.pr-neu.de\/newsroom\/wp-json\/wp\/v2\/comments?post=14516"}],"version-history":[{"count":2,"href":"https:\/\/www.pr-neu.de\/newsroom\/wp-json\/wp\/v2\/posts\/14516\/revisions"}],"predecessor-version":[{"id":14524,"href":"https:\/\/www.pr-neu.de\/newsroom\/wp-json\/wp\/v2\/posts\/14516\/revisions\/14524"}],"wp:featuredmedia":[{"embeddable":true,"href":"https:\/\/www.pr-neu.de\/newsroom\/wp-json\/wp\/v2\/media\/14517"}],"wp:attachment":[{"href":"https:\/\/www.pr-neu.de\/newsroom\/wp-json\/wp\/v2\/media?parent=14516"}],"wp:term":[{"taxonomy":"category","embeddable":true,"href":"https:\/\/www.pr-neu.de\/newsroom\/wp-json\/wp\/v2\/categories?post=14516"},{"taxonomy":"post_tag","embeddable":true,"href":"https:\/\/www.pr-neu.de\/newsroom\/wp-json\/wp\/v2\/tags?post=14516"}],"curies":[{"name":"wp","href":"https:\/\/api.w.org\/{rel}","templated":true}]}}