{"id":14514,"date":"2021-10-18T11:26:48","date_gmt":"2021-10-18T09:26:48","guid":{"rendered":"https:\/\/www.pr-neu.de\/newsroom\/?p=14514"},"modified":"2021-10-18T11:26:48","modified_gmt":"2021-10-18T09:26:48","slug":"laerm-mindern-energieeffizienz-steigern","status":"publish","type":"post","link":"https:\/\/www.pr-neu.de\/newsroom\/laerm-mindern-energieeffizienz-steigern\/","title":{"rendered":"L\u00e4rm mindern, Energieeffizienz steigern"},"content":{"rendered":"<p><u>Sto SE &amp; Co. KGaA: Schallschutz mit StoVentec VHF-Systemen<\/u><\/p>\n<p><strong>Vorgeh\u00e4ngte hinterl\u00fcftete Fassaden (VHF) dienen nicht nur der architektonischen Gestaltung und dem Witterungs- und W\u00e4rmeschutz, sie verbessern auch den Schallschutz eines Geb\u00e4udes. Das System StoVentec erreicht bis zu 18 dB L\u00e4rmminderung.<\/strong><\/p>\n<p>Zum Wohnkomfort tragen die thermische und schalltechnische Behaglichkeit besonders bei. Da ist es ideal, beide Faktoren mit einer Ma\u00dfnahme zu optimieren. Wer also im gut ged\u00e4mmten Drinnen weniger vom lauten Drau\u00dfen mitbekommen m\u00f6chte, sollte sich f\u00fcr eine vorgeh\u00e4ngte hinterl\u00fcftete Fassade (VHF) entscheiden. Diese Konstruktion, die die Fassadenbekleidung von der tragenden Wand entkoppelt, tr\u00e4gt deutlicher als bisher bekannt zur Verbesserung des Schallschutzes von Au\u00dfenw\u00e4nden bei. In Abh\u00e4ngigkeit von der Dicke der offenporigen D\u00e4mmung, von der Masse der Bekleidung und dem Anteil offener Fugen kann eine VHF \u2013 nach aktuellen Messungen der ita Ingenieurgesellschaft, Wiesbaden \u2013 das Schalld\u00e4mmma\u00df R\u2019w um bis zu 18 dB steigern. (Eine L\u00e4rmreduktion um 10 dB halbiert bereits das subjektive Lautst\u00e4rkeempfinden).<\/p>\n<p>Da VHF-Systeme wie StoVentec besseren Schallschutz als andere Fassadend\u00e4mmsysteme auf Massivw\u00e4nden erzielen (belegt durch externe Gutachten), sind sie das Mittel der Wahl bei besonderen Anforderungen an die Schalld\u00e4mmung; sei es in der N\u00e4he starker Verkehrsfl\u00fcsse oder an Schulen, Verwaltungsbauten oder Krankenh\u00e4usern. Dasselbe gilt \u2013 umgekehrt \u2013 beim Immissionsschutz, wenn also beispielsweise L\u00e4rm in Gewerbebauten nicht nach au\u00dfen gelangen soll.<\/p>\n<p>Das langzeitbew\u00e4hrte VHF-System StoVentec \u00fcberzeugt mit einer w\u00e4rmebr\u00fcckenfreien Unterkonstruktion und mehreren Varianten f\u00fcr die Gestaltung der Fassadenoberfl\u00e4che. StoVentec R, eine Version mit fugenloser Putzbeschichtung, verbessert beispielsweise das Schalld\u00e4mmma\u00df um 12 dB. Mit StoVentec S, dessen Oberfl\u00e4che von Natursteinfliesen auf Tr\u00e4gerplatten aus Bl\u00e4hglasgranulat gebildet wird, l\u00e4sst sich die Schalld\u00e4mmleistung um 14 dB steigern, und StoVentec Glass, die VHF mit gro\u00dfformatigen Paneelen aus ESG-Sicherheitsglas, erreicht 18 dB.<\/p>\n<p>&nbsp;<\/p>\n<hr \/>\n<p>&nbsp;<\/p>\n<p><a href=\"http:\/\/www.pr-neu.de\/newsroom\/wordpress\/wp-content\/uploads\/2021\/10\/21-32_Fassade_K.jpg\" target=\"_blank\" rel=\"noopener\"><img loading=\"lazy\" decoding=\"async\" class=\"aligncenter wp-image-14515 size-medium\" src=\"http:\/\/www.pr-neu.de\/newsroom\/wordpress\/wp-content\/uploads\/2021\/10\/21-32_Fassade_K-300x225.jpg\" alt=\"\" width=\"300\" height=\"225\" srcset=\"https:\/\/www.pr-neu.de\/newsroom\/wordpress\/wp-content\/uploads\/2021\/10\/21-32_Fassade_K-300x225.jpg 300w, https:\/\/www.pr-neu.de\/newsroom\/wordpress\/wp-content\/uploads\/2021\/10\/21-32_Fassade_K-1024x768.jpg 1024w, https:\/\/www.pr-neu.de\/newsroom\/wordpress\/wp-content\/uploads\/2021\/10\/21-32_Fassade_K-768x576.jpg 768w, https:\/\/www.pr-neu.de\/newsroom\/wordpress\/wp-content\/uploads\/2021\/10\/21-32_Fassade_K-1536x1152.jpg 1536w, https:\/\/www.pr-neu.de\/newsroom\/wordpress\/wp-content\/uploads\/2021\/10\/21-32_Fassade_K-2048x1536.jpg 2048w, https:\/\/www.pr-neu.de\/newsroom\/wordpress\/wp-content\/uploads\/2021\/10\/21-32_Fassade_K-110x83.jpg 110w, https:\/\/www.pr-neu.de\/newsroom\/wordpress\/wp-content\/uploads\/2021\/10\/21-32_Fassade_K-420x315.jpg 420w, https:\/\/www.pr-neu.de\/newsroom\/wordpress\/wp-content\/uploads\/2021\/10\/21-32_Fassade_K-573x430.jpg 573w\" sizes=\"auto, (max-width: 300px) 100vw, 300px\" \/><\/a><\/p>\n<p style=\"text-align: center;\"><em>Die wei\u00dfen und anthrazitfarbenen Glaspaneele des VHF-Systems gliedern <\/em><br \/>\n<em>den Bauk\u00f6rper und sch\u00fctzen vor Witterungseinfl\u00fcssen und L\u00e4rm. Das System <\/em><br \/>\n<em>StoVentec verbessert den Schallschutz des Au\u00dfenwand um bis zu 18 dB.<\/em><\/p>\n<p style=\"text-align: center;\">Foto: Fotodesign G\u00fcnther \/ Sto SE &amp; Co. KGaA<\/p>\n<p>&nbsp;<\/p>\n<hr \/>\n<p>&nbsp;<\/p>\n<p>Abdruck honorarfrei, Belegexemplar erbeten.<\/p>\n","protected":false},"excerpt":{"rendered":"<p>Sto SE &amp; Co. KGaA: Schallschutz mit StoVentec VHF-Systemen Vorgeh\u00e4ngte hinterl\u00fcftete Fassaden (VHF) dienen nicht nur der architektonischen Gestaltung und dem Witterungs- und W\u00e4rmeschutz, sie verbessern auch den Schallschutz eines Geb\u00e4udes. Das System StoVentec erreicht bis zu 18 dB L\u00e4rmminderung. Zum Wohnkomfort tragen die thermische und schalltechnische Behaglichkeit besonders bei. Da ist es ideal, beide [&hellip;]<\/p>\n","protected":false},"author":6,"featured_media":14515,"comment_status":"closed","ping_status":"open","sticky":false,"template":"","format":"standard","meta":{"footnotes":""},"categories":[15],"tags":[187,504,538,612],"class_list":["post-14514","post","type-post","status-publish","format-standard","has-post-thumbnail","hentry","category-sto","tag-fassade","tag-sto-2","tag-stoventec","tag-vhf"],"_links":{"self":[{"href":"https:\/\/www.pr-neu.de\/newsroom\/wp-json\/wp\/v2\/posts\/14514","targetHints":{"allow":["GET"]}}],"collection":[{"href":"https:\/\/www.pr-neu.de\/newsroom\/wp-json\/wp\/v2\/posts"}],"about":[{"href":"https:\/\/www.pr-neu.de\/newsroom\/wp-json\/wp\/v2\/types\/post"}],"author":[{"embeddable":true,"href":"https:\/\/www.pr-neu.de\/newsroom\/wp-json\/wp\/v2\/users\/6"}],"replies":[{"embeddable":true,"href":"https:\/\/www.pr-neu.de\/newsroom\/wp-json\/wp\/v2\/comments?post=14514"}],"version-history":[{"count":1,"href":"https:\/\/www.pr-neu.de\/newsroom\/wp-json\/wp\/v2\/posts\/14514\/revisions"}],"predecessor-version":[{"id":14518,"href":"https:\/\/www.pr-neu.de\/newsroom\/wp-json\/wp\/v2\/posts\/14514\/revisions\/14518"}],"wp:featuredmedia":[{"embeddable":true,"href":"https:\/\/www.pr-neu.de\/newsroom\/wp-json\/wp\/v2\/media\/14515"}],"wp:attachment":[{"href":"https:\/\/www.pr-neu.de\/newsroom\/wp-json\/wp\/v2\/media?parent=14514"}],"wp:term":[{"taxonomy":"category","embeddable":true,"href":"https:\/\/www.pr-neu.de\/newsroom\/wp-json\/wp\/v2\/categories?post=14514"},{"taxonomy":"post_tag","embeddable":true,"href":"https:\/\/www.pr-neu.de\/newsroom\/wp-json\/wp\/v2\/tags?post=14514"}],"curies":[{"name":"wp","href":"https:\/\/api.w.org\/{rel}","templated":true}]}}