{"id":14505,"date":"2021-10-18T11:17:31","date_gmt":"2021-10-18T09:17:31","guid":{"rendered":"https:\/\/www.pr-neu.de\/newsroom\/?p=14505"},"modified":"2021-10-18T11:17:53","modified_gmt":"2021-10-18T09:17:53","slug":"haus-der-bayerischen-geschichte","status":"publish","type":"post","link":"https:\/\/www.pr-neu.de\/newsroom\/haus-der-bayerischen-geschichte\/","title":{"rendered":"Haus der Bayerischen Geschichte"},"content":{"rendered":"<p><u>Perfekte Akustik im Museum<\/u><\/p>\n<p><strong>Das \u201eHaus der bayerischen Geschichte\u201c, ein neues Museum in Regensburg, verliert sich nicht in Protz und leeren Gesten. Vielmehr harmoniert es mit seiner pittoresken Umgebung \u2013 der mittelalterlich gepr\u00e4gten Altstadt, die seit 2006 Teil des UNESCO-Welterbes ist. Das B\u00fcro w\u00f6rner traxler richter gewann den internationalen Architekturwettbewerb mit einem Entwurf, der alle Vorgaben erf\u00fcllte, neue Verbindungsachsen schuf und die Grundlage f\u00fcr eindrucksvolle Ausstellungsfl\u00e4chen legte.<\/strong><\/p>\n<p>Von der Gr\u00fcndung des K\u00f6nigreichs Bayern 1806 bis in die Gegenwart reicht die Erz\u00e4hlung des 2019 er\u00f6ffneten \u201eHaus der Bayerischen Geschichte\u201c. Am Ufer der Donau reiht es sich ein zwischen die H\u00e4user und Gassen der unter dem Schutz der UNESCO stehenden Regensburger Altstadt und den im 15. Jahrhundert erbauten Dom. Hervorgegangen ist der Museumsbau aus einem 2013 ausgeschriebenen internationalen Wettbewerb.<\/p>\n<p>Der Entwurf von w\u00f6rner traxler richter fand in den Augen der Jury die \u00fcberzeugendsten Antworten auf die besondere Situation und die Vorgaben. Die Architekten strebten eine skulpturale Gro\u00dfform an, die sich aus dem Kontext der mittelalterlich gepr\u00e4gten Altstadt ableitet. Ihnen gelang die authentische Einbindung des Geb\u00e4udes in die gewachsene, historische Dachlandschaft. Da das Dachtragwerk als leichte, weitgespannte Stahlkonstruktion geplant ist, war es m\u00f6glich, die gew\u00fcnschte st\u00fctzenfreie, 2.500 Quadratmeter umfassende Dauerausstellungsfl\u00e4che Wirklichkeit werden zu lassen.<\/p>\n<p>Das Museum entstand auf dem Areal einer ehemaligen Lagerhalle, die im Zweiten Weltkrieg besch\u00e4digt und in der Folgezeit abgerissen wurde. Mit der Bebauung wurde die Leerstelle im Stadtbild geschlossen und zugleich entstand eine Schnittstelle zwischen dem offenen Landschaftsraum der Donau und der pittoresken Altstadt. Die Architekten entschieden sich f\u00fcr eine Keramikfassade, die das skulpturale Erscheinungsbild des Geb\u00e4udek\u00f6rpers hervorhebt und in ihrer Farbigkeit an die r\u00f6mischen Befestigungsanlagen erinnert, aus denen Regensburg einst entstand. Von au\u00dfen \u00fcberwiegt ein geschlossener Charakter, der f\u00fcr den n\u00f6tigen Schutz der Ausstellungsst\u00fccke vor einem Zuviel an Tageslicht sorgt. Eindrucksvolle Abwechslung bieten die \u00d6ffnungen zu Stadt und Donau sowie das identit\u00e4tsstiftende, gro\u00dfe Fenster zum Dom.<\/p>\n<p>Beim Betreten des Museums gelangen die Besucher in das gro\u00dfz\u00fcgige Atrium. Dieses Foyer ist frei zug\u00e4nglich und verbindet als \u00f6ffentliche Passage die Stadt mit dem Fluss. Die hell verputzten W\u00e4nde und breit gerahmten Fenster erinnern an eine Stra\u00dfenfassade und \u00fcberf\u00fchren die historische Gassen- und Platzstruktur in die Museumsarchitektur. Im Erdgeschoss findet der Besucher einen Schauraum mit 3-D-Projektionen, R\u00e4ume f\u00fcr Sonderausstellungen und Veranstaltungen, den Museumsshop sowie ein Wirtshaus.<\/p>\n<p>W\u00e4hrend im ersten Obergeschoss Angebote der Museumsp\u00e4dagogik zentriert sind, ist das zweite Obergeschoss, das \u00fcber eine Rolltreppe im geb\u00e4udehoch lichtdurchfluteten Foyer erreicht wird, f\u00fcr die Dauerausstellung konzipiert. Mit HG Merz aus Berlin und Jangled Nerves aus Stuttgart zeichnen f\u00fcr die Ausstellungsgestaltung zwei prominente B\u00fcros verantwortlich.<\/p>\n<p>Kaum zu h\u00f6ren ist ein Detail an den Decken: Um dem Betrachten und Erkennen eine ruhige Atmosph\u00e4re zu geben, ist das Museum mit akustisch wirksamen Decken ausgestattet. Das nicht brennbare (A2, s1-d0) System StoSilent Distance S, das bis zu 200 Quadratmeter fugenlos verlegt werden kann, zeigt dabei seine Variabilit\u00e4t: Die unterschiedlichen Schlussbeschichtungen lie\u00dfen es zu, dass sich die Deckenarchitektur harmonisch in das Gesamtkonzept der Gestaltung einf\u00fcgt.<\/p>\n<p>&nbsp;<\/p>\n<hr \/>\n<p>&nbsp;<\/p>\n<p>K A S T E N<br \/>\n<strong>Bautafel<\/strong><\/p>\n<p><strong>Bauherr<\/strong><br \/>\nStaatl. Bauamt Regensburg<br \/>\n<strong>Architekt<\/strong><br \/>\nw\u00f6rner traxler richter planungsgesellschaft, Frankfurt am Main<br \/>\n<strong>Standort<\/strong><br \/>\nDonaumarkt 1, Regensburg<br \/>\n<strong>Sto-Kompetenzen<\/strong><br \/>\nAkustikdeckensystem (StoSilent Distance S) mit unterschiedlichen Schlussbeschichtungen<br \/>\n<strong>Fachhandwerker<\/strong><br \/>\nAkustik-, Stuck- und Trockenbau Sommer, Kirchdorf<br \/>\nReiner Pock Malereibetrieb, Langenaltheim<\/p>\n<p>&nbsp;<\/p>\n<hr \/>\n<p>&nbsp;<\/p>\n<p><a href=\"http:\/\/www.pr-neu.de\/newsroom\/wordpress\/wp-content\/uploads\/2021\/10\/21-30_Aussenansicht_K.jpg\" target=\"_blank\" rel=\"noopener\"><img loading=\"lazy\" decoding=\"async\" class=\"aligncenter wp-image-14508 size-medium\" src=\"http:\/\/www.pr-neu.de\/newsroom\/wordpress\/wp-content\/uploads\/2021\/10\/21-30_Aussenansicht_K-300x200.jpg\" alt=\"\" width=\"300\" height=\"200\" srcset=\"https:\/\/www.pr-neu.de\/newsroom\/wordpress\/wp-content\/uploads\/2021\/10\/21-30_Aussenansicht_K-300x200.jpg 300w, https:\/\/www.pr-neu.de\/newsroom\/wordpress\/wp-content\/uploads\/2021\/10\/21-30_Aussenansicht_K-1024x683.jpg 1024w, https:\/\/www.pr-neu.de\/newsroom\/wordpress\/wp-content\/uploads\/2021\/10\/21-30_Aussenansicht_K-768x512.jpg 768w, https:\/\/www.pr-neu.de\/newsroom\/wordpress\/wp-content\/uploads\/2021\/10\/21-30_Aussenansicht_K-1536x1024.jpg 1536w, https:\/\/www.pr-neu.de\/newsroom\/wordpress\/wp-content\/uploads\/2021\/10\/21-30_Aussenansicht_K-2048x1365.jpg 2048w, https:\/\/www.pr-neu.de\/newsroom\/wordpress\/wp-content\/uploads\/2021\/10\/21-30_Aussenansicht_K-110x73.jpg 110w, https:\/\/www.pr-neu.de\/newsroom\/wordpress\/wp-content\/uploads\/2021\/10\/21-30_Aussenansicht_K-420x280.jpg 420w, https:\/\/www.pr-neu.de\/newsroom\/wordpress\/wp-content\/uploads\/2021\/10\/21-30_Aussenansicht_K-645x430.jpg 645w\" sizes=\"auto, (max-width: 300px) 100vw, 300px\" \/><\/a><\/p>\n<p style=\"text-align: center;\"><em>Von au\u00dfen \u00fcberwiegt der geschlossene Charakter, Ausnahmen bilden <\/em><br \/>\n<em>die gro\u00dfz\u00fcgigen Fenster\u00f6ffnungen Richtung Stadt, Donau und Dom.<\/em><\/p>\n<p>&nbsp;<\/p>\n<p><a href=\"http:\/\/www.pr-neu.de\/newsroom\/wordpress\/wp-content\/uploads\/2021\/10\/21-30_Foyer_K.jpg\" target=\"_blank\" rel=\"noopener\"><img loading=\"lazy\" decoding=\"async\" class=\"aligncenter wp-image-14509 size-medium\" src=\"http:\/\/www.pr-neu.de\/newsroom\/wordpress\/wp-content\/uploads\/2021\/10\/21-30_Foyer_K-300x206.jpg\" alt=\"\" width=\"300\" height=\"206\" srcset=\"https:\/\/www.pr-neu.de\/newsroom\/wordpress\/wp-content\/uploads\/2021\/10\/21-30_Foyer_K-300x206.jpg 300w, https:\/\/www.pr-neu.de\/newsroom\/wordpress\/wp-content\/uploads\/2021\/10\/21-30_Foyer_K-1024x702.jpg 1024w, https:\/\/www.pr-neu.de\/newsroom\/wordpress\/wp-content\/uploads\/2021\/10\/21-30_Foyer_K-768x527.jpg 768w, https:\/\/www.pr-neu.de\/newsroom\/wordpress\/wp-content\/uploads\/2021\/10\/21-30_Foyer_K-1536x1053.jpg 1536w, https:\/\/www.pr-neu.de\/newsroom\/wordpress\/wp-content\/uploads\/2021\/10\/21-30_Foyer_K-2048x1405.jpg 2048w, https:\/\/www.pr-neu.de\/newsroom\/wordpress\/wp-content\/uploads\/2021\/10\/21-30_Foyer_K-110x75.jpg 110w, https:\/\/www.pr-neu.de\/newsroom\/wordpress\/wp-content\/uploads\/2021\/10\/21-30_Foyer_K-420x288.jpg 420w, https:\/\/www.pr-neu.de\/newsroom\/wordpress\/wp-content\/uploads\/2021\/10\/21-30_Foyer_K-627x430.jpg 627w\" sizes=\"auto, (max-width: 300px) 100vw, 300px\" \/><\/a><\/p>\n<p style=\"text-align: center;\"><em>Im geb\u00e4udehohen, lichtdurchfluteten Foyer erinnern die hell verputzten <\/em><br \/>\n<em>W\u00e4nde mit ihren gerahmten Fenster\u00f6ffnungen an eine Stra\u00dfenfassade.<\/em><\/p>\n<p>&nbsp;<\/p>\n<p><a href=\"http:\/\/www.pr-neu.de\/newsroom\/wordpress\/wp-content\/uploads\/2021\/10\/21-30_Akustikdecke_K.jpg\" target=\"_blank\" rel=\"noopener\"><img loading=\"lazy\" decoding=\"async\" class=\"aligncenter wp-image-14510 size-medium\" src=\"http:\/\/www.pr-neu.de\/newsroom\/wordpress\/wp-content\/uploads\/2021\/10\/21-30_Akustikdecke_K-300x200.jpg\" alt=\"\" width=\"300\" height=\"200\" srcset=\"https:\/\/www.pr-neu.de\/newsroom\/wordpress\/wp-content\/uploads\/2021\/10\/21-30_Akustikdecke_K-300x200.jpg 300w, https:\/\/www.pr-neu.de\/newsroom\/wordpress\/wp-content\/uploads\/2021\/10\/21-30_Akustikdecke_K-1024x683.jpg 1024w, https:\/\/www.pr-neu.de\/newsroom\/wordpress\/wp-content\/uploads\/2021\/10\/21-30_Akustikdecke_K-768x512.jpg 768w, https:\/\/www.pr-neu.de\/newsroom\/wordpress\/wp-content\/uploads\/2021\/10\/21-30_Akustikdecke_K-1536x1024.jpg 1536w, https:\/\/www.pr-neu.de\/newsroom\/wordpress\/wp-content\/uploads\/2021\/10\/21-30_Akustikdecke_K-2048x1365.jpg 2048w, https:\/\/www.pr-neu.de\/newsroom\/wordpress\/wp-content\/uploads\/2021\/10\/21-30_Akustikdecke_K-110x73.jpg 110w, https:\/\/www.pr-neu.de\/newsroom\/wordpress\/wp-content\/uploads\/2021\/10\/21-30_Akustikdecke_K-420x280.jpg 420w, https:\/\/www.pr-neu.de\/newsroom\/wordpress\/wp-content\/uploads\/2021\/10\/21-30_Akustikdecke_K-645x430.jpg 645w\" sizes=\"auto, (max-width: 300px) 100vw, 300px\" \/><\/a><\/p>\n<p style=\"text-align: center;\"><em>Blick nach oben auf die Akustikdecke und das Glasdach.<\/em><\/p>\n<p style=\"text-align: center;\">Bilder: Boris Storz, M\u00fcnchen \/ Sto SE &amp; Co. KGaA<\/p>\n<p>&nbsp;<\/p>\n<hr \/>\n<p>&nbsp;<\/p>\n<p>Abdruck honorarfrei, Belegexemplar erbeten.<\/p>\n","protected":false},"excerpt":{"rendered":"<p>Perfekte Akustik im Museum Das \u201eHaus der bayerischen Geschichte\u201c, ein neues Museum in Regensburg, verliert sich nicht in Protz und leeren Gesten. Vielmehr harmoniert es mit seiner pittoresken Umgebung \u2013 der mittelalterlich gepr\u00e4gten Altstadt, die seit 2006 Teil des UNESCO-Welterbes ist. Das B\u00fcro w\u00f6rner traxler richter gewann den internationalen Architekturwettbewerb mit einem Entwurf, der alle [&hellip;]<\/p>\n","protected":false},"author":6,"featured_media":14508,"comment_status":"closed","ping_status":"open","sticky":false,"template":"","format":"standard","meta":{"footnotes":""},"categories":[15],"tags":[1719,1721,1715,1713,504,1717],"class_list":["post-14505","post","type-post","status-publish","format-standard","has-post-thumbnail","hentry","category-sto","tag-akustik","tag-decke","tag-haus-der-bayerischen-geschichte","tag-museum","tag-sto-2","tag-unesco-welterbe"],"_links":{"self":[{"href":"https:\/\/www.pr-neu.de\/newsroom\/wp-json\/wp\/v2\/posts\/14505","targetHints":{"allow":["GET"]}}],"collection":[{"href":"https:\/\/www.pr-neu.de\/newsroom\/wp-json\/wp\/v2\/posts"}],"about":[{"href":"https:\/\/www.pr-neu.de\/newsroom\/wp-json\/wp\/v2\/types\/post"}],"author":[{"embeddable":true,"href":"https:\/\/www.pr-neu.de\/newsroom\/wp-json\/wp\/v2\/users\/6"}],"replies":[{"embeddable":true,"href":"https:\/\/www.pr-neu.de\/newsroom\/wp-json\/wp\/v2\/comments?post=14505"}],"version-history":[{"count":2,"href":"https:\/\/www.pr-neu.de\/newsroom\/wp-json\/wp\/v2\/posts\/14505\/revisions"}],"predecessor-version":[{"id":14513,"href":"https:\/\/www.pr-neu.de\/newsroom\/wp-json\/wp\/v2\/posts\/14505\/revisions\/14513"}],"wp:featuredmedia":[{"embeddable":true,"href":"https:\/\/www.pr-neu.de\/newsroom\/wp-json\/wp\/v2\/media\/14508"}],"wp:attachment":[{"href":"https:\/\/www.pr-neu.de\/newsroom\/wp-json\/wp\/v2\/media?parent=14505"}],"wp:term":[{"taxonomy":"category","embeddable":true,"href":"https:\/\/www.pr-neu.de\/newsroom\/wp-json\/wp\/v2\/categories?post=14505"},{"taxonomy":"post_tag","embeddable":true,"href":"https:\/\/www.pr-neu.de\/newsroom\/wp-json\/wp\/v2\/tags?post=14505"}],"curies":[{"name":"wp","href":"https:\/\/api.w.org\/{rel}","templated":true}]}}