{"id":14492,"date":"2021-10-18T11:08:43","date_gmt":"2021-10-18T09:08:43","guid":{"rendered":"https:\/\/www.pr-neu.de\/newsroom\/?p=14492"},"modified":"2021-10-18T11:09:05","modified_gmt":"2021-10-18T09:09:05","slug":"denkmalschutz-kur-fuer-den-alten-pfarrhof","status":"publish","type":"post","link":"https:\/\/www.pr-neu.de\/newsroom\/denkmalschutz-kur-fuer-den-alten-pfarrhof\/","title":{"rendered":"Denkmalschutz-Kur f\u00fcr den alten Pfarrhof"},"content":{"rendered":"<p><u>Fassade saniert \u2013 ohne Biozide<\/u><\/p>\n<p><strong>Behutsam saniert: Ein mehr als 300 Jahre alter Pfarrhof, lange Zeit nicht mehr instand gehalten, erhielt eine umfassende Frischzellenkur. F\u00fcr die Fassade galt es, einen Aufbau zu w\u00e4hlen, der die alte Bausubstanz sch\u00fctzt und optisch passt. Daher entschieden sich die Bauprofis f\u00fcr eine hoch wasserdampfdurchl\u00e4ssige, mineralische Fassadenfarbe (StoColor Solical), die das historische Geb\u00e4ude nun vor der Witterung sch\u00fctzt. Auch f\u00fcr die weitere Instandsetzung der Fassade ist der Aufbau stets rein mineralisch gew\u00e4hlt.<\/strong><\/p>\n<p>Zwischen Augsburg und Ingolstadt, im Dorf Gro\u00dfhausen, liegt der mehr als 300 Jahre alte Pfarrhof. Noch bis 1969 als Pfarrhaus bewohnt, zerfiel der barocke Bau zusehends \u2013 die Di\u00f6zese Augsburg als Eigent\u00fcmerin schien keine rechte Verwendung mehr zu haben.<\/p>\n<p>Heute pr\u00e4sentiert sich das zweigeschossige Geb\u00e4ude wieder in einem Top-Zustand. Sofie Held, eine junge Frau aus Aichach, erwarb den Pfarrhof und arbeitet seitdem an der Wiederbelebung. An ihrer Seite stehen zwei Profis: Die Stuckateurmeister Peter Held und Robert Held, Vater und Gro\u00dfvater der neuen Eigent\u00fcmerin.<\/p>\n<p>Das barocke Kehlbalkendach ist gereinigt und ert\u00fcchtigt, die Eindeckung erneuert. Auch die Fassaden sind wieder in Bestform, zweifarbig gefasst und mit ungew\u00f6hnlichen Faschen versehen. \u201eDie Faschen waren verschwunden, wurden aber vom Gutachter gefunden und dokumentiert. Also haben wir sie wieder realisiert\u201c, so Sofie Held. Das hat auch das Landesamt f\u00fcr Denkmalpflege so gesehen, das sich intensiv mit den Helds um konstruktive L\u00f6sungen bem\u00fcht hat.<\/p>\n<p><strong>Bauzeitlicher und neuer Putz<\/strong><\/p>\n<p>\u201eDie Ma\u00dfgabe beim Fassadenputz war, dass wir den bauzeitlichen Originalputz dort erhalten, wo er tragf\u00e4hig und fest ist.\u201c So wurden rund 40 Prozent des historischen Putzes bewahrt. Die abgenommenen Fl\u00e4chen wurden neu aufgebaut und vollfl\u00e4chig mit dem W\u00e4rmed\u00e4mmputz StoMiral \u00fcberarbeitet, der f\u00fcr ein angenehmes Innenklima sorgen wird. Auf diese sechs Zentimeter starke Unterputzschicht folgte die Armierung aus StoLevell Novo mit einem Glasfasergewebe. Der Oberputz schlie\u00dflich ist der feinstk\u00f6rnige StoMiral MP, der bei der Verarbeitung eingewaschen und somit kaum strukturiert wurde. \u201eWir wollten das alles so mineralisch wie m\u00f6glich ausf\u00fchren, auch weil es der Bauphysik des alten Geb\u00e4udes am ehesten entspricht\u201c, sagt Peter Held. Daher nutzten die Stuckateure StoColor Solical f\u00fcr die zweifarbige Deckbeschichtung. Die matt auftrocknende Fassadenfarbe basiert auf Silikat-Kieselsol, kommt ohne biozide Filmschutzmittel aus und ist hoch wasserdampfdurchl\u00e4ssig \u2013 optisch und funktional also ideal f\u00fcr ein historisches Geb\u00e4ude.<\/p>\n<p>&nbsp;<\/p>\n<hr \/>\n<p>&nbsp;<\/p>\n<p style=\"text-align: center;\"><a href=\"http:\/\/www.pr-neu.de\/newsroom\/wordpress\/wp-content\/uploads\/2021\/10\/21-31_Pfarrhof_Vorher_K.jpg\" target=\"_blank\" rel=\"noopener\"><img loading=\"lazy\" decoding=\"async\" class=\"wp-image-14495 size-medium\" src=\"http:\/\/www.pr-neu.de\/newsroom\/wordpress\/wp-content\/uploads\/2021\/10\/21-31_Pfarrhof_Vorher_K-225x300.jpg\" alt=\"\" width=\"225\" height=\"300\" srcset=\"https:\/\/www.pr-neu.de\/newsroom\/wordpress\/wp-content\/uploads\/2021\/10\/21-31_Pfarrhof_Vorher_K-225x300.jpg 225w, https:\/\/www.pr-neu.de\/newsroom\/wordpress\/wp-content\/uploads\/2021\/10\/21-31_Pfarrhof_Vorher_K-768x1024.jpg 768w, https:\/\/www.pr-neu.de\/newsroom\/wordpress\/wp-content\/uploads\/2021\/10\/21-31_Pfarrhof_Vorher_K-1152x1536.jpg 1152w, https:\/\/www.pr-neu.de\/newsroom\/wordpress\/wp-content\/uploads\/2021\/10\/21-31_Pfarrhof_Vorher_K-1536x2048.jpg 1536w, https:\/\/www.pr-neu.de\/newsroom\/wordpress\/wp-content\/uploads\/2021\/10\/21-31_Pfarrhof_Vorher_K-83x110.jpg 83w, https:\/\/www.pr-neu.de\/newsroom\/wordpress\/wp-content\/uploads\/2021\/10\/21-31_Pfarrhof_Vorher_K-315x420.jpg 315w, https:\/\/www.pr-neu.de\/newsroom\/wordpress\/wp-content\/uploads\/2021\/10\/21-31_Pfarrhof_Vorher_K-323x430.jpg 323w, https:\/\/www.pr-neu.de\/newsroom\/wordpress\/wp-content\/uploads\/2021\/10\/21-31_Pfarrhof_Vorher_K.jpg 1800w\" sizes=\"auto, (max-width: 225px) 100vw, 225px\" \/><\/a><\/p>\n<p style=\"text-align: center;\"><em>Der alte Pfarrhof vor der Sanierung.<\/em><br \/>\nFoto: Sofie Held<\/p>\n<p>&nbsp;<\/p>\n<p><a href=\"http:\/\/www.pr-neu.de\/newsroom\/wordpress\/wp-content\/uploads\/2021\/10\/21-31_Fassade_K.jpg\" target=\"_blank\" rel=\"noopener\"><img loading=\"lazy\" decoding=\"async\" class=\"aligncenter wp-image-14497 size-medium\" src=\"http:\/\/www.pr-neu.de\/newsroom\/wordpress\/wp-content\/uploads\/2021\/10\/21-31_Fassade_K-300x200.jpg\" alt=\"\" width=\"300\" height=\"200\" srcset=\"https:\/\/www.pr-neu.de\/newsroom\/wordpress\/wp-content\/uploads\/2021\/10\/21-31_Fassade_K-300x200.jpg 300w, https:\/\/www.pr-neu.de\/newsroom\/wordpress\/wp-content\/uploads\/2021\/10\/21-31_Fassade_K-1024x683.jpg 1024w, https:\/\/www.pr-neu.de\/newsroom\/wordpress\/wp-content\/uploads\/2021\/10\/21-31_Fassade_K-768x512.jpg 768w, https:\/\/www.pr-neu.de\/newsroom\/wordpress\/wp-content\/uploads\/2021\/10\/21-31_Fassade_K-1536x1024.jpg 1536w, https:\/\/www.pr-neu.de\/newsroom\/wordpress\/wp-content\/uploads\/2021\/10\/21-31_Fassade_K-2048x1365.jpg 2048w, https:\/\/www.pr-neu.de\/newsroom\/wordpress\/wp-content\/uploads\/2021\/10\/21-31_Fassade_K-110x73.jpg 110w, https:\/\/www.pr-neu.de\/newsroom\/wordpress\/wp-content\/uploads\/2021\/10\/21-31_Fassade_K-420x280.jpg 420w, https:\/\/www.pr-neu.de\/newsroom\/wordpress\/wp-content\/uploads\/2021\/10\/21-31_Fassade_K-645x430.jpg 645w\" sizes=\"auto, (max-width: 300px) 100vw, 300px\" \/><\/a><\/p>\n<p style=\"text-align: center;\"><a href=\"http:\/\/www.pr-neu.de\/newsroom\/wordpress\/wp-content\/uploads\/2021\/10\/21-31_Pfarrhof_Nachher_K.jpg\" target=\"_blank\" rel=\"noopener\"><img loading=\"lazy\" decoding=\"async\" class=\"wp-image-14494 size-medium\" src=\"http:\/\/www.pr-neu.de\/newsroom\/wordpress\/wp-content\/uploads\/2021\/10\/21-31_Pfarrhof_Nachher_K-300x226.jpg\" alt=\"\" width=\"300\" height=\"226\" srcset=\"https:\/\/www.pr-neu.de\/newsroom\/wordpress\/wp-content\/uploads\/2021\/10\/21-31_Pfarrhof_Nachher_K-300x226.jpg 300w, https:\/\/www.pr-neu.de\/newsroom\/wordpress\/wp-content\/uploads\/2021\/10\/21-31_Pfarrhof_Nachher_K-1024x772.jpg 1024w, https:\/\/www.pr-neu.de\/newsroom\/wordpress\/wp-content\/uploads\/2021\/10\/21-31_Pfarrhof_Nachher_K-768x579.jpg 768w, https:\/\/www.pr-neu.de\/newsroom\/wordpress\/wp-content\/uploads\/2021\/10\/21-31_Pfarrhof_Nachher_K-1536x1158.jpg 1536w, https:\/\/www.pr-neu.de\/newsroom\/wordpress\/wp-content\/uploads\/2021\/10\/21-31_Pfarrhof_Nachher_K-2048x1544.jpg 2048w, https:\/\/www.pr-neu.de\/newsroom\/wordpress\/wp-content\/uploads\/2021\/10\/21-31_Pfarrhof_Nachher_K-110x83.jpg 110w, https:\/\/www.pr-neu.de\/newsroom\/wordpress\/wp-content\/uploads\/2021\/10\/21-31_Pfarrhof_Nachher_K-420x317.jpg 420w, https:\/\/www.pr-neu.de\/newsroom\/wordpress\/wp-content\/uploads\/2021\/10\/21-31_Pfarrhof_Nachher_K-570x430.jpg 570w\" sizes=\"auto, (max-width: 300px) 100vw, 300px\" \/><\/a><\/p>\n<p style=\"text-align: center;\"><a href=\"http:\/\/www.pr-neu.de\/newsroom\/wordpress\/wp-content\/uploads\/2021\/10\/21-31-Pfarrhof-Fenster_K.jpg\" target=\"_blank\" rel=\"noopener\"><img loading=\"lazy\" decoding=\"async\" class=\"aligncenter wp-image-14496 size-medium\" src=\"http:\/\/www.pr-neu.de\/newsroom\/wordpress\/wp-content\/uploads\/2021\/10\/21-31-Pfarrhof-Fenster_K-200x300.jpg\" alt=\"\" width=\"200\" height=\"300\" srcset=\"https:\/\/www.pr-neu.de\/newsroom\/wordpress\/wp-content\/uploads\/2021\/10\/21-31-Pfarrhof-Fenster_K-200x300.jpg 200w, https:\/\/www.pr-neu.de\/newsroom\/wordpress\/wp-content\/uploads\/2021\/10\/21-31-Pfarrhof-Fenster_K-683x1024.jpg 683w, https:\/\/www.pr-neu.de\/newsroom\/wordpress\/wp-content\/uploads\/2021\/10\/21-31-Pfarrhof-Fenster_K-768x1152.jpg 768w, https:\/\/www.pr-neu.de\/newsroom\/wordpress\/wp-content\/uploads\/2021\/10\/21-31-Pfarrhof-Fenster_K-1024x1536.jpg 1024w, https:\/\/www.pr-neu.de\/newsroom\/wordpress\/wp-content\/uploads\/2021\/10\/21-31-Pfarrhof-Fenster_K-1365x2048.jpg 1365w, https:\/\/www.pr-neu.de\/newsroom\/wordpress\/wp-content\/uploads\/2021\/10\/21-31-Pfarrhof-Fenster_K-73x110.jpg 73w, https:\/\/www.pr-neu.de\/newsroom\/wordpress\/wp-content\/uploads\/2021\/10\/21-31-Pfarrhof-Fenster_K-280x420.jpg 280w, https:\/\/www.pr-neu.de\/newsroom\/wordpress\/wp-content\/uploads\/2021\/10\/21-31-Pfarrhof-Fenster_K-287x430.jpg 287w, https:\/\/www.pr-neu.de\/newsroom\/wordpress\/wp-content\/uploads\/2021\/10\/21-31-Pfarrhof-Fenster_K.jpg 1600w\" sizes=\"auto, (max-width: 200px) 100vw, 200px\" \/><\/a><\/p>\n<p style=\"text-align: center;\"><a href=\"http:\/\/www.pr-neu.de\/newsroom\/wordpress\/wp-content\/uploads\/2021\/10\/21-31_Fassade_Nahaufnahme_K.jpg\" target=\"_blank\" rel=\"noopener\"><img loading=\"lazy\" decoding=\"async\" class=\"wp-image-14498 size-medium\" src=\"http:\/\/www.pr-neu.de\/newsroom\/wordpress\/wp-content\/uploads\/2021\/10\/21-31_Fassade_Nahaufnahme_K-300x168.jpg\" alt=\"\" width=\"300\" height=\"168\" srcset=\"https:\/\/www.pr-neu.de\/newsroom\/wordpress\/wp-content\/uploads\/2021\/10\/21-31_Fassade_Nahaufnahme_K-300x168.jpg 300w, https:\/\/www.pr-neu.de\/newsroom\/wordpress\/wp-content\/uploads\/2021\/10\/21-31_Fassade_Nahaufnahme_K-1024x573.jpg 1024w, https:\/\/www.pr-neu.de\/newsroom\/wordpress\/wp-content\/uploads\/2021\/10\/21-31_Fassade_Nahaufnahme_K-768x430.jpg 768w, https:\/\/www.pr-neu.de\/newsroom\/wordpress\/wp-content\/uploads\/2021\/10\/21-31_Fassade_Nahaufnahme_K-1536x860.jpg 1536w, https:\/\/www.pr-neu.de\/newsroom\/wordpress\/wp-content\/uploads\/2021\/10\/21-31_Fassade_Nahaufnahme_K-2048x1147.jpg 2048w, https:\/\/www.pr-neu.de\/newsroom\/wordpress\/wp-content\/uploads\/2021\/10\/21-31_Fassade_Nahaufnahme_K-110x62.jpg 110w, https:\/\/www.pr-neu.de\/newsroom\/wordpress\/wp-content\/uploads\/2021\/10\/21-31_Fassade_Nahaufnahme_K-420x235.jpg 420w, https:\/\/www.pr-neu.de\/newsroom\/wordpress\/wp-content\/uploads\/2021\/10\/21-31_Fassade_Nahaufnahme_K-248x138.jpg 248w, https:\/\/www.pr-neu.de\/newsroom\/wordpress\/wp-content\/uploads\/2021\/10\/21-31_Fassade_Nahaufnahme_K-770x430.jpg 770w\" sizes=\"auto, (max-width: 300px) 100vw, 300px\" \/><\/a><\/p>\n<p style=\"text-align: center;\"><em>Zwei Fassadenprofis haben das denkmalgesch\u00fctzte Geb\u00e4ude in ein Schmuckst\u00fcck <\/em><br \/>\n<em>verwandelt. Ein mineralischer Wandaufbau mit der Fassadenfarbe StoColor Solical <\/em><br \/>\n<em>sch\u00fctzt es nun vor der Witterung.<\/em><\/p>\n<p style=\"text-align: center;\">Fotos: Martin Baitinger \/ Sto SE &amp; Co. KGaA<\/p>\n<p style=\"text-align: center;\">\n","protected":false},"excerpt":{"rendered":"<p>Fassade saniert \u2013 ohne Biozide Behutsam saniert: Ein mehr als 300 Jahre alter Pfarrhof, lange Zeit nicht mehr instand gehalten, erhielt eine umfassende Frischzellenkur. F\u00fcr die Fassade galt es, einen Aufbau zu w\u00e4hlen, der die alte Bausubstanz sch\u00fctzt und optisch passt. Daher entschieden sich die Bauprofis f\u00fcr eine hoch wasserdampfdurchl\u00e4ssige, mineralische Fassadenfarbe (StoColor Solical), die [&hellip;]<\/p>\n","protected":false},"author":6,"featured_media":14494,"comment_status":"closed","ping_status":"open","sticky":false,"template":"","format":"standard","meta":{"footnotes":""},"categories":[15],"tags":[],"class_list":["post-14492","post","type-post","status-publish","format-standard","has-post-thumbnail","hentry","category-sto"],"_links":{"self":[{"href":"https:\/\/www.pr-neu.de\/newsroom\/wp-json\/wp\/v2\/posts\/14492","targetHints":{"allow":["GET"]}}],"collection":[{"href":"https:\/\/www.pr-neu.de\/newsroom\/wp-json\/wp\/v2\/posts"}],"about":[{"href":"https:\/\/www.pr-neu.de\/newsroom\/wp-json\/wp\/v2\/types\/post"}],"author":[{"embeddable":true,"href":"https:\/\/www.pr-neu.de\/newsroom\/wp-json\/wp\/v2\/users\/6"}],"replies":[{"embeddable":true,"href":"https:\/\/www.pr-neu.de\/newsroom\/wp-json\/wp\/v2\/comments?post=14492"}],"version-history":[{"count":2,"href":"https:\/\/www.pr-neu.de\/newsroom\/wp-json\/wp\/v2\/posts\/14492\/revisions"}],"predecessor-version":[{"id":14504,"href":"https:\/\/www.pr-neu.de\/newsroom\/wp-json\/wp\/v2\/posts\/14492\/revisions\/14504"}],"wp:featuredmedia":[{"embeddable":true,"href":"https:\/\/www.pr-neu.de\/newsroom\/wp-json\/wp\/v2\/media\/14494"}],"wp:attachment":[{"href":"https:\/\/www.pr-neu.de\/newsroom\/wp-json\/wp\/v2\/media?parent=14492"}],"wp:term":[{"taxonomy":"category","embeddable":true,"href":"https:\/\/www.pr-neu.de\/newsroom\/wp-json\/wp\/v2\/categories?post=14492"},{"taxonomy":"post_tag","embeddable":true,"href":"https:\/\/www.pr-neu.de\/newsroom\/wp-json\/wp\/v2\/tags?post=14492"}],"curies":[{"name":"wp","href":"https:\/\/api.w.org\/{rel}","templated":true}]}}