{"id":14476,"date":"2021-10-18T10:54:15","date_gmt":"2021-10-18T08:54:15","guid":{"rendered":"https:\/\/www.pr-neu.de\/newsroom\/?p=14476"},"modified":"2021-10-18T10:54:15","modified_gmt":"2021-10-18T08:54:15","slug":"kleistern-aus-dem-eimer","status":"publish","type":"post","link":"https:\/\/www.pr-neu.de\/newsroom\/kleistern-aus-dem-eimer\/","title":{"rendered":"Kleistern aus dem Eimer"},"content":{"rendered":"<p><u>Neuer verarbeitungsfertiger Dispersionskleber f\u00fcr Vliese und Raufaser<\/u><\/p>\n<p>Tapezieren, schnell und einfach: Mit dem neuen verarbeitungsfertigen Dispersionskleber StoColl TG entf\u00e4llt das Anr\u00fchren, der Kleber kommt direkt aus dem Eimer. Das beschleunigt den Arbeitsfortschritt und Wasser- und Stromanschluss sind nicht notwendig. Der Auftrag erfolgt mit der Tapeziermaschine, alternativ funktionieren Airlessger\u00e4t oder Rolle. Der Kleber wurde f\u00fcr Raufaser entwickelt, eignet sich aufgrund seiner hohen Klebkraft aber auch f\u00fcr leichte und mittlere Malervliese. Im Vergleich zu einem Kleister verf\u00fcgt StoColl TG \u00fcber eine h\u00f6here Klebkraft und k\u00fcrzere Trocknungszeit: Bereits am n\u00e4chsten Tag ist der Wand- oder Deckenbelag \u00fcberstreichbar.<\/p>\n<p>&nbsp;<\/p>\n<hr \/>\n<p>&nbsp;<\/p>\n<p style=\"text-align: center;\"><a href=\"http:\/\/www.pr-neu.de\/newsroom\/wordpress\/wp-content\/uploads\/2021\/10\/21_26_Tapezieren_1_K.jpg\" target=\"_blank\" rel=\"noopener\"><img loading=\"lazy\" decoding=\"async\" class=\"wp-image-14477 size-medium\" src=\"http:\/\/www.pr-neu.de\/newsroom\/wordpress\/wp-content\/uploads\/2021\/10\/21_26_Tapezieren_1_K-300x200.jpg\" alt=\"\" width=\"300\" height=\"200\" srcset=\"https:\/\/www.pr-neu.de\/newsroom\/wordpress\/wp-content\/uploads\/2021\/10\/21_26_Tapezieren_1_K-300x200.jpg 300w, https:\/\/www.pr-neu.de\/newsroom\/wordpress\/wp-content\/uploads\/2021\/10\/21_26_Tapezieren_1_K-1024x683.jpg 1024w, https:\/\/www.pr-neu.de\/newsroom\/wordpress\/wp-content\/uploads\/2021\/10\/21_26_Tapezieren_1_K-768x512.jpg 768w, https:\/\/www.pr-neu.de\/newsroom\/wordpress\/wp-content\/uploads\/2021\/10\/21_26_Tapezieren_1_K-1536x1024.jpg 1536w, https:\/\/www.pr-neu.de\/newsroom\/wordpress\/wp-content\/uploads\/2021\/10\/21_26_Tapezieren_1_K-2048x1365.jpg 2048w, https:\/\/www.pr-neu.de\/newsroom\/wordpress\/wp-content\/uploads\/2021\/10\/21_26_Tapezieren_1_K-110x73.jpg 110w, https:\/\/www.pr-neu.de\/newsroom\/wordpress\/wp-content\/uploads\/2021\/10\/21_26_Tapezieren_1_K-420x280.jpg 420w, https:\/\/www.pr-neu.de\/newsroom\/wordpress\/wp-content\/uploads\/2021\/10\/21_26_Tapezieren_1_K-645x430.jpg 645w\" sizes=\"auto, (max-width: 300px) 100vw, 300px\" \/><\/a><\/p>\n<p style=\"text-align: center;\"><em>Zeit gespart: Auftrag des verarbeitungsfertigen <\/em><br \/>\n<em>Klebers StoColl TG mit dem Tapezierger\u00e4t \u2026<\/em><\/p>\n<p>&nbsp;<\/p>\n<p style=\"text-align: center;\"><a href=\"http:\/\/www.pr-neu.de\/newsroom\/wordpress\/wp-content\/uploads\/2021\/10\/21_26_Tapezieren_2_K.jpg\" target=\"_blank\" rel=\"noopener\"><img loading=\"lazy\" decoding=\"async\" class=\"wp-image-14478 size-medium aligncenter\" src=\"http:\/\/www.pr-neu.de\/newsroom\/wordpress\/wp-content\/uploads\/2021\/10\/21_26_Tapezieren_2_K-300x200.jpg\" alt=\"\" width=\"300\" height=\"200\" srcset=\"https:\/\/www.pr-neu.de\/newsroom\/wordpress\/wp-content\/uploads\/2021\/10\/21_26_Tapezieren_2_K-300x200.jpg 300w, https:\/\/www.pr-neu.de\/newsroom\/wordpress\/wp-content\/uploads\/2021\/10\/21_26_Tapezieren_2_K-1024x683.jpg 1024w, https:\/\/www.pr-neu.de\/newsroom\/wordpress\/wp-content\/uploads\/2021\/10\/21_26_Tapezieren_2_K-768x512.jpg 768w, https:\/\/www.pr-neu.de\/newsroom\/wordpress\/wp-content\/uploads\/2021\/10\/21_26_Tapezieren_2_K-1536x1024.jpg 1536w, https:\/\/www.pr-neu.de\/newsroom\/wordpress\/wp-content\/uploads\/2021\/10\/21_26_Tapezieren_2_K-2048x1365.jpg 2048w, https:\/\/www.pr-neu.de\/newsroom\/wordpress\/wp-content\/uploads\/2021\/10\/21_26_Tapezieren_2_K-110x73.jpg 110w, https:\/\/www.pr-neu.de\/newsroom\/wordpress\/wp-content\/uploads\/2021\/10\/21_26_Tapezieren_2_K-420x280.jpg 420w, https:\/\/www.pr-neu.de\/newsroom\/wordpress\/wp-content\/uploads\/2021\/10\/21_26_Tapezieren_2_K-645x430.jpg 645w\" sizes=\"auto, (max-width: 300px) 100vw, 300px\" \/><\/a><br \/>\n<em>\u2026 das den Kleber optimal auf dem Vlies verteilt.<\/em><\/p>\n<p>&nbsp;<\/p>\n<p style=\"text-align: center;\"><a href=\"http:\/\/www.pr-neu.de\/newsroom\/wordpress\/wp-content\/uploads\/2021\/10\/21_26_Tapezieren_3_K.jpg\" target=\"_blank\" rel=\"noopener\"><img loading=\"lazy\" decoding=\"async\" class=\"wp-image-14479 size-medium\" src=\"http:\/\/www.pr-neu.de\/newsroom\/wordpress\/wp-content\/uploads\/2021\/10\/21_26_Tapezieren_3_K-300x200.jpg\" alt=\"\" width=\"300\" height=\"200\" srcset=\"https:\/\/www.pr-neu.de\/newsroom\/wordpress\/wp-content\/uploads\/2021\/10\/21_26_Tapezieren_3_K-300x200.jpg 300w, https:\/\/www.pr-neu.de\/newsroom\/wordpress\/wp-content\/uploads\/2021\/10\/21_26_Tapezieren_3_K-1024x683.jpg 1024w, https:\/\/www.pr-neu.de\/newsroom\/wordpress\/wp-content\/uploads\/2021\/10\/21_26_Tapezieren_3_K-768x512.jpg 768w, https:\/\/www.pr-neu.de\/newsroom\/wordpress\/wp-content\/uploads\/2021\/10\/21_26_Tapezieren_3_K-1536x1024.jpg 1536w, https:\/\/www.pr-neu.de\/newsroom\/wordpress\/wp-content\/uploads\/2021\/10\/21_26_Tapezieren_3_K-2048x1365.jpg 2048w, https:\/\/www.pr-neu.de\/newsroom\/wordpress\/wp-content\/uploads\/2021\/10\/21_26_Tapezieren_3_K-110x73.jpg 110w, https:\/\/www.pr-neu.de\/newsroom\/wordpress\/wp-content\/uploads\/2021\/10\/21_26_Tapezieren_3_K-420x280.jpg 420w, https:\/\/www.pr-neu.de\/newsroom\/wordpress\/wp-content\/uploads\/2021\/10\/21_26_Tapezieren_3_K-645x430.jpg 645w\" sizes=\"auto, (max-width: 300px) 100vw, 300px\" \/><\/a><\/p>\n<p style=\"text-align: center;\"><em>Alternativ: Kleberauftrag per Rolle (Bild) oder Airlessger\u00e4t.<\/em><\/p>\n<p>&nbsp;<\/p>\n<p style=\"text-align: center;\">Fotos: Martin Baitinger \/ Sto SE &amp; Co. KGaA<\/p>\n<p>&nbsp;<\/p>\n<hr \/>\n<p>&nbsp;<\/p>\n<p>Abdruck honorarfrei, Belegexemplar erbeten.<\/p>\n","protected":false},"excerpt":{"rendered":"<p>Neuer verarbeitungsfertiger Dispersionskleber f\u00fcr Vliese und Raufaser Tapezieren, schnell und einfach: Mit dem neuen verarbeitungsfertigen Dispersionskleber StoColl TG entf\u00e4llt das Anr\u00fchren, der Kleber kommt direkt aus dem Eimer. Das beschleunigt den Arbeitsfortschritt und Wasser- und Stromanschluss sind nicht notwendig. Der Auftrag erfolgt mit der Tapeziermaschine, alternativ funktionieren Airlessger\u00e4t oder Rolle. Der Kleber wurde f\u00fcr Raufaser [&hellip;]<\/p>\n","protected":false},"author":6,"featured_media":14477,"comment_status":"closed","ping_status":"open","sticky":false,"template":"","format":"standard","meta":{"footnotes":""},"categories":[15],"tags":[1697,283,1699,430,439,504,1701,617],"class_list":["post-14476","post","type-post","status-publish","format-standard","has-post-thumbnail","hentry","category-sto","tag-dispersionskleber","tag-innenraum","tag-kleber","tag-renovierung","tag-sanierung","tag-sto-2","tag-stocoll","tag-wand"],"_links":{"self":[{"href":"https:\/\/www.pr-neu.de\/newsroom\/wp-json\/wp\/v2\/posts\/14476","targetHints":{"allow":["GET"]}}],"collection":[{"href":"https:\/\/www.pr-neu.de\/newsroom\/wp-json\/wp\/v2\/posts"}],"about":[{"href":"https:\/\/www.pr-neu.de\/newsroom\/wp-json\/wp\/v2\/types\/post"}],"author":[{"embeddable":true,"href":"https:\/\/www.pr-neu.de\/newsroom\/wp-json\/wp\/v2\/users\/6"}],"replies":[{"embeddable":true,"href":"https:\/\/www.pr-neu.de\/newsroom\/wp-json\/wp\/v2\/comments?post=14476"}],"version-history":[{"count":1,"href":"https:\/\/www.pr-neu.de\/newsroom\/wp-json\/wp\/v2\/posts\/14476\/revisions"}],"predecessor-version":[{"id":14482,"href":"https:\/\/www.pr-neu.de\/newsroom\/wp-json\/wp\/v2\/posts\/14476\/revisions\/14482"}],"wp:featuredmedia":[{"embeddable":true,"href":"https:\/\/www.pr-neu.de\/newsroom\/wp-json\/wp\/v2\/media\/14477"}],"wp:attachment":[{"href":"https:\/\/www.pr-neu.de\/newsroom\/wp-json\/wp\/v2\/media?parent=14476"}],"wp:term":[{"taxonomy":"category","embeddable":true,"href":"https:\/\/www.pr-neu.de\/newsroom\/wp-json\/wp\/v2\/categories?post=14476"},{"taxonomy":"post_tag","embeddable":true,"href":"https:\/\/www.pr-neu.de\/newsroom\/wp-json\/wp\/v2\/tags?post=14476"}],"curies":[{"name":"wp","href":"https:\/\/api.w.org\/{rel}","templated":true}]}}