{"id":14473,"date":"2021-10-18T10:52:25","date_gmt":"2021-10-18T08:52:25","guid":{"rendered":"https:\/\/www.pr-neu.de\/newsroom\/?p=14473"},"modified":"2021-10-18T10:52:25","modified_gmt":"2021-10-18T08:52:25","slug":"durchschusshemmend-und-gebogen","status":"publish","type":"post","link":"https:\/\/www.pr-neu.de\/newsroom\/durchschusshemmend-und-gebogen\/","title":{"rendered":"Durchschusshemmend und gebogen"},"content":{"rendered":"<p><u>Sedak: Schusssichere Gl\u00e4ser jetzt auch gebogen<\/u><\/p>\n<p>Rundum gesch\u00fctzt: Als bislang einziger Hersteller hat sedak diese Eigenschaften f\u00fcr Gl\u00e4ser vereint und daf\u00fcr sogar zwei Linien im Programm: Das Isolierglas \u201esedak isosecure\u201c und das Laminatsystem \u201esedak secuprotect\u201c. Radien sind ab einem Meter m\u00f6glich, die Gl\u00e4ser sind splitterfrei und bis zum Maximal-Format 3,60 x 20 Meter lieferbar. Au\u00dferdem sind sie in TVG nach DIN EN 1063 zertifiziert, industriell gebogen und damit statisch ansetzbar. Stets sind beide Au\u00dfenfl\u00e4chen aus Glas, das wirkt attraktiver und ist leichter zu reinigen als konventionelle L\u00f6sungen mit Folien auf einer Au\u00dfenfl\u00e4che. Der Isolierglas-Aufbau verzichtet also auf ein Polycarbonatsystem, damit erreicht es einen besseren Brandschutz. Wie bereits bei den planen Aufbauten sind auch beide gebogenen Versionen zertifiziert, sedak isosecure von BR 2 NS bis zur h\u00f6chsten Beschussklasse BR 7 NS. Als beschusshemmendes Laminatsystem ist zudem \u201esedak secuprotect\u201c f\u00fcr die Klasse BR 7 NS zertifiziert. Das Laminat bietet aufgrund seines symmetrischen Aufbaus sogar Sicherheit von beiden Seiten.<\/p>\n<p>&nbsp;<\/p>\n<hr \/>\n<p>&nbsp;<\/p>\n<p><a href=\"http:\/\/www.pr-neu.de\/newsroom\/wordpress\/wp-content\/uploads\/2021\/10\/21-05_schusssicher_gebogen_K.jpg\" target=\"_blank\" rel=\"noopener\"><img loading=\"lazy\" decoding=\"async\" class=\"wp-image-14480 size-medium aligncenter\" src=\"http:\/\/www.pr-neu.de\/newsroom\/wordpress\/wp-content\/uploads\/2021\/10\/21-05_schusssicher_gebogen_K-300x200.jpg\" alt=\"\" width=\"300\" height=\"200\" srcset=\"https:\/\/www.pr-neu.de\/newsroom\/wordpress\/wp-content\/uploads\/2021\/10\/21-05_schusssicher_gebogen_K-300x200.jpg 300w, https:\/\/www.pr-neu.de\/newsroom\/wordpress\/wp-content\/uploads\/2021\/10\/21-05_schusssicher_gebogen_K-1024x683.jpg 1024w, https:\/\/www.pr-neu.de\/newsroom\/wordpress\/wp-content\/uploads\/2021\/10\/21-05_schusssicher_gebogen_K-768x512.jpg 768w, https:\/\/www.pr-neu.de\/newsroom\/wordpress\/wp-content\/uploads\/2021\/10\/21-05_schusssicher_gebogen_K-1536x1024.jpg 1536w, https:\/\/www.pr-neu.de\/newsroom\/wordpress\/wp-content\/uploads\/2021\/10\/21-05_schusssicher_gebogen_K-2048x1365.jpg 2048w, https:\/\/www.pr-neu.de\/newsroom\/wordpress\/wp-content\/uploads\/2021\/10\/21-05_schusssicher_gebogen_K-110x73.jpg 110w, https:\/\/www.pr-neu.de\/newsroom\/wordpress\/wp-content\/uploads\/2021\/10\/21-05_schusssicher_gebogen_K-420x280.jpg 420w, https:\/\/www.pr-neu.de\/newsroom\/wordpress\/wp-content\/uploads\/2021\/10\/21-05_schusssicher_gebogen_K-645x430.jpg 645w\" sizes=\"auto, (max-width: 300px) 100vw, 300px\" \/><\/a><\/p>\n<p style=\"text-align: center;\"><em>Das einzige Isolierglas, das es schusshemmend und gebogen gibt, ist sedak isosecure. Damit unterstreicht sedak erneut seine Innovationsf\u00fchrerschaft<\/em>.<\/p>\n<p style=\"text-align: center;\">Foto: sedak<\/p>\n<p>&nbsp;<\/p>\n<hr \/>\n<p>&nbsp;<\/p>\n<p><strong>sedak \u2013 leading glass <\/strong><strong>\u00a0<\/strong><\/p>\n<p>Mit Pioniergeist hat sich der Glasveredler sedak (Gersthofen) seit der Gr\u00fcndung 2007 zum Premiumhersteller f\u00fcr gro\u00dfformatige Isolier- und Sicherheitsgl\u00e4ser entwickelt und Glas als Baustoff f\u00fcr Ganzglasfassaden und -d\u00e4cher weitergedacht. Dank innovativer Produkte in h\u00f6chster Qualit\u00e4t werden ikonische Fassaden und Bauwerke mit einer bislang unerreichten Transparenz realisiert.<\/p>\n<p>Monogl\u00e4ser, Mehrfachgl\u00e4ser und Funktions-Isoliergl\u00e4ser in Formaten bis 3,6 x 20 Meter fertigt sedak hochautomatisiert und effizient. Auf einer Fertigungsfl\u00e4che von 35.000 Quadratmetern und mit einem einzigartigen Maschinenpark wird das Rohglas bearbeitet, vorgespannt, laminiert, bedruckt und laminationsgebogen und zu Isolierglas gebaut. Mit der Integration des Glasspezialisten f\u00fcr gebogenes Glas, Sunglass Industry srl (Italien), geh\u00f6rt nun auch das thermische Glasbiegen zu den Kernkompetenzen. Au\u00dfergew\u00f6hnliche L\u00f6sungen liefert der Spezialist zudem f\u00fcr Luxus-Jachten mit Gl\u00e4sern, optimiert f\u00fcr den Einsatz auf hoher See.<\/p>\n<p>Insbesondere bei Sonderkonstruktionen beweist der Glasveredler l\u00f6sungsorientierte Kompetenz. Mit Forschungs- und Entwicklungsgeist, neuen Technologien sowie der Expertise von 190 Mitarbeitern treibt sedak Innovationen der Glasveredelung stetig voran und versteht sich als Partner von Architekten, Bauherren, Fassaden- und Metallbauern. Als Spezialist f\u00fcr \u00fcbergro\u00dfe und extrem schwere Gl\u00e4ser entwickelt das Unternehmen zukunftsorientierte L\u00f6sungen, um Kundenvisionen flexibel zu verwirklichen. Vom Auftrag bis zur Lieferung agiert der Glasveredler dabei als Full-Service-Supplier. So leistet sedak schon heute einen Beitrag f\u00fcr die vision\u00e4re Architektur von morgen.<\/p>\n<p>Herausragende Referenzen belegen die eindrucksvolle Kompetenz. Dazu geh\u00f6ren u.a.: Laktha Center, St. Petersburg \/ Haus der Europ\u00e4ischen Geschichte, Br\u00fcssel \/ medizinische Fakult\u00e4t, Montpellier \/ Torre Europa, Madrid \/ Iconsiam, Bangkok \/ Apple Park, Cupertino \/ Apple-Cube, New York \/ Experimenta, Heilbronn \/ zahlreiche Premium-Flagship-Stores.<\/p>\n<p><strong>Anwendungsgebiete <\/strong><\/p>\n<table>\n<tbody>\n<tr>\n<td width=\"278\">\u00b7\u00a0\u00a0\u00a0\u00a0\u00a0\u00a0\u00a0\u00a0 Glasfassaden<\/p>\n<p>\u00b7\u00a0\u00a0\u00a0\u00a0\u00a0\u00a0\u00a0\u00a0 Glasd\u00e4cher<\/p>\n<p>\u00b7\u00a0\u00a0\u00a0\u00a0\u00a0\u00a0\u00a0\u00a0 Glastreppen<\/p>\n<p>\u00b7\u00a0\u00a0\u00a0\u00a0\u00a0\u00a0\u00a0\u00a0 Glasbr\u00fcstungen<\/p>\n<p>\u00b7\u00a0\u00a0\u00a0\u00a0\u00a0\u00a0\u00a0\u00a0 Jachtverglasungen<\/td>\n<td width=\"278\">\u00b7\u00a0\u00a0\u00a0\u00a0\u00a0\u00a0\u00a0\u00a0 Poolverglasungen<\/p>\n<p>\u00b7\u00a0\u00a0\u00a0\u00a0\u00a0\u00a0\u00a0\u00a0 Sicherheitsverglasungen<\/p>\n<p>\u00b7\u00a0\u00a0\u00a0\u00a0\u00a0\u00a0\u00a0\u00a0 Ganzglaskonstruktionen<\/p>\n<p>\u00b7\u00a0\u00a0\u00a0\u00a0\u00a0\u00a0\u00a0\u00a0 Innenarchitektur<\/p>\n<p>\u00b7\u00a0\u00a0\u00a0\u00a0\u00a0\u00a0\u00a0\u00a0 Sonderanfertigung<\/td>\n<\/tr>\n<\/tbody>\n<\/table>\n<p>&nbsp;<\/p>\n<hr \/>\n<p>&nbsp;<\/p>\n<p>Abdruck honorarfrei, Belegexemplar erbeten.<\/p>\n","protected":false},"excerpt":{"rendered":"<p>Sedak: Schusssichere Gl\u00e4ser jetzt auch gebogen Rundum gesch\u00fctzt: Als bislang einziger Hersteller hat sedak diese Eigenschaften f\u00fcr Gl\u00e4ser vereint und daf\u00fcr sogar zwei Linien im Programm: Das Isolierglas \u201esedak isosecure\u201c und das Laminatsystem \u201esedak secuprotect\u201c. Radien sind ab einem Meter m\u00f6glich, die Gl\u00e4ser sind splitterfrei und bis zum Maximal-Format 3,60 x 20 Meter lieferbar. Au\u00dferdem [&hellip;]<\/p>\n","protected":false},"author":6,"featured_media":14480,"comment_status":"closed","ping_status":"open","sticky":false,"template":"","format":"standard","meta":{"footnotes":""},"categories":[12],"tags":[1695,230,1693],"class_list":["post-14473","post","type-post","status-publish","format-standard","has-post-thumbnail","hentry","category-sedak","tag-gebogen","tag-glas","tag-schussssicher"],"_links":{"self":[{"href":"https:\/\/www.pr-neu.de\/newsroom\/wp-json\/wp\/v2\/posts\/14473","targetHints":{"allow":["GET"]}}],"collection":[{"href":"https:\/\/www.pr-neu.de\/newsroom\/wp-json\/wp\/v2\/posts"}],"about":[{"href":"https:\/\/www.pr-neu.de\/newsroom\/wp-json\/wp\/v2\/types\/post"}],"author":[{"embeddable":true,"href":"https:\/\/www.pr-neu.de\/newsroom\/wp-json\/wp\/v2\/users\/6"}],"replies":[{"embeddable":true,"href":"https:\/\/www.pr-neu.de\/newsroom\/wp-json\/wp\/v2\/comments?post=14473"}],"version-history":[{"count":1,"href":"https:\/\/www.pr-neu.de\/newsroom\/wp-json\/wp\/v2\/posts\/14473\/revisions"}],"predecessor-version":[{"id":14481,"href":"https:\/\/www.pr-neu.de\/newsroom\/wp-json\/wp\/v2\/posts\/14473\/revisions\/14481"}],"wp:featuredmedia":[{"embeddable":true,"href":"https:\/\/www.pr-neu.de\/newsroom\/wp-json\/wp\/v2\/media\/14480"}],"wp:attachment":[{"href":"https:\/\/www.pr-neu.de\/newsroom\/wp-json\/wp\/v2\/media?parent=14473"}],"wp:term":[{"taxonomy":"category","embeddable":true,"href":"https:\/\/www.pr-neu.de\/newsroom\/wp-json\/wp\/v2\/categories?post=14473"},{"taxonomy":"post_tag","embeddable":true,"href":"https:\/\/www.pr-neu.de\/newsroom\/wp-json\/wp\/v2\/tags?post=14473"}],"curies":[{"name":"wp","href":"https:\/\/api.w.org\/{rel}","templated":true}]}}