{"id":14466,"date":"2021-10-18T10:38:06","date_gmt":"2021-10-18T08:38:06","guid":{"rendered":"https:\/\/www.pr-neu.de\/newsroom\/?p=14466"},"modified":"2021-10-18T10:38:43","modified_gmt":"2021-10-18T08:38:43","slug":"leise-und-kondensatfrei-gedaemmte-fallrohre","status":"publish","type":"post","link":"https:\/\/www.pr-neu.de\/newsroom\/leise-und-kondensatfrei-gedaemmte-fallrohre\/","title":{"rendered":"Leise und kondensatfrei: Ged\u00e4mmte Fallrohre"},"content":{"rendered":"<p><u>Loro-X Verbundrohre: Schallschutz und D\u00e4mmung f\u00fcr innenliegende Dachentw\u00e4sserung<\/u><\/p>\n<p><strong>Um bei der Dachentw\u00e4sserung durch Innenr\u00e4ume Flie\u00dfger\u00e4usche und Kondensation am Rohr zu vermeiden, hat Loro doppelwandige, kernged\u00e4mmte Verbundrohre entwickelt.<\/strong><\/p>\n<p>F\u00fchrt die Dach-Entw\u00e4sserung durch das Innere eines Geb\u00e4udes, steigt der technische Anspruch an das Rohr. In Aufenthalts- und Werkr\u00e4umen sind laute Flie\u00dfger\u00e4usche zu vermeiden ebenso wie negative Effekte durch Temperaturunterschiede von Rohr und Raumluft. F\u00fcr diese F\u00e4lle hat Loro, Technologief\u00fchrer f\u00fcr Flachdachentw\u00e4sserung, Verbundrohre konzipiert. Sie eignen sich besonders f\u00fcr sensible R\u00e4ume wie Aufenthalts- oder Serverr\u00e4ume.<\/p>\n<p>Der Clou: Die doppelwandigen Stahlrohre haben eine innenliegende, bis 28 Millimeter dicke D\u00e4mmschicht aus PU-Schaum. Dieser Aufbau verhindert, dass sich an der Au\u00dfenwand des Rohres Kondensat bildet \u2013 dies droht sonst vor allem im Winter durch die deutlichen Temperaturunterschiede zwischen der (beheizten) Raumluft und dem kalten Wasser im Rohr. Durch die D\u00e4mmschicht bleibt die Au\u00dfenwand des Rohres auf Raumtemperatur. Das spart zudem Heizenergie.<\/p>\n<p>Schon das Standard-Verbundrohr sch\u00fctzt vor den Flie\u00dfger\u00e4uschen. F\u00fcr noch besseren Schallschutz sind Loro-X Verbundrohre in der Ausf\u00fchrung \u201eSilent\u201c ideal: Hier ist das Innenrohr werkseitig zus\u00e4tzlich mit einer 2,5 Millimeter dicken Schallschutzfolie auf Bitumen-Kunststoffbasis ausgestattet.<\/p>\n<p><strong>Schick und einfach verbaut<\/strong><\/p>\n<p>Die optisch ansprechenden Verbundrohre aus schlagfestem, feuerverzinkten Stahl \/ Edelstahl haben noch einen Vorteil: Den einfachen Einbau. Die bew\u00e4hrte Loro-X Steckmuffenverbindung in Made-in-Germany-Qualit\u00e4t erm\u00f6glicht schnelle und sichere Montage.<\/p>\n<p>&nbsp;<\/p>\n<hr \/>\n<p>&nbsp;<\/p>\n<p><a href=\"http:\/\/www.pr-neu.de\/newsroom\/wordpress\/wp-content\/uploads\/2021\/10\/21-07_Verbundrohr_01_K.jpg\" target=\"_blank\" rel=\"noopener\"><img loading=\"lazy\" decoding=\"async\" class=\"aligncenter wp-image-14470 size-medium\" src=\"http:\/\/www.pr-neu.de\/newsroom\/wordpress\/wp-content\/uploads\/2021\/10\/21-07_Verbundrohr_01_K-300x240.jpg\" alt=\"\" width=\"300\" height=\"240\" srcset=\"https:\/\/www.pr-neu.de\/newsroom\/wordpress\/wp-content\/uploads\/2021\/10\/21-07_Verbundrohr_01_K-300x240.jpg 300w, https:\/\/www.pr-neu.de\/newsroom\/wordpress\/wp-content\/uploads\/2021\/10\/21-07_Verbundrohr_01_K-1024x819.jpg 1024w, https:\/\/www.pr-neu.de\/newsroom\/wordpress\/wp-content\/uploads\/2021\/10\/21-07_Verbundrohr_01_K-768x614.jpg 768w, https:\/\/www.pr-neu.de\/newsroom\/wordpress\/wp-content\/uploads\/2021\/10\/21-07_Verbundrohr_01_K-1536x1228.jpg 1536w, https:\/\/www.pr-neu.de\/newsroom\/wordpress\/wp-content\/uploads\/2021\/10\/21-07_Verbundrohr_01_K-2048x1638.jpg 2048w, https:\/\/www.pr-neu.de\/newsroom\/wordpress\/wp-content\/uploads\/2021\/10\/21-07_Verbundrohr_01_K-110x88.jpg 110w, https:\/\/www.pr-neu.de\/newsroom\/wordpress\/wp-content\/uploads\/2021\/10\/21-07_Verbundrohr_01_K-420x336.jpg 420w, https:\/\/www.pr-neu.de\/newsroom\/wordpress\/wp-content\/uploads\/2021\/10\/21-07_Verbundrohr_01_K-538x430.jpg 538w\" sizes=\"auto, (max-width: 300px) 100vw, 300px\" \/><\/a><\/p>\n<p style=\"text-align: center;\"><em>Wenn eine Dachentw\u00e4sserung durch einen Innenraum gef\u00fchrt werden muss, <\/em><br \/>\n<em>empfiehlt sich der Einsatz w\u00e4rmeged\u00e4mmter Verbundrohre. Sie halten das <\/em><br \/>\n<em>Rohr au\u00dfen kondensatfrei, d\u00e4mmen die Flie\u00dfger\u00e4usche und minimieren W\u00e4rmeverluste.<\/em><br \/>\nBild: Loro<\/p>\n<p>&nbsp;<\/p>\n<p style=\"text-align: center;\"><a href=\"http:\/\/www.pr-neu.de\/newsroom\/wordpress\/wp-content\/uploads\/2021\/10\/21-07_Verbundrohr_02_K.jpg\" target=\"_blank\" rel=\"noopener\"><img loading=\"lazy\" decoding=\"async\" class=\"aligncenter wp-image-14471 size-medium\" src=\"http:\/\/www.pr-neu.de\/newsroom\/wordpress\/wp-content\/uploads\/2021\/10\/21-07_Verbundrohr_02_K-300x125.jpg\" alt=\"\" width=\"300\" height=\"125\" srcset=\"https:\/\/www.pr-neu.de\/newsroom\/wordpress\/wp-content\/uploads\/2021\/10\/21-07_Verbundrohr_02_K-300x125.jpg 300w, https:\/\/www.pr-neu.de\/newsroom\/wordpress\/wp-content\/uploads\/2021\/10\/21-07_Verbundrohr_02_K-1024x425.jpg 1024w, https:\/\/www.pr-neu.de\/newsroom\/wordpress\/wp-content\/uploads\/2021\/10\/21-07_Verbundrohr_02_K-768x319.jpg 768w, https:\/\/www.pr-neu.de\/newsroom\/wordpress\/wp-content\/uploads\/2021\/10\/21-07_Verbundrohr_02_K-1536x637.jpg 1536w, https:\/\/www.pr-neu.de\/newsroom\/wordpress\/wp-content\/uploads\/2021\/10\/21-07_Verbundrohr_02_K-2048x850.jpg 2048w, https:\/\/www.pr-neu.de\/newsroom\/wordpress\/wp-content\/uploads\/2021\/10\/21-07_Verbundrohr_02_K-110x46.jpg 110w, https:\/\/www.pr-neu.de\/newsroom\/wordpress\/wp-content\/uploads\/2021\/10\/21-07_Verbundrohr_02_K-420x174.jpg 420w, https:\/\/www.pr-neu.de\/newsroom\/wordpress\/wp-content\/uploads\/2021\/10\/21-07_Verbundrohr_02_K-770x320.jpg 770w\" sizes=\"auto, (max-width: 300px) 100vw, 300px\" \/><\/a><\/p>\n<p style=\"text-align: center;\"><em>Wenn es im Raum noch ruhiger sein soll, sorgt das Loro-Verbundrohr <\/em><br \/>\n<em>in der Ausf\u00fchrung \u201esilent\u201c f\u00fcr noch bessere Schalld\u00e4mmung. Der Clou <\/em><br \/>\n<em>ist eine 2,5 Millimeter dicke Schallschutzfolie.<\/em><br \/>\nBild: Loro<\/p>\n<hr \/>\n<p>&nbsp;<\/p>\n<p>Abdruck honorarfrei, Belegexemplar erbeten<\/p>\n","protected":false},"excerpt":{"rendered":"<p>Loro-X Verbundrohre: Schallschutz und D\u00e4mmung f\u00fcr innenliegende Dachentw\u00e4sserung Um bei der Dachentw\u00e4sserung durch Innenr\u00e4ume Flie\u00dfger\u00e4usche und Kondensation am Rohr zu vermeiden, hat Loro doppelwandige, kernged\u00e4mmte Verbundrohre entwickelt. F\u00fchrt die Dach-Entw\u00e4sserung durch das Innere eines Geb\u00e4udes, steigt der technische Anspruch an das Rohr. In Aufenthalts- und Werkr\u00e4umen sind laute Flie\u00dfger\u00e4usche zu vermeiden ebenso wie negative Effekte [&hellip;]<\/p>\n","protected":false},"author":6,"featured_media":14471,"comment_status":"closed","ping_status":"open","sticky":false,"template":"","format":"standard","meta":{"footnotes":""},"categories":[1531],"tags":[124,1673,1669,1689,1691],"class_list":["post-14466","post","type-post","status-publish","format-standard","has-post-thumbnail","hentry","category-loro","tag-dammung","tag-entwaesserung","tag-loro","tag-rohr","tag-verbundrohr"],"_links":{"self":[{"href":"https:\/\/www.pr-neu.de\/newsroom\/wp-json\/wp\/v2\/posts\/14466","targetHints":{"allow":["GET"]}}],"collection":[{"href":"https:\/\/www.pr-neu.de\/newsroom\/wp-json\/wp\/v2\/posts"}],"about":[{"href":"https:\/\/www.pr-neu.de\/newsroom\/wp-json\/wp\/v2\/types\/post"}],"author":[{"embeddable":true,"href":"https:\/\/www.pr-neu.de\/newsroom\/wp-json\/wp\/v2\/users\/6"}],"replies":[{"embeddable":true,"href":"https:\/\/www.pr-neu.de\/newsroom\/wp-json\/wp\/v2\/comments?post=14466"}],"version-history":[{"count":2,"href":"https:\/\/www.pr-neu.de\/newsroom\/wp-json\/wp\/v2\/posts\/14466\/revisions"}],"predecessor-version":[{"id":14475,"href":"https:\/\/www.pr-neu.de\/newsroom\/wp-json\/wp\/v2\/posts\/14466\/revisions\/14475"}],"wp:featuredmedia":[{"embeddable":true,"href":"https:\/\/www.pr-neu.de\/newsroom\/wp-json\/wp\/v2\/media\/14471"}],"wp:attachment":[{"href":"https:\/\/www.pr-neu.de\/newsroom\/wp-json\/wp\/v2\/media?parent=14466"}],"wp:term":[{"taxonomy":"category","embeddable":true,"href":"https:\/\/www.pr-neu.de\/newsroom\/wp-json\/wp\/v2\/categories?post=14466"},{"taxonomy":"post_tag","embeddable":true,"href":"https:\/\/www.pr-neu.de\/newsroom\/wp-json\/wp\/v2\/tags?post=14466"}],"curies":[{"name":"wp","href":"https:\/\/api.w.org\/{rel}","templated":true}]}}