{"id":14423,"date":"2021-10-18T09:54:31","date_gmt":"2021-10-18T07:54:31","guid":{"rendered":"https:\/\/www.pr-neu.de\/newsroom\/?p=14423"},"modified":"2021-10-18T09:59:06","modified_gmt":"2021-10-18T07:59:06","slug":"japanischer-purismus-in-karlsruhe","status":"publish","type":"post","link":"https:\/\/www.pr-neu.de\/newsroom\/japanischer-purismus-in-karlsruhe\/","title":{"rendered":"Japanischer Purismus in Karlsruhe"},"content":{"rendered":"<p><u>Unternehmenszentrale <\/u><u>Weisenburger von Tadao Ando<\/u><\/p>\n<p><strong>Archetypische Architektur \u2013 daf\u00fcr stehen die Bauten von Tadao Ando. Jetzt hat auch Karlsruhe einen solchen Solit\u00e4r: Die neue Zentrale der Unternehmensgruppe Weisenburger.<\/strong><\/p>\n<p>Ein zeitgem\u00e4\u00dfer Verwaltungsbau, der seine Modernit\u00e4t im Gro\u00dfen und en Detail zeigt: Das ist die neue Firmenzentrale der Unternehmensgruppe Weisenburger in Karlsruhe, entworfen vom japanischen Architekten Tadao Ando. Rund 11.000 Quadratmeter Fl\u00e4che, ein innovatives Arbeitsumfeld auf sieben Etagen, inklusive Cafeteria, Fitnessstudio und Tiefgarage. In seiner charakteristischen Architektursprache zeigt der Bau vor allem Beton und Glas in klarer Kubatur: Der \u201eMeister des Minimalismus\u201c reduziert jeglichen Dekor. Sein Ansatz: Ando perfektioniert die Schlichtheit des Sichtbetons \u2013 mit Ankerl\u00f6chern, ebenen Oberfl\u00e4chen und scharfen Kanten.<\/p>\n<p><strong>Architektur der Unternehmensphilosophie<\/strong><\/p>\n<p>\u201eWir haben die Vorstellung von einer Unternehmenszentrale, in der sich die Mitarbeiter zu Hause f\u00fchlen, die die Unternehmensphilosophie widerspiegelt und die unsere Zukunftsideen unterst\u00fctzt\u201c, sagt Gesch\u00e4ftsf\u00fchrer Nicolai Weisenburger. Dem entspricht die Formensprache Andos \u2013 der von Nicolai Weisenburger erst im pers\u00f6nlichen Gespr\u00e4ch vom gemeinsamen Projekt \u00fcberzeugt wurde.<\/p>\n<p>Der Mensch und sein Handeln spielen eine entscheidende Rolle: Die Architektur soll dem Menschen dienen und f\u00fcr Austausch und Begegnung sorgen. \u201eAndos Baustil sieht die Verbindung des Menschen mit der Natur vor. Wichtig bleibt auch im Verwaltungsbau die Verbindung unserer Mitarbeiter mit der Au\u00dfenwelt.\u201c Es geht also auch um die Beziehung von au\u00dfen nach innen und von innen nach au\u00dfen. \u201eDaher sind unsere gro\u00dffl\u00e4chigen Fenster trotz L\u00fcftungssystem einen Spalt weit zu \u00f6ffnen\u201c, erkl\u00e4rt Weisenburger den Einbau der besonderen Fensterelemente. Zus\u00e4tzlich entstanden auf Dach und im Innenhof begehbare Au\u00dfenfl\u00e4chen.<\/p>\n<p>Der Beton gibt dem Bauwerk Stabilit\u00e4t und Best\u00e4ndigkeit, nichtsdestotrotz wirkt das Geb\u00e4ude leicht und transparent. Das erreicht Ando durch Struktur und das Zusammenspiel mit Glas in der Fassade. Die Gesamtwirkung strahlt Ruhe aus, eine Atmosph\u00e4re der Konzentration. Tageslicht und Transparenz, typische Gestaltungmerkmale in Andos Architektur. 5.000 Quadratmeter Glas lassen diese gew\u00fcnschte Blickbeziehung von innen nach au\u00dfen und umgekehrt zu. Gr\u00fcnfl\u00e4chen auf dem Dach und begr\u00fcnte Fassadenteile setzen gekonnt den Kontrast zu Beton und Glas.<\/p>\n<p><strong>Standort<\/strong><\/p>\n<p>Die Zentrale liegt an der Nordseite der Ludwig-Erhard-Allee, eine der Haupt-Zufahrten nach Karlsruhe. Schnell verbunden \u00fcber A5 und A8, mit ausreichend Parkraum \u00fcber zwei Tiefgaragendecks, angebunden an den \u00f6ffentlichen Nahverkehr, ist die Zentrale optimal gelegen f\u00fcr die rund 300 Angestellten. Karlsruhe bietet zudem mit KIT und Hochschule hohes Potential, um qualifizierten Nachwuchs zu gewinnen.<\/p>\n<p><strong>Meisterlich: Handwerk und Material<\/strong><\/p>\n<p>Was schlicht wirkt, ist ausf\u00fchrungstechnisch oft besonders anspruchsvoll \u2013 eindr\u00fcckliches Beispiel hierf\u00fcr sind die Sichtbetonw\u00e4nde: Qualit\u00e4t und Optik h\u00e4ngen direkt von der Leistung der Baubeteiligten ab. Die Betonelemente wurden vor Ort geschalt und gegossen, s\u00e4mtliche Fugen verlaufen geschoss\u00fcbergreifend, St\u00fctzen und S\u00e4ulen bilden vertikale Linien und strukturieren das Geb\u00e4ude. F\u00fcr die hohe Akkuratesse ist Sorgfalt und Erfahrung der Bauarbeiter erforderlich.<\/p>\n<p>Bei solchen Projekten erfolgt die Auswahl jedes Bauelements unter klaren Qualit\u00e4ts-Vorgaben. Beispielhaft zeigt das der Blick auf T\u00fcren und Tore, die Feuerschutz und Funktionalit\u00e4t im Top-Design vereinen. Die Schiebetore (\u201eTeckentrup 62 FST\u201c EI<sub>2<\/sub>90) bieten zum einen h\u00f6chstes technisches Niveau: Sie sch\u00fctzen effektiv vor Feuer und Rauch, die Zulassung ist bereits durch CE-Zeichen gesichert. Im k\u00fchl-modernen Industrial-Look f\u00fcgen sich die Bauelemente dabei harmonisch in die Architektursprache Andos ein: Beispielsweise wurde im Abstellbereich der ge\u00f6ffneten Tore nach der Tormontage eine Vorsatzschale montiert. Durch diese Versenkung in der Wand sind die Tore in ge\u00f6ffnetem Zustand fast nicht sichtbar und erf\u00fcllen genau den ando\u2019schen Anspruch an Minimalismus. Dies stellte in diesem Fall zwei besondere Herausforderungen an den Hersteller: Zum einen waren eigens Deckenaussparungen im Beton f\u00fcr das Laufwerk gew\u00fcnscht, so dass diese optisch nicht wahrnehmbar sind. Zum anderen wurde in diesem Bereich mit einer Stahlunterkonstruktion in F90-Qualit\u00e4t in den W\u00e4nden gearbeitet. Eine weitere Besonderheit: Die schwellenlose Schlupft\u00fcr mit Panikfunktion (Ma\u00dfe: 1.200 mm x 2.100 mm), die den Personenverkehr auch bei geschlossenem Tor erm\u00f6glicht und im Ernstfall als Fluchtweg dient. \u201eHier zahlt sich unsere mittlerweile seit vielen Jahren verfolgte Strategie der \u201aCustomer Centricity\u2018 und der Produktentwicklung gemeinsam mit unseren Partnern aus\u201c, res\u00fcmiert Andreas Sieker, technischer Berater von Teckentrup, \u201ebei fr\u00fchzeitiger Absprache und Planung lassen sich auch auf den ersten Blick rein funktionale Elemente wie Brandschutztore mit \u00e4sthetischen Anspr\u00fcchen der Architekten und Bauherren vereinen: Der Trend zu minimalistischen L\u00f6sungen ist in der Architektur schon l\u00e4ngere Zeit erkennbar, daher haben wir unsere Produktenwicklung genau darauf ausgerichtet und mit Planern und Verarbeitern optimiert. Dass dies nun dazu gef\u00fchrt hat, unsere Tore in diesem Bau zu sehen, best\u00e4rkt uns, diesen Weg weiter zu gehen \u2013 und macht uns auch ein klein wenig stolz.\u201c<\/p>\n<p>Zuverl\u00e4ssiger Brandschutz in exzellenter \u00c4sthetik gab auch den Ausschlag f\u00fcr die T\u00fcren im Treppenhaus und in der Tiefgarage. Hier verzichtete der Architekt auf Fl\u00e4chenb\u00fcndigkeit \u2013 aus wirtschaftlichen Gr\u00fcnden. Mit den Brandschutzt\u00fcren T30-FSA \u201eTeckentrup 62\u201c wurde auch ohne diese Vorgabe eine attraktive Variante normgerecht realisiert.<\/p>\n<p>&nbsp;<\/p>\n<hr \/>\n<p>&nbsp;<\/p>\n<p>K A S T E N<\/p>\n<p><strong>Tadao Ando: Als Autodidakt zum Pritzker-Preis<\/strong><\/p>\n<p>Tadao Ando ist ein japanischer Architekt, Autodidakt und vielfach international ausgezeichnet, unter anderem mit dem Pritzker-Preis (1995). Er steht f\u00fcr radikalen Minimalismus und Schlichtheit, zugleich setzt Ando Respekt f\u00fcr Natur und Umwelt in den Mittelpunkt. In Deutschland ist vor allem sein Tagungsgeb\u00e4ude auf dem Vitra-Gel\u00e4nde in Weil am Rhein bekannt, weitere Werke stehen auf der Museumsinsel Hombroich und in Bad M\u00fcnster am Stein.<\/p>\n<p>&nbsp;<\/p>\n<hr \/>\n<p>&nbsp;<\/p>\n<p>Q U O T E S\u00a0\u00a0 von Tadao Ando<\/p>\n<p>\u201eIch denke, dass ein Bauwerk in einer Dreiecks-Konstellation entsteht, was bedeutet, mit der Ambition des Bauherrn, dem K\u00f6nnen der Bautechnik und der \u00dcberzeugungskraft des Entwurfes \u2013 aus dem Zusammenspiel dieser drei entsteht etwas Gutes!\u201c<\/p>\n<p>\u201eIch m\u00f6chte ein Bauwerk erschaffen, das die Begriffe Effizienz, Wohlgef\u00fchl und Visionen wertsch\u00e4tzt.\u201c<\/p>\n<p>Tadao Ando.<\/p>\n<p>&nbsp;<\/p>\n<hr \/>\n<p>&nbsp;<\/p>\n<p>Q U O T E S\u00a0\u00a0 von Klaus Beushausen<\/p>\n<p>\u201eFl\u00e4chenb\u00fcndig \u2013 das zieht sich durch das gesamte Bauwerk und gilt nicht nur f\u00fcr Fenster und T\u00fcren, sondern bis zum Fluchtwegschild. Im Wohnungsbau kommt einfach ein Kunststoffteil hin. Hier wurde es ein Schild, das in der Rohbaudecke schon eingebaut ist. Seitdem wei\u00df ich, was fl\u00e4chenb\u00fcndig im Englischen hei\u00dft: <em>we prefere flush<\/em>!\u201c<\/p>\n<p>Klaus Beushausen, Bauleiter.<\/p>\n<p>&nbsp;<\/p>\n<hr \/>\n<p>&nbsp;<\/p>\n<p><a href=\"http:\/\/www.pr-neu.de\/newsroom\/wordpress\/wp-content\/uploads\/2021\/10\/21_11_Ando_1_K.jpg\" target=\"_blank\" rel=\"noopener\"><img loading=\"lazy\" decoding=\"async\" class=\"aligncenter wp-image-14424 size-medium\" src=\"http:\/\/www.pr-neu.de\/newsroom\/wordpress\/wp-content\/uploads\/2021\/10\/21_11_Ando_1_K-300x219.jpg\" alt=\"\" width=\"300\" height=\"219\" srcset=\"https:\/\/www.pr-neu.de\/newsroom\/wordpress\/wp-content\/uploads\/2021\/10\/21_11_Ando_1_K-300x219.jpg 300w, https:\/\/www.pr-neu.de\/newsroom\/wordpress\/wp-content\/uploads\/2021\/10\/21_11_Ando_1_K-1024x746.jpg 1024w, https:\/\/www.pr-neu.de\/newsroom\/wordpress\/wp-content\/uploads\/2021\/10\/21_11_Ando_1_K-768x559.jpg 768w, https:\/\/www.pr-neu.de\/newsroom\/wordpress\/wp-content\/uploads\/2021\/10\/21_11_Ando_1_K-1536x1119.jpg 1536w, https:\/\/www.pr-neu.de\/newsroom\/wordpress\/wp-content\/uploads\/2021\/10\/21_11_Ando_1_K-2048x1492.jpg 2048w, https:\/\/www.pr-neu.de\/newsroom\/wordpress\/wp-content\/uploads\/2021\/10\/21_11_Ando_1_K-110x80.jpg 110w, https:\/\/www.pr-neu.de\/newsroom\/wordpress\/wp-content\/uploads\/2021\/10\/21_11_Ando_1_K-420x306.jpg 420w, https:\/\/www.pr-neu.de\/newsroom\/wordpress\/wp-content\/uploads\/2021\/10\/21_11_Ando_1_K-590x430.jpg 590w\" sizes=\"auto, (max-width: 300px) 100vw, 300px\" \/><\/a><\/p>\n<p style=\"text-align: center;\"><em>Glas, Beton und klare Linien: Die Architektur Tadao Andos setzt auf eine klare Formensprache und puristische Materialwahl.<\/em><\/p>\n<p>&nbsp;<\/p>\n<p><a href=\"http:\/\/www.pr-neu.de\/newsroom\/wordpress\/wp-content\/uploads\/2021\/10\/21_11_Ando_2_K.jpg\" target=\"_blank\" rel=\"noopener\"><img loading=\"lazy\" decoding=\"async\" class=\"aligncenter wp-image-14425 size-medium\" src=\"http:\/\/www.pr-neu.de\/newsroom\/wordpress\/wp-content\/uploads\/2021\/10\/21_11_Ando_2_K-300x199.jpg\" alt=\"\" width=\"300\" height=\"199\" srcset=\"https:\/\/www.pr-neu.de\/newsroom\/wordpress\/wp-content\/uploads\/2021\/10\/21_11_Ando_2_K-300x199.jpg 300w, https:\/\/www.pr-neu.de\/newsroom\/wordpress\/wp-content\/uploads\/2021\/10\/21_11_Ando_2_K-1024x681.jpg 1024w, https:\/\/www.pr-neu.de\/newsroom\/wordpress\/wp-content\/uploads\/2021\/10\/21_11_Ando_2_K-768x510.jpg 768w, https:\/\/www.pr-neu.de\/newsroom\/wordpress\/wp-content\/uploads\/2021\/10\/21_11_Ando_2_K-1536x1021.jpg 1536w, https:\/\/www.pr-neu.de\/newsroom\/wordpress\/wp-content\/uploads\/2021\/10\/21_11_Ando_2_K-2048x1361.jpg 2048w, https:\/\/www.pr-neu.de\/newsroom\/wordpress\/wp-content\/uploads\/2021\/10\/21_11_Ando_2_K-110x73.jpg 110w, https:\/\/www.pr-neu.de\/newsroom\/wordpress\/wp-content\/uploads\/2021\/10\/21_11_Ando_2_K-420x279.jpg 420w, https:\/\/www.pr-neu.de\/newsroom\/wordpress\/wp-content\/uploads\/2021\/10\/21_11_Ando_2_K-647x430.jpg 647w\" sizes=\"auto, (max-width: 300px) 100vw, 300px\" \/><\/a><\/p>\n<p style=\"text-align: center;\"><em>Die klare Struktur ist auch in der Innenarchitektur abzulesen. Betonw\u00e4nde wurden vor Ort geschalt, Ankerl\u00f6cher blieben bewusst erhalten.<\/em><\/p>\n<p>&nbsp;<\/p>\n<p>&nbsp;<\/p>\n<p><a href=\"http:\/\/www.pr-neu.de\/newsroom\/wordpress\/wp-content\/uploads\/2021\/10\/21_11_Ando_3a_K.jpg\" target=\"_blank\" rel=\"noopener\"><img loading=\"lazy\" decoding=\"async\" class=\"aligncenter wp-image-14426 size-medium\" src=\"http:\/\/www.pr-neu.de\/newsroom\/wordpress\/wp-content\/uploads\/2021\/10\/21_11_Ando_3a_K-201x300.jpg\" alt=\"\" width=\"201\" height=\"300\" srcset=\"https:\/\/www.pr-neu.de\/newsroom\/wordpress\/wp-content\/uploads\/2021\/10\/21_11_Ando_3a_K-201x300.jpg 201w, https:\/\/www.pr-neu.de\/newsroom\/wordpress\/wp-content\/uploads\/2021\/10\/21_11_Ando_3a_K-687x1024.jpg 687w, https:\/\/www.pr-neu.de\/newsroom\/wordpress\/wp-content\/uploads\/2021\/10\/21_11_Ando_3a_K-768x1145.jpg 768w, https:\/\/www.pr-neu.de\/newsroom\/wordpress\/wp-content\/uploads\/2021\/10\/21_11_Ando_3a_K-1030x1536.jpg 1030w, https:\/\/www.pr-neu.de\/newsroom\/wordpress\/wp-content\/uploads\/2021\/10\/21_11_Ando_3a_K-1374x2048.jpg 1374w, https:\/\/www.pr-neu.de\/newsroom\/wordpress\/wp-content\/uploads\/2021\/10\/21_11_Ando_3a_K-74x110.jpg 74w, https:\/\/www.pr-neu.de\/newsroom\/wordpress\/wp-content\/uploads\/2021\/10\/21_11_Ando_3a_K-282x420.jpg 282w, https:\/\/www.pr-neu.de\/newsroom\/wordpress\/wp-content\/uploads\/2021\/10\/21_11_Ando_3a_K-288x430.jpg 288w, https:\/\/www.pr-neu.de\/newsroom\/wordpress\/wp-content\/uploads\/2021\/10\/21_11_Ando_3a_K.jpg 1610w\" sizes=\"auto, (max-width: 201px) 100vw, 201px\" \/><\/a><\/p>\n<p><a href=\"http:\/\/www.pr-neu.de\/newsroom\/wordpress\/wp-content\/uploads\/2021\/10\/21_11_Ando_3b_K.jpg\" target=\"_blank\" rel=\"noopener\"><img loading=\"lazy\" decoding=\"async\" class=\"aligncenter wp-image-14427 size-medium\" src=\"http:\/\/www.pr-neu.de\/newsroom\/wordpress\/wp-content\/uploads\/2021\/10\/21_11_Ando_3b_K-300x199.jpg\" alt=\"\" width=\"300\" height=\"199\" srcset=\"https:\/\/www.pr-neu.de\/newsroom\/wordpress\/wp-content\/uploads\/2021\/10\/21_11_Ando_3b_K-300x199.jpg 300w, https:\/\/www.pr-neu.de\/newsroom\/wordpress\/wp-content\/uploads\/2021\/10\/21_11_Ando_3b_K-1024x678.jpg 1024w, https:\/\/www.pr-neu.de\/newsroom\/wordpress\/wp-content\/uploads\/2021\/10\/21_11_Ando_3b_K-768x508.jpg 768w, https:\/\/www.pr-neu.de\/newsroom\/wordpress\/wp-content\/uploads\/2021\/10\/21_11_Ando_3b_K-1536x1017.jpg 1536w, https:\/\/www.pr-neu.de\/newsroom\/wordpress\/wp-content\/uploads\/2021\/10\/21_11_Ando_3b_K-2048x1356.jpg 2048w, https:\/\/www.pr-neu.de\/newsroom\/wordpress\/wp-content\/uploads\/2021\/10\/21_11_Ando_3b_K-110x73.jpg 110w, https:\/\/www.pr-neu.de\/newsroom\/wordpress\/wp-content\/uploads\/2021\/10\/21_11_Ando_3b_K-420x278.jpg 420w, https:\/\/www.pr-neu.de\/newsroom\/wordpress\/wp-content\/uploads\/2021\/10\/21_11_Ando_3b_K-649x430.jpg 649w\" sizes=\"auto, (max-width: 300px) 100vw, 300px\" \/><\/a><\/p>\n<p><a href=\"http:\/\/www.pr-neu.de\/newsroom\/wordpress\/wp-content\/uploads\/2021\/10\/21_11_Ando_3c_K.jpg\" target=\"_blank\" rel=\"noopener\"><img loading=\"lazy\" decoding=\"async\" class=\"aligncenter wp-image-14428 size-medium\" src=\"http:\/\/www.pr-neu.de\/newsroom\/wordpress\/wp-content\/uploads\/2021\/10\/21_11_Ando_3c_K-300x201.jpg\" alt=\"\" width=\"300\" height=\"201\" srcset=\"https:\/\/www.pr-neu.de\/newsroom\/wordpress\/wp-content\/uploads\/2021\/10\/21_11_Ando_3c_K-300x201.jpg 300w, https:\/\/www.pr-neu.de\/newsroom\/wordpress\/wp-content\/uploads\/2021\/10\/21_11_Ando_3c_K-1024x684.jpg 1024w, https:\/\/www.pr-neu.de\/newsroom\/wordpress\/wp-content\/uploads\/2021\/10\/21_11_Ando_3c_K-768x513.jpg 768w, https:\/\/www.pr-neu.de\/newsroom\/wordpress\/wp-content\/uploads\/2021\/10\/21_11_Ando_3c_K-1536x1027.jpg 1536w, https:\/\/www.pr-neu.de\/newsroom\/wordpress\/wp-content\/uploads\/2021\/10\/21_11_Ando_3c_K-2048x1369.jpg 2048w, https:\/\/www.pr-neu.de\/newsroom\/wordpress\/wp-content\/uploads\/2021\/10\/21_11_Ando_3c_K-110x74.jpg 110w, https:\/\/www.pr-neu.de\/newsroom\/wordpress\/wp-content\/uploads\/2021\/10\/21_11_Ando_3c_K-420x281.jpg 420w, https:\/\/www.pr-neu.de\/newsroom\/wordpress\/wp-content\/uploads\/2021\/10\/21_11_Ando_3c_K-643x430.jpg 643w\" sizes=\"auto, (max-width: 300px) 100vw, 300px\" \/><\/a><\/p>\n<p style=\"text-align: center;\"><em>Stahl als Werkstoff f\u00fcgt sich harmonisch in die klare Architektursprache ein: Das Schiebetor passt perfekt zum Stil der Weisenburger Zentrale. Technisch erf\u00fcllt es die notwendigen Normen zum Brandschutz \u2013 und bietet mit der Schlupft\u00fcr zus\u00e4tzlichen Komfort im Betrieb.<\/em><\/p>\n<p>&nbsp;<\/p>\n<p><a href=\"http:\/\/www.pr-neu.de\/newsroom\/wordpress\/wp-content\/uploads\/2021\/10\/21_11_Ando_4_K.jpg\" target=\"_blank\" rel=\"noopener\"><img loading=\"lazy\" decoding=\"async\" class=\"wp-image-14429 size-medium aligncenter\" src=\"http:\/\/www.pr-neu.de\/newsroom\/wordpress\/wp-content\/uploads\/2021\/10\/21_11_Ando_4_K-300x199.jpg\" alt=\"\" width=\"300\" height=\"199\" srcset=\"https:\/\/www.pr-neu.de\/newsroom\/wordpress\/wp-content\/uploads\/2021\/10\/21_11_Ando_4_K-300x199.jpg 300w, https:\/\/www.pr-neu.de\/newsroom\/wordpress\/wp-content\/uploads\/2021\/10\/21_11_Ando_4_K-1024x678.jpg 1024w, https:\/\/www.pr-neu.de\/newsroom\/wordpress\/wp-content\/uploads\/2021\/10\/21_11_Ando_4_K-768x508.jpg 768w, https:\/\/www.pr-neu.de\/newsroom\/wordpress\/wp-content\/uploads\/2021\/10\/21_11_Ando_4_K-1536x1017.jpg 1536w, https:\/\/www.pr-neu.de\/newsroom\/wordpress\/wp-content\/uploads\/2021\/10\/21_11_Ando_4_K-2048x1356.jpg 2048w, https:\/\/www.pr-neu.de\/newsroom\/wordpress\/wp-content\/uploads\/2021\/10\/21_11_Ando_4_K-110x73.jpg 110w, https:\/\/www.pr-neu.de\/newsroom\/wordpress\/wp-content\/uploads\/2021\/10\/21_11_Ando_4_K-420x278.jpg 420w, https:\/\/www.pr-neu.de\/newsroom\/wordpress\/wp-content\/uploads\/2021\/10\/21_11_Ando_4_K-649x430.jpg 649w\" sizes=\"auto, (max-width: 300px) 100vw, 300px\" \/><\/a><\/p>\n<p style=\"text-align: center;\"><em>Im Untergeschoss wurde auf Fl\u00e4chenb\u00fcndigkeit verzichtet \u2013 der Optik bei den T\u00fcren tut dies aber dennoch keinen Abbruch.<\/em><\/p>\n<p style=\"text-align: center;\">Alle Bilder: Teckentrup\/Christian Eblenkamp<\/p>\n<p>&nbsp;<\/p>\n<hr \/>\n<p>&nbsp;<\/p>\n<p><strong>Teckentrup: Door Solutions<\/strong><\/p>\n<p>Teckentrup z\u00e4hlt mit den Produktionswerken in Verl-S\u00fcrenheide (Hauptsitz, NRW) und Gro\u00dfz\u00f6beritz (Sachsen-Anhalt) zu den gr\u00f6\u00dften Herstellern von T\u00fcren und Toren in Europa. Insgesamt besch\u00e4ftigt das Unternehmen \u00fcber 850 Mitarbeiter, knapp 550 davon in Verl.<\/p>\n<p>Das in dritter Generation inhabergef\u00fchrte mittelst\u00e4ndische Familienunternehmen hat sich insbesondere den Werten Qualit\u00e4t, Design und Service verpflichtet. St\u00e4ndige Verbesserungen der Produkte und die Entwicklung neuer Technologien sind f\u00fcr Teckentrup selbstverst\u00e4ndlich. F\u00fcr die kontinuierliche Weiterentwicklung wurde im gesamten Unternehmen eine kundenzentrierte Ausrichtung (Customer Centricity) implementiert. So sorgt das Unternehmen daf\u00fcr, dass gemeinsam mit den Partnern stets die beste L\u00f6sung gefunden wird \u2013 hinsichtlich Design, Sicherheit und Service. Das Angebot umfasst Produktl\u00f6sungen aus den Bereichen HOME (Garagentore), PROFESSIONAL (Funktionst\u00fcren), INDUSTRIAL (Industrietore).<\/p>\n<p>Heute verbindet das 1932 gegr\u00fcndete Unternehmen Tradition mit Fortschritt und das stets \u201emade in Germany\u201c. Zahlreiche internationale Zertifizierungen sind die Basis f\u00fcr einen weltweit erfolgreichen Vertrieb der Produkte.<\/p>\n<p>&nbsp;<\/p>\n<hr \/>\n<p>&nbsp;<\/p>\n<p>Abdruck honorarfrei, Belegexemplar erbeten.<\/p>\n","protected":false},"excerpt":{"rendered":"<p>Unternehmenszentrale Weisenburger von Tadao Ando Archetypische Architektur \u2013 daf\u00fcr stehen die Bauten von Tadao Ando. Jetzt hat auch Karlsruhe einen solchen Solit\u00e4r: Die neue Zentrale der Unternehmensgruppe Weisenburger. Ein zeitgem\u00e4\u00dfer Verwaltungsbau, der seine Modernit\u00e4t im Gro\u00dfen und en Detail zeigt: Das ist die neue Firmenzentrale der Unternehmensgruppe Weisenburger in Karlsruhe, entworfen vom japanischen Architekten Tadao [&hellip;]<\/p>\n","protected":false},"author":6,"featured_media":14424,"comment_status":"closed","ping_status":"open","sticky":false,"template":"","format":"standard","meta":{"footnotes":""},"categories":[18],"tags":[1653,1657,1655],"class_list":["post-14423","post","type-post","status-publish","format-standard","has-post-thumbnail","hentry","category-teckentrup","tag-tado-ando","tag-verwaltungsbau","tag-weisenburger"],"_links":{"self":[{"href":"https:\/\/www.pr-neu.de\/newsroom\/wp-json\/wp\/v2\/posts\/14423","targetHints":{"allow":["GET"]}}],"collection":[{"href":"https:\/\/www.pr-neu.de\/newsroom\/wp-json\/wp\/v2\/posts"}],"about":[{"href":"https:\/\/www.pr-neu.de\/newsroom\/wp-json\/wp\/v2\/types\/post"}],"author":[{"embeddable":true,"href":"https:\/\/www.pr-neu.de\/newsroom\/wp-json\/wp\/v2\/users\/6"}],"replies":[{"embeddable":true,"href":"https:\/\/www.pr-neu.de\/newsroom\/wp-json\/wp\/v2\/comments?post=14423"}],"version-history":[{"count":4,"href":"https:\/\/www.pr-neu.de\/newsroom\/wp-json\/wp\/v2\/posts\/14423\/revisions"}],"predecessor-version":[{"id":14433,"href":"https:\/\/www.pr-neu.de\/newsroom\/wp-json\/wp\/v2\/posts\/14423\/revisions\/14433"}],"wp:featuredmedia":[{"embeddable":true,"href":"https:\/\/www.pr-neu.de\/newsroom\/wp-json\/wp\/v2\/media\/14424"}],"wp:attachment":[{"href":"https:\/\/www.pr-neu.de\/newsroom\/wp-json\/wp\/v2\/media?parent=14423"}],"wp:term":[{"taxonomy":"category","embeddable":true,"href":"https:\/\/www.pr-neu.de\/newsroom\/wp-json\/wp\/v2\/categories?post=14423"},{"taxonomy":"post_tag","embeddable":true,"href":"https:\/\/www.pr-neu.de\/newsroom\/wp-json\/wp\/v2\/tags?post=14423"}],"curies":[{"name":"wp","href":"https:\/\/api.w.org\/{rel}","templated":true}]}}