{"id":14419,"date":"2021-10-18T09:24:53","date_gmt":"2021-10-18T07:24:53","guid":{"rendered":"https:\/\/www.pr-neu.de\/newsroom\/?p=14419"},"modified":"2021-10-18T09:24:53","modified_gmt":"2021-10-18T07:24:53","slug":"das-auge-am-tor","status":"publish","type":"post","link":"https:\/\/www.pr-neu.de\/newsroom\/das-auge-am-tor\/","title":{"rendered":"Das Auge am Tor"},"content":{"rendered":"<p><u>Teckentrup: Intelligente Sensoren f\u00fcr Industrietore<\/u><\/p>\n<p><strong>Sicherheit erh\u00f6hen, Fehlausl\u00f6sungen vermeiden: Die intelligenten Antriebe f\u00fcr Industrietore von Teckentrup \u00f6ffnen Tore automatisch und stellen \u00fcber Sensoren sicher, dass sich das Tor nicht ungewollt bewegt, wenn Personen oder Fahrzeuge in der N\u00e4he sind.<\/strong><\/p>\n<p>Die digitalen Steuer- und \u00dcberwachungsger\u00e4te sind modular aufgebaut und bieten in drei Klassen unterschiedliche Services.<\/p>\n<p>Das Grundmodell (Radarbewegungsmelder \u201ebasic2open\u201c) erm\u00f6glicht das automatische \u00d6ffnen von Toren. Das System erkennt die Bewegungen vor dem Tor und ersetzt das \u00d6ffnen von Hand. Personen und Parallelverkehr werden zuverl\u00e4ssig durch die Planar-Antenne erkannt und durch einen pr\u00e4zisen Filter bedarfsweise ausgeblendet \u2013 das minimiert Fehlausl\u00f6sungen. Dabei hilft die intelligente Richtungserkennung, die \u00d6ffnungszyklen zu verringern und Energiekosten zu sparen.<\/p>\n<p><strong>Mehr Komfort mit Infrarot<\/strong><\/p>\n<p>Ein Aktivinfrarot-Anwesenheitssensor erweitert beim Modell \u201eeasy2open\u201c die F\u00e4higkeit, das Vorfeld zus\u00e4tzlich zu \u00fcberwachen und verhindert, dass das Tor ungewollt schlie\u00dft, wenn sich Personen oder Fahrzeuge vor dem Tor befinden.<\/p>\n<p>Noch einen Schritt weiter geht das 3-in-1-System \u201e3D easyscan\u201c mit einem lasergest\u00fctzten Sensor. Sieben sogenannte \u201eLaservorh\u00e4nge\u201c bilden ein dreidimensionales Erfassungsfeld vor dem Tor, \u00fcber das die genauen Ma\u00dfe eines Objektes, dessen Richtung und Geschwindigkeit berechnet werden. Dies optimiert das effektive \u00d6ffnen weiter und erleichtert das \u00dcberwachen und Sch\u00fctzen von Tor, Fahrzeugen und Personen.<\/p>\n<p>Alle Sensoren lassen sich am Ger\u00e4t selbst oder bequem vom Boden aus, mittels einer Fernbedienung, programmieren.<\/p>\n<p>&nbsp;<\/p>\n<hr \/>\n<p style=\"text-align: center;\">\n<p>&nbsp;<\/p>\n<figure id=\"attachment_14420\" aria-describedby=\"caption-attachment-14420\" style=\"width: 300px\" class=\"wp-caption aligncenter\"><a href=\"http:\/\/www.pr-neu.de\/newsroom\/wordpress\/wp-content\/uploads\/2021\/10\/21-12_Torsensoren_K.jpg\" target=\"_blank\" rel=\"noopener\"><img loading=\"lazy\" decoding=\"async\" class=\"wp-image-14420 size-medium\" src=\"http:\/\/www.pr-neu.de\/newsroom\/wordpress\/wp-content\/uploads\/2021\/10\/21-12_Torsensoren_K-300x93.jpg\" alt=\"\" width=\"300\" height=\"93\" srcset=\"https:\/\/www.pr-neu.de\/newsroom\/wordpress\/wp-content\/uploads\/2021\/10\/21-12_Torsensoren_K-300x93.jpg 300w, https:\/\/www.pr-neu.de\/newsroom\/wordpress\/wp-content\/uploads\/2021\/10\/21-12_Torsensoren_K-1024x317.jpg 1024w, https:\/\/www.pr-neu.de\/newsroom\/wordpress\/wp-content\/uploads\/2021\/10\/21-12_Torsensoren_K-768x238.jpg 768w, https:\/\/www.pr-neu.de\/newsroom\/wordpress\/wp-content\/uploads\/2021\/10\/21-12_Torsensoren_K-1536x476.jpg 1536w, https:\/\/www.pr-neu.de\/newsroom\/wordpress\/wp-content\/uploads\/2021\/10\/21-12_Torsensoren_K-2048x635.jpg 2048w, https:\/\/www.pr-neu.de\/newsroom\/wordpress\/wp-content\/uploads\/2021\/10\/21-12_Torsensoren_K-110x34.jpg 110w, https:\/\/www.pr-neu.de\/newsroom\/wordpress\/wp-content\/uploads\/2021\/10\/21-12_Torsensoren_K-420x130.jpg 420w, https:\/\/www.pr-neu.de\/newsroom\/wordpress\/wp-content\/uploads\/2021\/10\/21-12_Torsensoren_K-770x239.jpg 770w\" sizes=\"auto, (max-width: 300px) 100vw, 300px\" \/><\/a><figcaption id=\"caption-attachment-14420\" class=\"wp-caption-text\">\u00a0<\/figcaption><\/figure>\n<p style=\"text-align: center;\"><em>Moderne Tor-Steuerung: Das Basismodell \u201ebasic2open\u201c arbeitet bereits mit<br \/>\nRadar-Technologie und erkennt Querverkehr als nicht relevant (links).<br \/>\nMit \u201eeasy2open\u201c unterst\u00fctzt hochwertige Infrarot-Technik die Feld\u00fcberwachung.<br \/>\nEine lasergest\u00fctzte, dreidimensionale Vorfeld-Erkennung bietet \u201eeasyscan\u201c<br \/>\n\u2013 und damit die gr\u00f6\u00dftm\u00f6gliche Sicherheit f\u00fcr den Torbetrieb mit zugleich<br \/>\noptimierter Effizienz mit Blick auf die \u00d6ffnungszyklen.<\/em><br \/>\nBild: Teckentrup<\/p>\n<p>&nbsp;<\/p>\n<hr \/>\n<p>&nbsp;<\/p>\n<p>Abdruck honorarfrei, Belegexemplar erbeten.<\/p>\n","protected":false},"excerpt":{"rendered":"<p>Teckentrup: Intelligente Sensoren f\u00fcr Industrietore Sicherheit erh\u00f6hen, Fehlausl\u00f6sungen vermeiden: Die intelligenten Antriebe f\u00fcr Industrietore von Teckentrup \u00f6ffnen Tore automatisch und stellen \u00fcber Sensoren sicher, dass sich das Tor nicht ungewollt bewegt, wenn Personen oder Fahrzeuge in der N\u00e4he sind. Die digitalen Steuer- und \u00dcberwachungsger\u00e4te sind modular aufgebaut und bieten in drei Klassen unterschiedliche Services. Das [&hellip;]<\/p>\n","protected":false},"author":6,"featured_media":14420,"comment_status":"closed","ping_status":"open","sticky":false,"template":"","format":"standard","meta":{"footnotes":""},"categories":[18],"tags":[1651,1623,1649,1647,565,580],"class_list":["post-14419","post","type-post","status-publish","format-standard","has-post-thumbnail","hentry","category-teckentrup","tag-arbeitssicherheit","tag-industrie","tag-infrarot","tag-sensoren","tag-teckentrup","tag-tore"],"_links":{"self":[{"href":"https:\/\/www.pr-neu.de\/newsroom\/wp-json\/wp\/v2\/posts\/14419","targetHints":{"allow":["GET"]}}],"collection":[{"href":"https:\/\/www.pr-neu.de\/newsroom\/wp-json\/wp\/v2\/posts"}],"about":[{"href":"https:\/\/www.pr-neu.de\/newsroom\/wp-json\/wp\/v2\/types\/post"}],"author":[{"embeddable":true,"href":"https:\/\/www.pr-neu.de\/newsroom\/wp-json\/wp\/v2\/users\/6"}],"replies":[{"embeddable":true,"href":"https:\/\/www.pr-neu.de\/newsroom\/wp-json\/wp\/v2\/comments?post=14419"}],"version-history":[{"count":1,"href":"https:\/\/www.pr-neu.de\/newsroom\/wp-json\/wp\/v2\/posts\/14419\/revisions"}],"predecessor-version":[{"id":14421,"href":"https:\/\/www.pr-neu.de\/newsroom\/wp-json\/wp\/v2\/posts\/14419\/revisions\/14421"}],"wp:featuredmedia":[{"embeddable":true,"href":"https:\/\/www.pr-neu.de\/newsroom\/wp-json\/wp\/v2\/media\/14420"}],"wp:attachment":[{"href":"https:\/\/www.pr-neu.de\/newsroom\/wp-json\/wp\/v2\/media?parent=14419"}],"wp:term":[{"taxonomy":"category","embeddable":true,"href":"https:\/\/www.pr-neu.de\/newsroom\/wp-json\/wp\/v2\/categories?post=14419"},{"taxonomy":"post_tag","embeddable":true,"href":"https:\/\/www.pr-neu.de\/newsroom\/wp-json\/wp\/v2\/tags?post=14419"}],"curies":[{"name":"wp","href":"https:\/\/api.w.org\/{rel}","templated":true}]}}