{"id":14417,"date":"2021-10-14T15:17:31","date_gmt":"2021-10-14T13:17:31","guid":{"rendered":"https:\/\/www.pr-neu.de\/newsroom\/?p=14417"},"modified":"2021-10-14T15:17:31","modified_gmt":"2021-10-14T13:17:31","slug":"querumer-strasse-vollsperrung-ab-18-oktober","status":"publish","type":"post","link":"https:\/\/www.pr-neu.de\/newsroom\/querumer-strasse-vollsperrung-ab-18-oktober\/","title":{"rendered":"Querumer Stra\u00dfe: Vollsperrung ab 18. Oktober"},"content":{"rendered":"<p><strong><u>Braunschweig, 14. Oktober 2021.<\/u><\/strong> Ab dem 18. Oktober wird die Querumer Stra\u00dfe zwischen Paul-Jonas-Meier-Stra\u00dfe und Johannes-Beste-Weg voll gesperrt. Eine Umleitungsstrecke \u00fcber Berliner Stra\u00dfe und Friedrich-Voigtl\u00e4nder-Stra\u00dfe wird ausgeschildert. Die Paul-Jonas-Meier-Stra\u00dfe bleibt weiterhin \u00fcber die Berliner Stra\u00dfe erreichbar. Bis zum Johannes-Beste-Weg bleibt die Querumer Stra\u00dfe von der Friedrich-Voigtl\u00e4nder-Stra\u00dfe aus befahrbar. Die Zufahrt zu den Grundst\u00fccken wird weitestgehend aufrecht gehalten. Der Fu\u00dfg\u00e4nger- und Radfahrerverkehr\u00a0wird durch entsprechende Baustellenabsperrungen gesichert an der Baustelle vorbei gef\u00fchrt. Die Vollsperrung dauert bis zum Fr\u00fchjahr 2022 \u2013 mit dem dritten Bauabschnitt der Kanalsanierung wird die Querumer Stra\u00dfe dann wieder halbseitig befahrbar sein.<\/p>\n<p>F\u00fcr die Einschr\u00e4nkungen bittet die SE|BS um Verst\u00e4ndnis.<\/p>\n<p><strong>Hintergrund<\/strong><br \/>\nSeit August saniert die Stadtentw\u00e4sserung Braunschweig GmbH (SE|BS) die Kan\u00e4le an der Querumer Stra\u00dfe. Die Arbeiten sind geplant bis Sommer 2022. Um ein sicheres Arbeiten sowie die Sicherheit der Verkehrsteilnehmer zu gew\u00e4hrleisten, ist die Vollsperrung notwendig. Der dritte Bauabschnitt \u2013 Ferdinand-Speer- bis Friedrich-Voigtl\u00e4nder-Stra\u00dfe \u2013 erfolgt wieder mit nur halbseitiger Sperrung. Den genauen Termin f\u00fcr den finalen Bauabschnitt gibt die SE|BS rechtzeitig bekannt.<\/p>\n<p>&nbsp;<\/p>\n<hr \/>\n<p>&nbsp;<\/p>\n<p><strong>SE|BS-Pressestelle<\/strong><br \/>\npr neu &#8211; gedacht<\/p>\n<p>Telefon: 05307 80093 \u2013 80<br \/>\nFax: 05307 80093 \u2013 69<br \/>\nE-Mail: &#105;&#x6e;&#x66;o&#64;&#x70;&#x72;-&#110;&#x65;u&#46;&#x64;&#x65;<br \/>\nInternet: www.pr-neu.de<\/p>\n","protected":false},"excerpt":{"rendered":"<p>Braunschweig, 14. Oktober 2021. Ab dem 18. Oktober wird die Querumer Stra\u00dfe zwischen Paul-Jonas-Meier-Stra\u00dfe und Johannes-Beste-Weg voll gesperrt. Eine Umleitungsstrecke \u00fcber Berliner Stra\u00dfe und Friedrich-Voigtl\u00e4nder-Stra\u00dfe wird ausgeschildert. Die Paul-Jonas-Meier-Stra\u00dfe bleibt weiterhin \u00fcber die Berliner Stra\u00dfe erreichbar. Bis zum Johannes-Beste-Weg bleibt die Querumer Stra\u00dfe von der Friedrich-Voigtl\u00e4nder-Stra\u00dfe aus befahrbar. Die Zufahrt zu den Grundst\u00fccken wird weitestgehend [&hellip;]<\/p>\n","protected":false},"author":6,"featured_media":8697,"comment_status":"closed","ping_status":"open","sticky":false,"template":"","format":"standard","meta":{"footnotes":""},"categories":[1517],"tags":[],"class_list":["post-14417","post","type-post","status-publish","format-standard","has-post-thumbnail","hentry","category-sebs"],"_links":{"self":[{"href":"https:\/\/www.pr-neu.de\/newsroom\/wp-json\/wp\/v2\/posts\/14417","targetHints":{"allow":["GET"]}}],"collection":[{"href":"https:\/\/www.pr-neu.de\/newsroom\/wp-json\/wp\/v2\/posts"}],"about":[{"href":"https:\/\/www.pr-neu.de\/newsroom\/wp-json\/wp\/v2\/types\/post"}],"author":[{"embeddable":true,"href":"https:\/\/www.pr-neu.de\/newsroom\/wp-json\/wp\/v2\/users\/6"}],"replies":[{"embeddable":true,"href":"https:\/\/www.pr-neu.de\/newsroom\/wp-json\/wp\/v2\/comments?post=14417"}],"version-history":[{"count":1,"href":"https:\/\/www.pr-neu.de\/newsroom\/wp-json\/wp\/v2\/posts\/14417\/revisions"}],"predecessor-version":[{"id":14418,"href":"https:\/\/www.pr-neu.de\/newsroom\/wp-json\/wp\/v2\/posts\/14417\/revisions\/14418"}],"wp:featuredmedia":[{"embeddable":true,"href":"https:\/\/www.pr-neu.de\/newsroom\/wp-json\/wp\/v2\/media\/8697"}],"wp:attachment":[{"href":"https:\/\/www.pr-neu.de\/newsroom\/wp-json\/wp\/v2\/media?parent=14417"}],"wp:term":[{"taxonomy":"category","embeddable":true,"href":"https:\/\/www.pr-neu.de\/newsroom\/wp-json\/wp\/v2\/categories?post=14417"},{"taxonomy":"post_tag","embeddable":true,"href":"https:\/\/www.pr-neu.de\/newsroom\/wp-json\/wp\/v2\/tags?post=14417"}],"curies":[{"name":"wp","href":"https:\/\/api.w.org\/{rel}","templated":true}]}}